{"id":221144,"date":"2017-07-02T11:05:04","date_gmt":"2017-07-02T09:05:04","guid":{"rendered":"http:\/\/grundschule-homberg.de\/wp\/?p=221144"},"modified":"2017-07-02T11:06:06","modified_gmt":"2017-07-02T09:06:06","slug":"auffuehrrung-des-schulchores","status":"publish","type":"post","link":"https:\/\/grundschule-homberg.de\/wp\/?p=221144","title":{"rendered":"Auff\u00fchrung des Schulchores"},"content":{"rendered":"<p>Am Mittwoch, den 28.7.2017 konnten die Kinder des Schulchores zeigen, was sie innerhalb des letzten Schuljahres gelernt hatten. Sie sangen und musizierten zu einem St\u00fcck nach Ritter Rost.<\/p>\n<p>Gro\u00dfen Beifall und Zugabe-Rufe erhielten die flei\u00dfigen S\u00e4ngerinnen und S\u00e4nger von ihren Mitsch\u00fclern, die das St\u00fcck in zwei Vorstellungen am Vormittag besuchen konnten. Auch die Schulanf\u00e4nger aus den Kinderg\u00e4rten waren eingeladen.<\/p>\n<p>Am Nachmittag konnten sich dann die Eltern und Familien \u00fcberzeugen, dass die Kinder mit gro\u00dfer Freude und Engagement im Chor singen und lobten die gelungenen Auff\u00fchrung mit viel Beifall.<\/p>\n<p><a href=\"https:\/\/i0.wp.com\/grundschule-homberg.de\/wp\/wp-content\/uploads\/2017\/07\/k-IMG-20170628-WA0008.jpg\" target=\"_blank\" rel=\"noopener\"><img data-recalc-dims=\"1\" loading=\"lazy\" decoding=\"async\" width=\"150\" height=\"84\" class=\"alignleft wp-image-221142 size-thumbnail\" alt=\"\" src=\"https:\/\/i0.wp.com\/grundschule-homberg.de\/wp\/wp-content\/uploads\/2017\/07\/k-IMG-20170628-WA0008-150x84.jpg?resize=150%2C84\" srcset=\"https:\/\/i0.wp.com\/grundschule-homberg.de\/wp\/wp-content\/uploads\/2017\/07\/k-IMG-20170628-WA0008.jpg?resize=150%2C84&amp;ssl=1 150w, https:\/\/i0.wp.com\/grundschule-homberg.de\/wp\/wp-content\/uploads\/2017\/07\/k-IMG-20170628-WA0008.jpg?resize=300%2C169&amp;ssl=1 300w, https:\/\/i0.wp.com\/grundschule-homberg.de\/wp\/wp-content\/uploads\/2017\/07\/k-IMG-20170628-WA0008.jpg?resize=768%2C432&amp;ssl=1 768w, https:\/\/i0.wp.com\/grundschule-homberg.de\/wp\/wp-content\/uploads\/2017\/07\/k-IMG-20170628-WA0008.jpg?w=1024&amp;ssl=1 1024w\" sizes=\"auto, (max-width: 150px) 100vw, 150px\" \/><\/a> <a href=\"https:\/\/i0.wp.com\/grundschule-homberg.de\/wp\/wp-content\/uploads\/2017\/07\/k-IMG-20170628-WA0007.jpg\" target=\"_blank\" rel=\"noopener\"><img data-recalc-dims=\"1\" loading=\"lazy\" decoding=\"async\" width=\"150\" height=\"84\" class=\"alignleft wp-image-221141 size-thumbnail\" alt=\"\" src=\"https:\/\/i0.wp.com\/grundschule-homberg.de\/wp\/wp-content\/uploads\/2017\/07\/k-IMG-20170628-WA0007-150x84.jpg?resize=150%2C84\" srcset=\"https:\/\/i0.wp.com\/grundschule-homberg.de\/wp\/wp-content\/uploads\/2017\/07\/k-IMG-20170628-WA0007.jpg?resize=150%2C84&amp;ssl=1 150w, https:\/\/i0.wp.com\/grundschule-homberg.de\/wp\/wp-content\/uploads\/2017\/07\/k-IMG-20170628-WA0007.jpg?resize=300%2C169&amp;ssl=1 300w, https:\/\/i0.wp.com\/grundschule-homberg.de\/wp\/wp-content\/uploads\/2017\/07\/k-IMG-20170628-WA0007.jpg?resize=768%2C432&amp;ssl=1 768w, https:\/\/i0.wp.com\/grundschule-homberg.de\/wp\/wp-content\/uploads\/2017\/07\/k-IMG-20170628-WA0007.jpg?w=1024&amp;ssl=1 1024w\" sizes=\"auto, (max-width: 150px) 100vw, 150px\" \/><\/a> <a href=\"https:\/\/i0.wp.com\/grundschule-homberg.de\/wp\/wp-content\/uploads\/2017\/07\/k-IMG-20170628-WA0006.jpg\" target=\"_blank\" rel=\"noopener\"><img data-recalc-dims=\"1\" loading=\"lazy\" decoding=\"async\" width=\"150\" height=\"84\" class=\"alignleft wp-image-221140 size-thumbnail\" alt=\"\" src=\"https:\/\/i0.wp.com\/grundschule-homberg.de\/wp\/wp-content\/uploads\/2017\/07\/k-IMG-20170628-WA0006-150x84.jpg?resize=150%2C84\" srcset=\"https:\/\/i0.wp.com\/grundschule-homberg.de\/wp\/wp-content\/uploads\/2017\/07\/k-IMG-20170628-WA0006.jpg?resize=150%2C84&amp;ssl=1 150w, https:\/\/i0.wp.com\/grundschule-homberg.de\/wp\/wp-content\/uploads\/2017\/07\/k-IMG-20170628-WA0006.jpg?resize=300%2C169&amp;ssl=1 300w, https:\/\/i0.wp.com\/grundschule-homberg.de\/wp\/wp-content\/uploads\/2017\/07\/k-IMG-20170628-WA0006.jpg?resize=768%2C432&amp;ssl=1 768w, https:\/\/i0.wp.com\/grundschule-homberg.de\/wp\/wp-content\/uploads\/2017\/07\/k-IMG-20170628-WA0006.jpg?w=1024&amp;ssl=1 1024w\" sizes=\"auto, (max-width: 150px) 100vw, 150px\" \/><\/a> <a href=\"https:\/\/i0.wp.com\/grundschule-homberg.de\/wp\/wp-content\/uploads\/2017\/07\/k-IMG-20170628-WA0005.jpg\" target=\"_blank\" rel=\"noopener\"><img data-recalc-dims=\"1\" loading=\"lazy\" decoding=\"async\" width=\"150\" height=\"113\" class=\"alignleft wp-image-221139 size-thumbnail\" alt=\"\" src=\"https:\/\/i0.wp.com\/grundschule-homberg.de\/wp\/wp-content\/uploads\/2017\/07\/k-IMG-20170628-WA0005-150x113.jpg?resize=150%2C113\" srcset=\"https:\/\/i0.wp.com\/grundschule-homberg.de\/wp\/wp-content\/uploads\/2017\/07\/k-IMG-20170628-WA0005.jpg?resize=150%2C113&amp;ssl=1 150w, https:\/\/i0.wp.com\/grundschule-homberg.de\/wp\/wp-content\/uploads\/2017\/07\/k-IMG-20170628-WA0005.jpg?resize=300%2C225&amp;ssl=1 300w, https:\/\/i0.wp.com\/grundschule-homberg.de\/wp\/wp-content\/uploads\/2017\/07\/k-IMG-20170628-WA0005.jpg?resize=768%2C576&amp;ssl=1 768w, https:\/\/i0.wp.com\/grundschule-homberg.de\/wp\/wp-content\/uploads\/2017\/07\/k-IMG-20170628-WA0005.jpg?w=1024&amp;ssl=1 1024w\" sizes=\"auto, (max-width: 150px) 100vw, 150px\" \/><\/a> <a href=\"https:\/\/i0.wp.com\/grundschule-homberg.de\/wp\/wp-content\/uploads\/2017\/07\/k-IMG-20170628-WA0004.jpg\" target=\"_blank\" rel=\"noopener\"><img data-recalc-dims=\"1\" loading=\"lazy\" decoding=\"async\" width=\"150\" height=\"113\" class=\"alignleft wp-image-221138 size-thumbnail\" alt=\"\" src=\"https:\/\/i0.wp.com\/grundschule-homberg.de\/wp\/wp-content\/uploads\/2017\/07\/k-IMG-20170628-WA0004-150x113.jpg?resize=150%2C113\" srcset=\"https:\/\/i0.wp.com\/grundschule-homberg.de\/wp\/wp-content\/uploads\/2017\/07\/k-IMG-20170628-WA0004.jpg?resize=150%2C113&amp;ssl=1 150w, https:\/\/i0.wp.com\/grundschule-homberg.de\/wp\/wp-content\/uploads\/2017\/07\/k-IMG-20170628-WA0004.jpg?resize=300%2C225&amp;ssl=1 300w, https:\/\/i0.wp.com\/grundschule-homberg.de\/wp\/wp-content\/uploads\/2017\/07\/k-IMG-20170628-WA0004.jpg?resize=768%2C576&amp;ssl=1 768w, https:\/\/i0.wp.com\/grundschule-homberg.de\/wp\/wp-content\/uploads\/2017\/07\/k-IMG-20170628-WA0004.jpg?w=1024&amp;ssl=1 1024w\" sizes=\"auto, (max-width: 150px) 100vw, 150px\" \/><\/a> <a href=\"https:\/\/i0.wp.com\/grundschule-homberg.de\/wp\/wp-content\/uploads\/2017\/07\/k-IMG-20170628-WA0003.jpg\" target=\"_blank\" rel=\"noopener\"><img data-recalc-dims=\"1\" loading=\"lazy\" decoding=\"async\" width=\"150\" height=\"113\" class=\"alignleft wp-image-221137 size-thumbnail\" alt=\"\" src=\"https:\/\/i0.wp.com\/grundschule-homberg.de\/wp\/wp-content\/uploads\/2017\/07\/k-IMG-20170628-WA0003-150x113.jpg?resize=150%2C113\" srcset=\"https:\/\/i0.wp.com\/grundschule-homberg.de\/wp\/wp-content\/uploads\/2017\/07\/k-IMG-20170628-WA0003.jpg?resize=150%2C113&amp;ssl=1 150w, https:\/\/i0.wp.com\/grundschule-homberg.de\/wp\/wp-content\/uploads\/2017\/07\/k-IMG-20170628-WA0003.jpg?resize=300%2C225&amp;ssl=1 300w, https:\/\/i0.wp.com\/grundschule-homberg.de\/wp\/wp-content\/uploads\/2017\/07\/k-IMG-20170628-WA0003.jpg?resize=768%2C576&amp;ssl=1 768w, https:\/\/i0.wp.com\/grundschule-homberg.de\/wp\/wp-content\/uploads\/2017\/07\/k-IMG-20170628-WA0003.jpg?w=1024&amp;ssl=1 1024w\" sizes=\"auto, (max-width: 150px) 100vw, 150px\" \/><\/a> <a href=\"https:\/\/i0.wp.com\/grundschule-homberg.de\/wp\/wp-content\/uploads\/2017\/07\/k-IMG-20170628-WA0002.jpg\" target=\"_blank\" rel=\"noopener\"><img data-recalc-dims=\"1\" loading=\"lazy\" decoding=\"async\" width=\"150\" height=\"113\" class=\"alignleft wp-image-221136 size-thumbnail\" alt=\"\" src=\"https:\/\/i0.wp.com\/grundschule-homberg.de\/wp\/wp-content\/uploads\/2017\/07\/k-IMG-20170628-WA0002-150x113.jpg?resize=150%2C113\" srcset=\"https:\/\/i0.wp.com\/grundschule-homberg.de\/wp\/wp-content\/uploads\/2017\/07\/k-IMG-20170628-WA0002.jpg?resize=150%2C113&amp;ssl=1 150w, https:\/\/i0.wp.com\/grundschule-homberg.de\/wp\/wp-content\/uploads\/2017\/07\/k-IMG-20170628-WA0002.jpg?resize=300%2C225&amp;ssl=1 300w, https:\/\/i0.wp.com\/grundschule-homberg.de\/wp\/wp-content\/uploads\/2017\/07\/k-IMG-20170628-WA0002.jpg?resize=768%2C576&amp;ssl=1 768w, https:\/\/i0.wp.com\/grundschule-homberg.de\/wp\/wp-content\/uploads\/2017\/07\/k-IMG-20170628-WA0002.jpg?w=1024&amp;ssl=1 1024w\" sizes=\"auto, (max-width: 150px) 100vw, 150px\" \/><\/a><\/p>\n<p>&nbsp;<\/p>\n","protected":false},"excerpt":{"rendered":"<p>Am Mittwoch, den 28.7.2017 konnten die Kinder des Schulchores zeigen, was sie innerhalb des letzten Schuljahres gelernt hatten. Sie sangen und musizierten zu einem St\u00fcck nach Ritter Rost. Gro\u00dfen Beifall und Zugabe-Rufe erhielten die flei\u00dfigen S\u00e4ngerinnen und S\u00e4nger von ihren Mitsch\u00fclern, die das St\u00fcck in zwei Vorstellungen am Vormittag besuchen konnten. Auch die Schulanf\u00e4nger aus &hellip; <a href=\"https:\/\/grundschule-homberg.de\/wp\/?p=221144\" class=\"more-link\"><span class=\"screen-reader-text\">Auff\u00fchrung des Schulchores<\/span> weiterlesen <span class=\"meta-nav\">&rarr;<\/span><\/a><\/p>\n","protected":false},"author":1,"featured_media":221142,"comment_status":"closed","ping_status":"closed","sticky":false,"template":"","format":"standard","meta":{"ngg_post_thumbnail":0,"_jetpack_memberships_contains_paid_content":false,"footnotes":""},"categories":[25,1],"tags":[],"class_list":["post-221144","post","type-post","status-publish","format-standard","has-post-thumbnail","hentry","category-ags","category-allgemein"],"jetpack_featured_media_url":"https:\/\/i0.wp.com\/grundschule-homberg.de\/wp\/wp-content\/uploads\/2017\/07\/k-IMG-20170628-WA0008.jpg?fit=1024%2C576&ssl=1","jetpack_shortlink":"https:\/\/wp.me\/p3XuEZ-VwQ","jetpack-related-posts":[],"jetpack_sharing_enabled":true,"_links":{"self":[{"href":"https:\/\/grundschule-homberg.de\/wp\/index.php?rest_route=\/wp\/v2\/posts\/221144","targetHints":{"allow":["GET"]}}],"collection":[{"href":"https:\/\/grundschule-homberg.de\/wp\/index.php?rest_route=\/wp\/v2\/posts"}],"about":[{"href":"https:\/\/grundschule-homberg.de\/wp\/index.php?rest_route=\/wp\/v2\/types\/post"}],"author":[{"embeddable":true,"href":"https:\/\/grundschule-homberg.de\/wp\/index.php?rest_route=\/wp\/v2\/users\/1"}],"replies":[{"embeddable":true,"href":"https:\/\/grundschule-homberg.de\/wp\/index.php?rest_route=%2Fwp%2Fv2%2Fcomments&post=221144"}],"version-history":[{"count":3,"href":"https:\/\/grundschule-homberg.de\/wp\/index.php?rest_route=\/wp\/v2\/posts\/221144\/revisions"}],"predecessor-version":[{"id":221152,"href":"https:\/\/grundschule-homberg.de\/wp\/index.php?rest_route=\/wp\/v2\/posts\/221144\/revisions\/221152"}],"wp:featuredmedia":[{"embeddable":true,"href":"https:\/\/grundschule-homberg.de\/wp\/index.php?rest_route=\/wp\/v2\/media\/221142"}],"wp:attachment":[{"href":"https:\/\/grundschule-homberg.de\/wp\/index.php?rest_route=%2Fwp%2Fv2%2Fmedia&parent=221144"}],"wp:term":[{"taxonomy":"category","embeddable":true,"href":"https:\/\/grundschule-homberg.de\/wp\/index.php?rest_route=%2Fwp%2Fv2%2Fcategories&post=221144"},{"taxonomy":"post_tag","embeddable":true,"href":"https:\/\/grundschule-homberg.de\/wp\/index.php?rest_route=%2Fwp%2Fv2%2Ftags&post=221144"}],"curies":[{"name":"wp","href":"https:\/\/api.w.org\/{rel}","templated":true}]}}