{"id":221147,"date":"2017-07-02T11:04:26","date_gmt":"2017-07-02T09:04:26","guid":{"rendered":"http:\/\/grundschule-homberg.de\/wp\/?p=221147"},"modified":"2017-07-02T11:04:26","modified_gmt":"2017-07-02T09:04:26","slug":"bundesjugendspiele-2017","status":"publish","type":"post","link":"https:\/\/grundschule-homberg.de\/wp\/?p=221147","title":{"rendered":"Bundesjugendspiele 2017"},"content":{"rendered":"<p><span style=\"font-size: 14pt;\"><strong><span style=\"color: #000000; font-family: Calibri;\">Verleihung der Urkunden<\/span><\/strong><\/span><\/p>\n<p><span style=\"color: #000000; font-family: Calibri;\">In einer kleinen Feierstunde am 26.6.2017 wurden die Teilnehmer-, Sieger- und Ehrenurkunden der diesj\u00e4hrigen Bundesjugendspiele verliehen. Der sportliche Wettkampf fand am 2.6.17 bei bestem Wetter auf dem Sportgel\u00e4nde an der Altenstadt statt. <\/span><\/p>\n<p><span style=\"color: #000000; font-family: Calibri;\">Die Kinder der Grundschule mussten hierbei zahlreiche Spiel- und Bewegungsstationen absolvieren. Die klassischen Wettk\u00e4mpfe Laufen-Springen-Werfen wurden dabei in die Bewertung f\u00fcr die Bundesjugendspiele gerechnet. Spiel- und Spa\u00dfangebote sorgten daf\u00fcr, dass es nie langweilig wurde. Dank der Mithilfe zahlreicher Eltern wurde das Sportfest zu einer gelungenen Veranstaltung <\/span><span style=\"color: #000000; font-family: Calibri;\">&nbsp;<\/span><\/p>\n<p><span style=\"color: #000000; font-family: Calibri;\">&nbsp;<\/span><\/p>\n<p><span style=\"color: #000000; font-family: Calibri;\">Es wurden<\/span><span style=\"color: #000000; font-family: Calibri;\">&nbsp; <\/span><span style=\"color: #000000; font-family: Calibri;\">Ehrenurkunden,<\/span><span style=\"color: #000000; font-family: Calibri;\">&nbsp; <\/span><span style=\"color: #000000; font-family: Calibri;\">Siegerurkunden und<\/span><span style=\"color: #000000; font-family: Calibri;\">&nbsp; <\/span><span style=\"color: #000000; font-family: Calibri;\">Teilnehmerurkunden verliehen<\/span><\/p>\n<p><span style=\"color: #000000; font-family: Calibri;\">Ehrenurkunden erhielten: (Jahrgang 1, nicht offiziell: Aaron Haak, Tiana Hallama,)<\/span><\/p>\n<p><span style=\"color: #000000; font-family: Calibri;\">Jahrgang 2: Joris Schneucker, Erik Mai\u00df, Ben Heilmann, Merle Sophie Metz, Laurenz Erkel, Max Wolf, Lukas Luo, <\/span><\/p>\n<p><span style=\"color: #000000; font-family: Calibri;\">Jahrgang 3: Finley Elias Bomm, Michel Metz, Santiago Lopez, Jon Lather, Neele Balzer, Stephan Reinhardt, Elija Ruppert<\/span><\/p>\n<p><span style=\"color: #000000; font-family: Calibri;\">Jahrgang 4: Lissy Luo, Lasse Morneweg<\/span><\/p>\n<p><span style=\"color: #000000; font-family: Calibri;\">&nbsp;<\/span><\/p>\n<p><span style=\"color: #000000; font-family: Calibri;\">Im abschlie\u00dfenden Staffellauf der Grundschule wurden folgende Ergebnisse errungen:<\/span><\/p>\n<p><span style=\"color: #000000; font-family: Calibri;\">Jahrgang 1: 1. 1c <\/span><span style=\"color: #000000; font-family: Calibri;\">&nbsp;&nbsp;<\/span><span style=\"color: #000000; font-family: Calibri;\">2. 1a<\/span><span style=\"color: #000000; font-family: Calibri;\">&nbsp;&nbsp; <\/span><span style=\"color: #000000; font-family: Calibri;\">&nbsp;<\/span><span style=\"color: #000000; font-family: Calibri;\">3. 1b<\/span><span style=\"color: #000000; font-family: Calibri;\">&nbsp;&nbsp; <\/span><span style=\"color: #000000; font-family: Calibri;\">4. Vorklasse<\/span><span style=\"color: #000000; font-family: Calibri;\">&nbsp; <\/span><\/p>\n<p><span style=\"color: #000000; font-family: Calibri;\">Jahrgang 2: 1. 2c <\/span><span style=\"color: #000000; font-family: Calibri;\">&nbsp;&nbsp;<\/span><span style=\"color: #000000; font-family: Calibri;\">2. 2a <\/span><span style=\"color: #000000; font-family: Calibri;\">&nbsp;&nbsp;<\/span><span style=\"color: #000000; font-family: Calibri;\">&nbsp;<\/span><span style=\"color: #000000; font-family: Calibri;\">3.<\/span><span style=\"color: #000000; font-family: Calibri;\">&nbsp; <\/span><span style=\"color: #000000; font-family: Calibri;\">2b <\/span><\/p>\n<p><span style=\"color: #000000; font-family: Calibri;\">Jahrgang 3: 1.<\/span><span style=\"color: #000000; font-family: Calibri;\">&nbsp; <\/span><span style=\"color: #000000; font-family: Calibri;\">3a<\/span><span style=\"color: #000000; font-family: Calibri;\">&nbsp; <\/span><span style=\"color: #000000; font-family: Calibri;\">2. 3b <\/span><span style=\"color: #000000; font-family: Calibri;\">&nbsp;<\/span><span style=\"color: #000000; font-family: Calibri;\">&nbsp;<\/span><span style=\"color: #000000; font-family: Calibri;\">&nbsp;<\/span><span style=\"color: #000000; font-family: Calibri;\">3. <\/span><span style=\"color: #000000; font-family: Calibri;\">&nbsp;<\/span><span style=\"color: #000000; font-family: Calibri;\">3c <\/span><\/p>\n<p><span style=\"color: #000000; font-family: Calibri;\">Jahrgang 4: 1.<\/span><span style=\"color: #000000; font-family: Calibri;\">&nbsp; <\/span><span style=\"color: #000000; font-family: Calibri;\">4c<\/span><span style=\"color: #000000; font-family: Calibri;\">&nbsp;&nbsp; <\/span><span style=\"color: #000000; font-family: Calibri;\">2.<\/span><span style=\"color: #000000; font-family: Calibri;\">&nbsp; <\/span><span style=\"color: #000000; font-family: Calibri;\">4a<\/span><span style=\"color: #000000; font-family: Calibri;\">&nbsp; <\/span><span style=\"color: #000000; font-family: Calibri;\">3.<\/span><span style=\"color: #000000; font-family: Calibri;\">&nbsp; <\/span><span style=\"color: #000000; font-family: Calibri;\">4b<\/span><\/p>\n<p><a href=\"https:\/\/i0.wp.com\/grundschule-homberg.de\/wp\/wp-content\/uploads\/2017\/06\/k-20170626_094957.jpg\"><img data-recalc-dims=\"1\" loading=\"lazy\" decoding=\"async\" width=\"150\" height=\"84\" class=\"alignleft size-thumbnail wp-image-221114\" alt=\"\" src=\"https:\/\/i0.wp.com\/grundschule-homberg.de\/wp\/wp-content\/uploads\/2017\/06\/k-20170626_094957-150x84.jpg?resize=150%2C84\" srcset=\"https:\/\/i0.wp.com\/grundschule-homberg.de\/wp\/wp-content\/uploads\/2017\/06\/k-20170626_094957.jpg?resize=150%2C84&amp;ssl=1 150w, https:\/\/i0.wp.com\/grundschule-homberg.de\/wp\/wp-content\/uploads\/2017\/06\/k-20170626_094957.jpg?resize=300%2C169&amp;ssl=1 300w, https:\/\/i0.wp.com\/grundschule-homberg.de\/wp\/wp-content\/uploads\/2017\/06\/k-20170626_094957.jpg?resize=768%2C432&amp;ssl=1 768w, https:\/\/i0.wp.com\/grundschule-homberg.de\/wp\/wp-content\/uploads\/2017\/06\/k-20170626_094957.jpg?w=1024&amp;ssl=1 1024w\" sizes=\"auto, (max-width: 150px) 100vw, 150px\" \/><\/a> <a href=\"https:\/\/i0.wp.com\/grundschule-homberg.de\/wp\/wp-content\/uploads\/2017\/06\/k-20170626_100346.jpg\"><img data-recalc-dims=\"1\" loading=\"lazy\" decoding=\"async\" width=\"150\" height=\"84\" class=\"alignleft size-thumbnail wp-image-221113\" alt=\"\" src=\"https:\/\/i0.wp.com\/grundschule-homberg.de\/wp\/wp-content\/uploads\/2017\/06\/k-20170626_100346-150x84.jpg?resize=150%2C84\" srcset=\"https:\/\/i0.wp.com\/grundschule-homberg.de\/wp\/wp-content\/uploads\/2017\/06\/k-20170626_100346.jpg?resize=150%2C84&amp;ssl=1 150w, https:\/\/i0.wp.com\/grundschule-homberg.de\/wp\/wp-content\/uploads\/2017\/06\/k-20170626_100346.jpg?resize=300%2C169&amp;ssl=1 300w, https:\/\/i0.wp.com\/grundschule-homberg.de\/wp\/wp-content\/uploads\/2017\/06\/k-20170626_100346.jpg?resize=768%2C432&amp;ssl=1 768w, https:\/\/i0.wp.com\/grundschule-homberg.de\/wp\/wp-content\/uploads\/2017\/06\/k-20170626_100346.jpg?w=1024&amp;ssl=1 1024w\" sizes=\"auto, (max-width: 150px) 100vw, 150px\" \/><\/a> <a href=\"https:\/\/i0.wp.com\/grundschule-homberg.de\/wp\/wp-content\/uploads\/2017\/06\/k-20170626_100347.jpg\"><img data-recalc-dims=\"1\" loading=\"lazy\" decoding=\"async\" width=\"150\" height=\"84\" class=\"alignleft size-thumbnail wp-image-221112\" alt=\"\" src=\"https:\/\/i0.wp.com\/grundschule-homberg.de\/wp\/wp-content\/uploads\/2017\/06\/k-20170626_100347-150x84.jpg?resize=150%2C84\" srcset=\"https:\/\/i0.wp.com\/grundschule-homberg.de\/wp\/wp-content\/uploads\/2017\/06\/k-20170626_100347.jpg?resize=150%2C84&amp;ssl=1 150w, https:\/\/i0.wp.com\/grundschule-homberg.de\/wp\/wp-content\/uploads\/2017\/06\/k-20170626_100347.jpg?resize=300%2C169&amp;ssl=1 300w, https:\/\/i0.wp.com\/grundschule-homberg.de\/wp\/wp-content\/uploads\/2017\/06\/k-20170626_100347.jpg?resize=768%2C432&amp;ssl=1 768w, https:\/\/i0.wp.com\/grundschule-homberg.de\/wp\/wp-content\/uploads\/2017\/06\/k-20170626_100347.jpg?w=1024&amp;ssl=1 1024w\" sizes=\"auto, (max-width: 150px) 100vw, 150px\" \/><\/a><a href=\"https:\/\/i0.wp.com\/grundschule-homberg.de\/wp\/wp-content\/uploads\/2017\/07\/k-20170626_102719.jpg\"><img data-recalc-dims=\"1\" loading=\"lazy\" decoding=\"async\" width=\"84\" height=\"150\" class=\"alignleft size-thumbnail wp-image-221148\" alt=\"\" src=\"https:\/\/i0.wp.com\/grundschule-homberg.de\/wp\/wp-content\/uploads\/2017\/07\/k-20170626_102719-84x150.jpg?resize=84%2C150\" srcset=\"https:\/\/i0.wp.com\/grundschule-homberg.de\/wp\/wp-content\/uploads\/2017\/07\/k-20170626_102719.jpg?resize=84%2C150&amp;ssl=1 84w, https:\/\/i0.wp.com\/grundschule-homberg.de\/wp\/wp-content\/uploads\/2017\/07\/k-20170626_102719.jpg?resize=169%2C300&amp;ssl=1 169w, https:\/\/i0.wp.com\/grundschule-homberg.de\/wp\/wp-content\/uploads\/2017\/07\/k-20170626_102719.jpg?w=576&amp;ssl=1 576w\" sizes=\"auto, (max-width: 84px) 100vw, 84px\" \/><\/a> <a href=\"https:\/\/i0.wp.com\/grundschule-homberg.de\/wp\/wp-content\/uploads\/2017\/07\/k-20170626_102416.jpg\"><img data-recalc-dims=\"1\" loading=\"lazy\" decoding=\"async\" width=\"150\" height=\"84\" class=\"alignleft size-thumbnail wp-image-221149\" alt=\"\" src=\"https:\/\/i0.wp.com\/grundschule-homberg.de\/wp\/wp-content\/uploads\/2017\/07\/k-20170626_102416-150x84.jpg?resize=150%2C84\" srcset=\"https:\/\/i0.wp.com\/grundschule-homberg.de\/wp\/wp-content\/uploads\/2017\/07\/k-20170626_102416.jpg?resize=150%2C84&amp;ssl=1 150w, https:\/\/i0.wp.com\/grundschule-homberg.de\/wp\/wp-content\/uploads\/2017\/07\/k-20170626_102416.jpg?resize=300%2C169&amp;ssl=1 300w, https:\/\/i0.wp.com\/grundschule-homberg.de\/wp\/wp-content\/uploads\/2017\/07\/k-20170626_102416.jpg?resize=768%2C432&amp;ssl=1 768w, https:\/\/i0.wp.com\/grundschule-homberg.de\/wp\/wp-content\/uploads\/2017\/07\/k-20170626_102416.jpg?w=1024&amp;ssl=1 1024w\" sizes=\"auto, (max-width: 150px) 100vw, 150px\" \/><\/a> <a href=\"https:\/\/i0.wp.com\/grundschule-homberg.de\/wp\/wp-content\/uploads\/2017\/07\/k-20170626_102624.jpg\"><img data-recalc-dims=\"1\" loading=\"lazy\" decoding=\"async\" width=\"150\" height=\"84\" class=\"alignleft size-thumbnail wp-image-221150\" alt=\"\" src=\"https:\/\/i0.wp.com\/grundschule-homberg.de\/wp\/wp-content\/uploads\/2017\/07\/k-20170626_102624-150x84.jpg?resize=150%2C84\" srcset=\"https:\/\/i0.wp.com\/grundschule-homberg.de\/wp\/wp-content\/uploads\/2017\/07\/k-20170626_102624.jpg?resize=150%2C84&amp;ssl=1 150w, https:\/\/i0.wp.com\/grundschule-homberg.de\/wp\/wp-content\/uploads\/2017\/07\/k-20170626_102624.jpg?resize=300%2C169&amp;ssl=1 300w, https:\/\/i0.wp.com\/grundschule-homberg.de\/wp\/wp-content\/uploads\/2017\/07\/k-20170626_102624.jpg?resize=768%2C432&amp;ssl=1 768w, https:\/\/i0.wp.com\/grundschule-homberg.de\/wp\/wp-content\/uploads\/2017\/07\/k-20170626_102624.jpg?w=1024&amp;ssl=1 1024w\" sizes=\"auto, (max-width: 150px) 100vw, 150px\" \/><\/a><\/p>\n<p><span style=\"color: #000000; font-family: Calibri;\">&nbsp;<\/span><\/p>\n","protected":false},"excerpt":{"rendered":"<p>Verleihung der Urkunden In einer kleinen Feierstunde am 26.6.2017 wurden die Teilnehmer-, Sieger- und Ehrenurkunden der diesj\u00e4hrigen Bundesjugendspiele verliehen. Der sportliche Wettkampf fand am 2.6.17 bei bestem Wetter auf dem Sportgel\u00e4nde an der Altenstadt statt. Die Kinder der Grundschule mussten hierbei zahlreiche Spiel- und Bewegungsstationen absolvieren. Die klassischen Wettk\u00e4mpfe Laufen-Springen-Werfen wurden dabei in die Bewertung &hellip; <a href=\"https:\/\/grundschule-homberg.de\/wp\/?p=221147\" class=\"more-link\"><span class=\"screen-reader-text\">Bundesjugendspiele 2017<\/span> weiterlesen <span class=\"meta-nav\">&rarr;<\/span><\/a><\/p>\n","protected":false},"author":1,"featured_media":221149,"comment_status":"closed","ping_status":"closed","sticky":false,"template":"","format":"standard","meta":{"ngg_post_thumbnail":0,"_jetpack_memberships_contains_paid_content":false,"footnotes":""},"categories":[1,20],"tags":[],"class_list":["post-221147","post","type-post","status-publish","format-standard","has-post-thumbnail","hentry","category-allgemein","category-schulleben"],"jetpack_featured_media_url":"https:\/\/i0.wp.com\/grundschule-homberg.de\/wp\/wp-content\/uploads\/2017\/07\/k-20170626_102416.jpg?fit=1024%2C576&ssl=1","jetpack_shortlink":"https:\/\/wp.me\/p3XuEZ-VwT","jetpack-related-posts":[],"jetpack_sharing_enabled":true,"_links":{"self":[{"href":"https:\/\/grundschule-homberg.de\/wp\/index.php?rest_route=\/wp\/v2\/posts\/221147","targetHints":{"allow":["GET"]}}],"collection":[{"href":"https:\/\/grundschule-homberg.de\/wp\/index.php?rest_route=\/wp\/v2\/posts"}],"about":[{"href":"https:\/\/grundschule-homberg.de\/wp\/index.php?rest_route=\/wp\/v2\/types\/post"}],"author":[{"embeddable":true,"href":"https:\/\/grundschule-homberg.de\/wp\/index.php?rest_route=\/wp\/v2\/users\/1"}],"replies":[{"embeddable":true,"href":"https:\/\/grundschule-homberg.de\/wp\/index.php?rest_route=%2Fwp%2Fv2%2Fcomments&post=221147"}],"version-history":[{"count":1,"href":"https:\/\/grundschule-homberg.de\/wp\/index.php?rest_route=\/wp\/v2\/posts\/221147\/revisions"}],"predecessor-version":[{"id":221151,"href":"https:\/\/grundschule-homberg.de\/wp\/index.php?rest_route=\/wp\/v2\/posts\/221147\/revisions\/221151"}],"wp:featuredmedia":[{"embeddable":true,"href":"https:\/\/grundschule-homberg.de\/wp\/index.php?rest_route=\/wp\/v2\/media\/221149"}],"wp:attachment":[{"href":"https:\/\/grundschule-homberg.de\/wp\/index.php?rest_route=%2Fwp%2Fv2%2Fmedia&parent=221147"}],"wp:term":[{"taxonomy":"category","embeddable":true,"href":"https:\/\/grundschule-homberg.de\/wp\/index.php?rest_route=%2Fwp%2Fv2%2Fcategories&post=221147"},{"taxonomy":"post_tag","embeddable":true,"href":"https:\/\/grundschule-homberg.de\/wp\/index.php?rest_route=%2Fwp%2Fv2%2Ftags&post=221147"}],"curies":[{"name":"wp","href":"https:\/\/api.w.org\/{rel}","templated":true}]}}