{"id":221154,"date":"2017-07-02T11:19:00","date_gmt":"2017-07-02T09:19:00","guid":{"rendered":"http:\/\/grundschule-homberg.de\/wp\/?p=221154"},"modified":"2017-07-02T11:19:00","modified_gmt":"2017-07-02T09:19:00","slug":"4-klassen-verabschiedet","status":"publish","type":"post","link":"https:\/\/grundschule-homberg.de\/wp\/?p=221154","title":{"rendered":"4. Klassen verabschiedet"},"content":{"rendered":"<p>Am letzten Schultag versammelten sich&nbsp;noch einmal alle Kinder der Grundschule, um die Sch\u00fclerinnen und Sch\u00fcler der 4. Klassen zu verabschieden.<\/p>\n<p>Zun\u00e4chst spielten die Kinder der Fl\u00f6ten-AG drei kurze Lieder vor. Danach trugen die 4. Klassen gemeinsam mit der Musiklehrerin Daniela Staubitz zwei Lieder zum Abschied vor.<\/p>\n<p>In einer kurzen Ansprache dankte Schulleiterin Eva Sartorius allen Kindern f\u00fcr die&nbsp;guten Leistungen im letzten Schuljahr.&nbsp; Besonders bedankte sie sich bei den Lehrerinnen und dem Betreuerteam sowie der Sekret\u00e4rin und dem Hausmeister f\u00fcr die gute Zusammenarbeit. Ein besonderer Dank ging dabei auch an die Teilhabe-Assistentinnen, die einzelnen Kinder besonders unterst\u00fctzen.<\/p>\n<p>Dann folgte das gemeinsame Lied&nbsp; &#8222;Ferienzeit&#8220;, das die Kinder auf die Sommerferien einstimmte.<\/p>\n<p>Als H\u00f6hepunkt durften wie jedes Jahr alle Kinder der 4. Klassen den Sprung ins 5. Schuljahr wagen.<\/p>\n<p>Wie w\u00fcnschen unseren &#8222;Ehemaligen&#8220; alles Gute!<\/p>\n<p><a href=\"https:\/\/i0.wp.com\/grundschule-homberg.de\/wp\/wp-content\/uploads\/2017\/07\/k-IMG-20170630-WA0032.jpg\" target=\"_blank\" rel=\"noopener\"><img data-recalc-dims=\"1\" loading=\"lazy\" decoding=\"async\" width=\"150\" height=\"84\" class=\"alignleft wp-image-221135 size-thumbnail\" alt=\"\" src=\"https:\/\/i0.wp.com\/grundschule-homberg.de\/wp\/wp-content\/uploads\/2017\/07\/k-IMG-20170630-WA0032-150x84.jpg?resize=150%2C84\" srcset=\"https:\/\/i0.wp.com\/grundschule-homberg.de\/wp\/wp-content\/uploads\/2017\/07\/k-IMG-20170630-WA0032.jpg?resize=150%2C84&amp;ssl=1 150w, https:\/\/i0.wp.com\/grundschule-homberg.de\/wp\/wp-content\/uploads\/2017\/07\/k-IMG-20170630-WA0032.jpg?resize=300%2C169&amp;ssl=1 300w, https:\/\/i0.wp.com\/grundschule-homberg.de\/wp\/wp-content\/uploads\/2017\/07\/k-IMG-20170630-WA0032.jpg?resize=768%2C432&amp;ssl=1 768w, https:\/\/i0.wp.com\/grundschule-homberg.de\/wp\/wp-content\/uploads\/2017\/07\/k-IMG-20170630-WA0032.jpg?w=1024&amp;ssl=1 1024w\" sizes=\"auto, (max-width: 150px) 100vw, 150px\" \/><\/a> <a href=\"https:\/\/i0.wp.com\/grundschule-homberg.de\/wp\/wp-content\/uploads\/2017\/07\/k-IMG-20170630-WA0030.jpg\" target=\"_blank\" rel=\"noopener\"><img data-recalc-dims=\"1\" loading=\"lazy\" decoding=\"async\" width=\"150\" height=\"84\" class=\"alignleft wp-image-221134 size-thumbnail\" alt=\"\" src=\"https:\/\/i0.wp.com\/grundschule-homberg.de\/wp\/wp-content\/uploads\/2017\/07\/k-IMG-20170630-WA0030-150x84.jpg?resize=150%2C84\" srcset=\"https:\/\/i0.wp.com\/grundschule-homberg.de\/wp\/wp-content\/uploads\/2017\/07\/k-IMG-20170630-WA0030.jpg?resize=150%2C84&amp;ssl=1 150w, https:\/\/i0.wp.com\/grundschule-homberg.de\/wp\/wp-content\/uploads\/2017\/07\/k-IMG-20170630-WA0030.jpg?resize=300%2C169&amp;ssl=1 300w, https:\/\/i0.wp.com\/grundschule-homberg.de\/wp\/wp-content\/uploads\/2017\/07\/k-IMG-20170630-WA0030.jpg?resize=768%2C432&amp;ssl=1 768w, https:\/\/i0.wp.com\/grundschule-homberg.de\/wp\/wp-content\/uploads\/2017\/07\/k-IMG-20170630-WA0030.jpg?w=1024&amp;ssl=1 1024w\" sizes=\"auto, (max-width: 150px) 100vw, 150px\" \/><\/a> <a href=\"https:\/\/i0.wp.com\/grundschule-homberg.de\/wp\/wp-content\/uploads\/2017\/07\/k-IMG-20170630-WA0020.jpg\" target=\"_blank\" rel=\"noopener\"><img data-recalc-dims=\"1\" loading=\"lazy\" decoding=\"async\" width=\"150\" height=\"84\" class=\"alignleft wp-image-221133 size-thumbnail\" alt=\"\" src=\"https:\/\/i0.wp.com\/grundschule-homberg.de\/wp\/wp-content\/uploads\/2017\/07\/k-IMG-20170630-WA0020-150x84.jpg?resize=150%2C84\" srcset=\"https:\/\/i0.wp.com\/grundschule-homberg.de\/wp\/wp-content\/uploads\/2017\/07\/k-IMG-20170630-WA0020.jpg?resize=150%2C84&amp;ssl=1 150w, https:\/\/i0.wp.com\/grundschule-homberg.de\/wp\/wp-content\/uploads\/2017\/07\/k-IMG-20170630-WA0020.jpg?resize=300%2C169&amp;ssl=1 300w, https:\/\/i0.wp.com\/grundschule-homberg.de\/wp\/wp-content\/uploads\/2017\/07\/k-IMG-20170630-WA0020.jpg?resize=768%2C432&amp;ssl=1 768w, https:\/\/i0.wp.com\/grundschule-homberg.de\/wp\/wp-content\/uploads\/2017\/07\/k-IMG-20170630-WA0020.jpg?w=1024&amp;ssl=1 1024w\" sizes=\"auto, (max-width: 150px) 100vw, 150px\" \/><\/a> <a href=\"https:\/\/i0.wp.com\/grundschule-homberg.de\/wp\/wp-content\/uploads\/2017\/07\/k-IMG-20170630-WA0019.jpg\" target=\"_blank\" rel=\"noopener\"><img data-recalc-dims=\"1\" loading=\"lazy\" decoding=\"async\" width=\"150\" height=\"84\" class=\"alignleft wp-image-221132 size-thumbnail\" alt=\"\" src=\"https:\/\/i0.wp.com\/grundschule-homberg.de\/wp\/wp-content\/uploads\/2017\/07\/k-IMG-20170630-WA0019-150x84.jpg?resize=150%2C84\" srcset=\"https:\/\/i0.wp.com\/grundschule-homberg.de\/wp\/wp-content\/uploads\/2017\/07\/k-IMG-20170630-WA0019.jpg?resize=150%2C84&amp;ssl=1 150w, https:\/\/i0.wp.com\/grundschule-homberg.de\/wp\/wp-content\/uploads\/2017\/07\/k-IMG-20170630-WA0019.jpg?resize=300%2C169&amp;ssl=1 300w, https:\/\/i0.wp.com\/grundschule-homberg.de\/wp\/wp-content\/uploads\/2017\/07\/k-IMG-20170630-WA0019.jpg?resize=768%2C432&amp;ssl=1 768w, https:\/\/i0.wp.com\/grundschule-homberg.de\/wp\/wp-content\/uploads\/2017\/07\/k-IMG-20170630-WA0019.jpg?w=1024&amp;ssl=1 1024w\" sizes=\"auto, (max-width: 150px) 100vw, 150px\" \/><\/a> <a href=\"https:\/\/i0.wp.com\/grundschule-homberg.de\/wp\/wp-content\/uploads\/2017\/07\/k-IMG-20170630-WA0018.jpg\" target=\"_blank\" rel=\"noopener\"><img data-recalc-dims=\"1\" loading=\"lazy\" decoding=\"async\" width=\"150\" height=\"84\" class=\"alignleft wp-image-221131 size-thumbnail\" alt=\"\" src=\"https:\/\/i0.wp.com\/grundschule-homberg.de\/wp\/wp-content\/uploads\/2017\/07\/k-IMG-20170630-WA0018-150x84.jpg?resize=150%2C84\" srcset=\"https:\/\/i0.wp.com\/grundschule-homberg.de\/wp\/wp-content\/uploads\/2017\/07\/k-IMG-20170630-WA0018.jpg?resize=150%2C84&amp;ssl=1 150w, https:\/\/i0.wp.com\/grundschule-homberg.de\/wp\/wp-content\/uploads\/2017\/07\/k-IMG-20170630-WA0018.jpg?resize=300%2C169&amp;ssl=1 300w, https:\/\/i0.wp.com\/grundschule-homberg.de\/wp\/wp-content\/uploads\/2017\/07\/k-IMG-20170630-WA0018.jpg?resize=768%2C432&amp;ssl=1 768w, https:\/\/i0.wp.com\/grundschule-homberg.de\/wp\/wp-content\/uploads\/2017\/07\/k-IMG-20170630-WA0018.jpg?w=1024&amp;ssl=1 1024w\" sizes=\"auto, (max-width: 150px) 100vw, 150px\" \/><\/a> <a href=\"https:\/\/i0.wp.com\/grundschule-homberg.de\/wp\/wp-content\/uploads\/2017\/07\/k-IMG-20170630-WA0017.jpg\" target=\"_blank\" rel=\"noopener\"><img data-recalc-dims=\"1\" loading=\"lazy\" decoding=\"async\" width=\"150\" height=\"84\" class=\"alignleft wp-image-221130 size-thumbnail\" alt=\"\" src=\"https:\/\/i0.wp.com\/grundschule-homberg.de\/wp\/wp-content\/uploads\/2017\/07\/k-IMG-20170630-WA0017-150x84.jpg?resize=150%2C84\" srcset=\"https:\/\/i0.wp.com\/grundschule-homberg.de\/wp\/wp-content\/uploads\/2017\/07\/k-IMG-20170630-WA0017.jpg?resize=150%2C84&amp;ssl=1 150w, https:\/\/i0.wp.com\/grundschule-homberg.de\/wp\/wp-content\/uploads\/2017\/07\/k-IMG-20170630-WA0017.jpg?resize=300%2C169&amp;ssl=1 300w, https:\/\/i0.wp.com\/grundschule-homberg.de\/wp\/wp-content\/uploads\/2017\/07\/k-IMG-20170630-WA0017.jpg?resize=768%2C432&amp;ssl=1 768w, https:\/\/i0.wp.com\/grundschule-homberg.de\/wp\/wp-content\/uploads\/2017\/07\/k-IMG-20170630-WA0017.jpg?w=1024&amp;ssl=1 1024w\" sizes=\"auto, (max-width: 150px) 100vw, 150px\" \/><\/a> <a href=\"https:\/\/i0.wp.com\/grundschule-homberg.de\/wp\/wp-content\/uploads\/2017\/07\/k-IMG-20170630-WA0015.jpg\" target=\"_blank\" rel=\"noopener\"><img data-recalc-dims=\"1\" loading=\"lazy\" decoding=\"async\" width=\"84\" height=\"150\" class=\"alignleft wp-image-221129 size-thumbnail\" alt=\"\" src=\"https:\/\/i0.wp.com\/grundschule-homberg.de\/wp\/wp-content\/uploads\/2017\/07\/k-IMG-20170630-WA0015-84x150.jpg?resize=84%2C150\" srcset=\"https:\/\/i0.wp.com\/grundschule-homberg.de\/wp\/wp-content\/uploads\/2017\/07\/k-IMG-20170630-WA0015.jpg?resize=84%2C150&amp;ssl=1 84w, https:\/\/i0.wp.com\/grundschule-homberg.de\/wp\/wp-content\/uploads\/2017\/07\/k-IMG-20170630-WA0015.jpg?resize=169%2C300&amp;ssl=1 169w, https:\/\/i0.wp.com\/grundschule-homberg.de\/wp\/wp-content\/uploads\/2017\/07\/k-IMG-20170630-WA0015.jpg?w=576&amp;ssl=1 576w\" sizes=\"auto, (max-width: 84px) 100vw, 84px\" \/><\/a> <a href=\"https:\/\/i0.wp.com\/grundschule-homberg.de\/wp\/wp-content\/uploads\/2017\/07\/k-IMG-20170630-WA0013.jpg\" target=\"_blank\" rel=\"noopener\"><img data-recalc-dims=\"1\" loading=\"lazy\" decoding=\"async\" width=\"150\" height=\"84\" class=\"alignleft wp-image-221128 size-thumbnail\" alt=\"\" src=\"https:\/\/i0.wp.com\/grundschule-homberg.de\/wp\/wp-content\/uploads\/2017\/07\/k-IMG-20170630-WA0013-150x84.jpg?resize=150%2C84\" srcset=\"https:\/\/i0.wp.com\/grundschule-homberg.de\/wp\/wp-content\/uploads\/2017\/07\/k-IMG-20170630-WA0013.jpg?resize=150%2C84&amp;ssl=1 150w, https:\/\/i0.wp.com\/grundschule-homberg.de\/wp\/wp-content\/uploads\/2017\/07\/k-IMG-20170630-WA0013.jpg?resize=300%2C169&amp;ssl=1 300w, https:\/\/i0.wp.com\/grundschule-homberg.de\/wp\/wp-content\/uploads\/2017\/07\/k-IMG-20170630-WA0013.jpg?resize=768%2C432&amp;ssl=1 768w, https:\/\/i0.wp.com\/grundschule-homberg.de\/wp\/wp-content\/uploads\/2017\/07\/k-IMG-20170630-WA0013.jpg?w=1024&amp;ssl=1 1024w\" sizes=\"auto, (max-width: 150px) 100vw, 150px\" \/><\/a> <a href=\"https:\/\/i0.wp.com\/grundschule-homberg.de\/wp\/wp-content\/uploads\/2017\/07\/k-IMG-20170630-WA0011.jpg\" target=\"_blank\" rel=\"noopener\"><img data-recalc-dims=\"1\" loading=\"lazy\" decoding=\"async\" width=\"150\" height=\"84\" class=\"alignleft wp-image-221127 size-thumbnail\" alt=\"\" src=\"https:\/\/i0.wp.com\/grundschule-homberg.de\/wp\/wp-content\/uploads\/2017\/07\/k-IMG-20170630-WA0011-150x84.jpg?resize=150%2C84\" srcset=\"https:\/\/i0.wp.com\/grundschule-homberg.de\/wp\/wp-content\/uploads\/2017\/07\/k-IMG-20170630-WA0011.jpg?resize=150%2C84&amp;ssl=1 150w, https:\/\/i0.wp.com\/grundschule-homberg.de\/wp\/wp-content\/uploads\/2017\/07\/k-IMG-20170630-WA0011.jpg?resize=300%2C169&amp;ssl=1 300w, https:\/\/i0.wp.com\/grundschule-homberg.de\/wp\/wp-content\/uploads\/2017\/07\/k-IMG-20170630-WA0011.jpg?resize=768%2C432&amp;ssl=1 768w, https:\/\/i0.wp.com\/grundschule-homberg.de\/wp\/wp-content\/uploads\/2017\/07\/k-IMG-20170630-WA0011.jpg?w=1024&amp;ssl=1 1024w\" sizes=\"auto, (max-width: 150px) 100vw, 150px\" \/><\/a> <a href=\"https:\/\/i0.wp.com\/grundschule-homberg.de\/wp\/wp-content\/uploads\/2017\/07\/k-IMG-20170630-WA0010.jpg\" target=\"_blank\" rel=\"noopener\"><img data-recalc-dims=\"1\" loading=\"lazy\" decoding=\"async\" width=\"150\" height=\"84\" class=\"alignleft wp-image-221126 size-thumbnail\" alt=\"\" src=\"https:\/\/i0.wp.com\/grundschule-homberg.de\/wp\/wp-content\/uploads\/2017\/07\/k-IMG-20170630-WA0010-150x84.jpg?resize=150%2C84\" srcset=\"https:\/\/i0.wp.com\/grundschule-homberg.de\/wp\/wp-content\/uploads\/2017\/07\/k-IMG-20170630-WA0010.jpg?resize=150%2C84&amp;ssl=1 150w, https:\/\/i0.wp.com\/grundschule-homberg.de\/wp\/wp-content\/uploads\/2017\/07\/k-IMG-20170630-WA0010.jpg?resize=300%2C169&amp;ssl=1 300w, https:\/\/i0.wp.com\/grundschule-homberg.de\/wp\/wp-content\/uploads\/2017\/07\/k-IMG-20170630-WA0010.jpg?resize=768%2C432&amp;ssl=1 768w, https:\/\/i0.wp.com\/grundschule-homberg.de\/wp\/wp-content\/uploads\/2017\/07\/k-IMG-20170630-WA0010.jpg?w=1024&amp;ssl=1 1024w\" sizes=\"auto, (max-width: 150px) 100vw, 150px\" \/><\/a> <a href=\"https:\/\/i0.wp.com\/grundschule-homberg.de\/wp\/wp-content\/uploads\/2017\/07\/k-IMG-20170630-WA0009.jpg\" target=\"_blank\" rel=\"noopener\"><img data-recalc-dims=\"1\" loading=\"lazy\" decoding=\"async\" width=\"84\" height=\"150\" class=\"alignleft wp-image-221125 size-thumbnail\" alt=\"\" src=\"https:\/\/i0.wp.com\/grundschule-homberg.de\/wp\/wp-content\/uploads\/2017\/07\/k-IMG-20170630-WA0009-84x150.jpg?resize=84%2C150\" srcset=\"https:\/\/i0.wp.com\/grundschule-homberg.de\/wp\/wp-content\/uploads\/2017\/07\/k-IMG-20170630-WA0009.jpg?resize=84%2C150&amp;ssl=1 84w, https:\/\/i0.wp.com\/grundschule-homberg.de\/wp\/wp-content\/uploads\/2017\/07\/k-IMG-20170630-WA0009.jpg?resize=169%2C300&amp;ssl=1 169w, https:\/\/i0.wp.com\/grundschule-homberg.de\/wp\/wp-content\/uploads\/2017\/07\/k-IMG-20170630-WA0009.jpg?w=576&amp;ssl=1 576w\" sizes=\"auto, (max-width: 84px) 100vw, 84px\" \/><\/a> <a href=\"https:\/\/i0.wp.com\/grundschule-homberg.de\/wp\/wp-content\/uploads\/2017\/07\/k-IMG-20170630-WA0008.jpg\" target=\"_blank\" rel=\"noopener\"><img data-recalc-dims=\"1\" loading=\"lazy\" decoding=\"async\" width=\"150\" height=\"84\" class=\"alignleft wp-image-221124 size-thumbnail\" alt=\"\" src=\"https:\/\/i0.wp.com\/grundschule-homberg.de\/wp\/wp-content\/uploads\/2017\/07\/k-IMG-20170630-WA0008-150x84.jpg?resize=150%2C84\" srcset=\"https:\/\/i0.wp.com\/grundschule-homberg.de\/wp\/wp-content\/uploads\/2017\/07\/k-IMG-20170630-WA0008.jpg?resize=150%2C84&amp;ssl=1 150w, https:\/\/i0.wp.com\/grundschule-homberg.de\/wp\/wp-content\/uploads\/2017\/07\/k-IMG-20170630-WA0008.jpg?resize=300%2C169&amp;ssl=1 300w, https:\/\/i0.wp.com\/grundschule-homberg.de\/wp\/wp-content\/uploads\/2017\/07\/k-IMG-20170630-WA0008.jpg?resize=768%2C432&amp;ssl=1 768w, https:\/\/i0.wp.com\/grundschule-homberg.de\/wp\/wp-content\/uploads\/2017\/07\/k-IMG-20170630-WA0008.jpg?w=1024&amp;ssl=1 1024w\" sizes=\"auto, (max-width: 150px) 100vw, 150px\" \/><\/a> <a href=\"https:\/\/i0.wp.com\/grundschule-homberg.de\/wp\/wp-content\/uploads\/2017\/07\/k-IMG-20170630-WA0007.jpg\" target=\"_blank\" rel=\"noopener\"><img data-recalc-dims=\"1\" loading=\"lazy\" decoding=\"async\" width=\"150\" height=\"84\" class=\"alignleft wp-image-221123 size-thumbnail\" alt=\"\" src=\"https:\/\/i0.wp.com\/grundschule-homberg.de\/wp\/wp-content\/uploads\/2017\/07\/k-IMG-20170630-WA0007-150x84.jpg?resize=150%2C84\" srcset=\"https:\/\/i0.wp.com\/grundschule-homberg.de\/wp\/wp-content\/uploads\/2017\/07\/k-IMG-20170630-WA0007.jpg?resize=150%2C84&amp;ssl=1 150w, https:\/\/i0.wp.com\/grundschule-homberg.de\/wp\/wp-content\/uploads\/2017\/07\/k-IMG-20170630-WA0007.jpg?resize=300%2C169&amp;ssl=1 300w, https:\/\/i0.wp.com\/grundschule-homberg.de\/wp\/wp-content\/uploads\/2017\/07\/k-IMG-20170630-WA0007.jpg?resize=768%2C432&amp;ssl=1 768w, https:\/\/i0.wp.com\/grundschule-homberg.de\/wp\/wp-content\/uploads\/2017\/07\/k-IMG-20170630-WA0007.jpg?w=1024&amp;ssl=1 1024w\" sizes=\"auto, (max-width: 150px) 100vw, 150px\" \/><\/a> <a href=\"https:\/\/i0.wp.com\/grundschule-homberg.de\/wp\/wp-content\/uploads\/2017\/07\/k-IMG-20170630-WA0006.jpg\"><img data-recalc-dims=\"1\" loading=\"lazy\" decoding=\"async\" width=\"150\" height=\"84\" class=\"alignleft size-thumbnail wp-image-221122\" alt=\"\" src=\"https:\/\/i0.wp.com\/grundschule-homberg.de\/wp\/wp-content\/uploads\/2017\/07\/k-IMG-20170630-WA0006-150x84.jpg?resize=150%2C84\" srcset=\"https:\/\/i0.wp.com\/grundschule-homberg.de\/wp\/wp-content\/uploads\/2017\/07\/k-IMG-20170630-WA0006.jpg?resize=150%2C84&amp;ssl=1 150w, https:\/\/i0.wp.com\/grundschule-homberg.de\/wp\/wp-content\/uploads\/2017\/07\/k-IMG-20170630-WA0006.jpg?resize=300%2C169&amp;ssl=1 300w, https:\/\/i0.wp.com\/grundschule-homberg.de\/wp\/wp-content\/uploads\/2017\/07\/k-IMG-20170630-WA0006.jpg?resize=768%2C432&amp;ssl=1 768w, https:\/\/i0.wp.com\/grundschule-homberg.de\/wp\/wp-content\/uploads\/2017\/07\/k-IMG-20170630-WA0006.jpg?w=1024&amp;ssl=1 1024w\" sizes=\"auto, (max-width: 150px) 100vw, 150px\" \/><\/a> <a href=\"https:\/\/i0.wp.com\/grundschule-homberg.de\/wp\/wp-content\/uploads\/2017\/07\/k-IMG-20170630-WA0005.jpg\"><img data-recalc-dims=\"1\" loading=\"lazy\" decoding=\"async\" width=\"150\" height=\"84\" class=\"alignleft size-thumbnail wp-image-221121\" alt=\"\" src=\"https:\/\/i0.wp.com\/grundschule-homberg.de\/wp\/wp-content\/uploads\/2017\/07\/k-IMG-20170630-WA0005-150x84.jpg?resize=150%2C84\" srcset=\"https:\/\/i0.wp.com\/grundschule-homberg.de\/wp\/wp-content\/uploads\/2017\/07\/k-IMG-20170630-WA0005.jpg?resize=150%2C84&amp;ssl=1 150w, https:\/\/i0.wp.com\/grundschule-homberg.de\/wp\/wp-content\/uploads\/2017\/07\/k-IMG-20170630-WA0005.jpg?resize=300%2C169&amp;ssl=1 300w, https:\/\/i0.wp.com\/grundschule-homberg.de\/wp\/wp-content\/uploads\/2017\/07\/k-IMG-20170630-WA0005.jpg?resize=768%2C432&amp;ssl=1 768w, https:\/\/i0.wp.com\/grundschule-homberg.de\/wp\/wp-content\/uploads\/2017\/07\/k-IMG-20170630-WA0005.jpg?w=1024&amp;ssl=1 1024w\" sizes=\"auto, (max-width: 150px) 100vw, 150px\" \/><\/a> <a href=\"https:\/\/i0.wp.com\/grundschule-homberg.de\/wp\/wp-content\/uploads\/2017\/07\/k-IMG-20170630-WA0004.jpg\"><img data-recalc-dims=\"1\" loading=\"lazy\" decoding=\"async\" width=\"150\" height=\"84\" class=\"alignleft size-thumbnail wp-image-221120\" alt=\"\" src=\"https:\/\/i0.wp.com\/grundschule-homberg.de\/wp\/wp-content\/uploads\/2017\/07\/k-IMG-20170630-WA0004-150x84.jpg?resize=150%2C84\" srcset=\"https:\/\/i0.wp.com\/grundschule-homberg.de\/wp\/wp-content\/uploads\/2017\/07\/k-IMG-20170630-WA0004.jpg?resize=150%2C84&amp;ssl=1 150w, https:\/\/i0.wp.com\/grundschule-homberg.de\/wp\/wp-content\/uploads\/2017\/07\/k-IMG-20170630-WA0004.jpg?resize=300%2C169&amp;ssl=1 300w, https:\/\/i0.wp.com\/grundschule-homberg.de\/wp\/wp-content\/uploads\/2017\/07\/k-IMG-20170630-WA0004.jpg?resize=768%2C432&amp;ssl=1 768w, https:\/\/i0.wp.com\/grundschule-homberg.de\/wp\/wp-content\/uploads\/2017\/07\/k-IMG-20170630-WA0004.jpg?w=1024&amp;ssl=1 1024w\" sizes=\"auto, (max-width: 150px) 100vw, 150px\" \/><\/a> <a href=\"https:\/\/i0.wp.com\/grundschule-homberg.de\/wp\/wp-content\/uploads\/2017\/07\/k-IMG-20170630-WA0002.jpg\"><img data-recalc-dims=\"1\" loading=\"lazy\" decoding=\"async\" width=\"150\" height=\"84\" class=\"alignleft size-thumbnail wp-image-221119\" alt=\"\" src=\"https:\/\/i0.wp.com\/grundschule-homberg.de\/wp\/wp-content\/uploads\/2017\/07\/k-IMG-20170630-WA0002-150x84.jpg?resize=150%2C84\" srcset=\"https:\/\/i0.wp.com\/grundschule-homberg.de\/wp\/wp-content\/uploads\/2017\/07\/k-IMG-20170630-WA0002.jpg?resize=150%2C84&amp;ssl=1 150w, https:\/\/i0.wp.com\/grundschule-homberg.de\/wp\/wp-content\/uploads\/2017\/07\/k-IMG-20170630-WA0002.jpg?resize=300%2C169&amp;ssl=1 300w, https:\/\/i0.wp.com\/grundschule-homberg.de\/wp\/wp-content\/uploads\/2017\/07\/k-IMG-20170630-WA0002.jpg?resize=768%2C432&amp;ssl=1 768w, https:\/\/i0.wp.com\/grundschule-homberg.de\/wp\/wp-content\/uploads\/2017\/07\/k-IMG-20170630-WA0002.jpg?w=1024&amp;ssl=1 1024w\" sizes=\"auto, (max-width: 150px) 100vw, 150px\" \/><\/a> <a href=\"https:\/\/i0.wp.com\/grundschule-homberg.de\/wp\/wp-content\/uploads\/2017\/07\/k-IMG-20170630-WA0001.jpg\"><img data-recalc-dims=\"1\" loading=\"lazy\" decoding=\"async\" width=\"150\" height=\"84\" class=\"alignleft size-thumbnail wp-image-221118\" alt=\"\" src=\"https:\/\/i0.wp.com\/grundschule-homberg.de\/wp\/wp-content\/uploads\/2017\/07\/k-IMG-20170630-WA0001-150x84.jpg?resize=150%2C84\" srcset=\"https:\/\/i0.wp.com\/grundschule-homberg.de\/wp\/wp-content\/uploads\/2017\/07\/k-IMG-20170630-WA0001.jpg?resize=150%2C84&amp;ssl=1 150w, https:\/\/i0.wp.com\/grundschule-homberg.de\/wp\/wp-content\/uploads\/2017\/07\/k-IMG-20170630-WA0001.jpg?resize=300%2C169&amp;ssl=1 300w, https:\/\/i0.wp.com\/grundschule-homberg.de\/wp\/wp-content\/uploads\/2017\/07\/k-IMG-20170630-WA0001.jpg?resize=768%2C432&amp;ssl=1 768w, https:\/\/i0.wp.com\/grundschule-homberg.de\/wp\/wp-content\/uploads\/2017\/07\/k-IMG-20170630-WA0001.jpg?w=1024&amp;ssl=1 1024w\" sizes=\"auto, (max-width: 150px) 100vw, 150px\" \/><\/a><\/p>\n","protected":false},"excerpt":{"rendered":"<p>Am letzten Schultag versammelten sich&nbsp;noch einmal alle Kinder der Grundschule, um die Sch\u00fclerinnen und Sch\u00fcler der 4. Klassen zu verabschieden. Zun\u00e4chst spielten die Kinder der Fl\u00f6ten-AG drei kurze Lieder vor. Danach trugen die 4. Klassen gemeinsam mit der Musiklehrerin Daniela Staubitz zwei Lieder zum Abschied vor. In einer kurzen Ansprache dankte Schulleiterin Eva Sartorius allen &hellip; <a href=\"https:\/\/grundschule-homberg.de\/wp\/?p=221154\" class=\"more-link\"><span class=\"screen-reader-text\">4. Klassen verabschiedet<\/span> weiterlesen <span class=\"meta-nav\">&rarr;<\/span><\/a><\/p>\n","protected":false},"author":1,"featured_media":221120,"comment_status":"closed","ping_status":"closed","sticky":false,"template":"","format":"standard","meta":{"ngg_post_thumbnail":0,"_jetpack_memberships_contains_paid_content":false,"footnotes":""},"categories":[1,20],"tags":[],"class_list":["post-221154","post","type-post","status-publish","format-standard","has-post-thumbnail","hentry","category-allgemein","category-schulleben"],"jetpack_featured_media_url":"https:\/\/i0.wp.com\/grundschule-homberg.de\/wp\/wp-content\/uploads\/2017\/07\/k-IMG-20170630-WA0004.jpg?fit=1024%2C576&ssl=1","jetpack_shortlink":"https:\/\/wp.me\/p3XuEZ-Vx0","jetpack-related-posts":[],"jetpack_sharing_enabled":true,"_links":{"self":[{"href":"https:\/\/grundschule-homberg.de\/wp\/index.php?rest_route=\/wp\/v2\/posts\/221154","targetHints":{"allow":["GET"]}}],"collection":[{"href":"https:\/\/grundschule-homberg.de\/wp\/index.php?rest_route=\/wp\/v2\/posts"}],"about":[{"href":"https:\/\/grundschule-homberg.de\/wp\/index.php?rest_route=\/wp\/v2\/types\/post"}],"author":[{"embeddable":true,"href":"https:\/\/grundschule-homberg.de\/wp\/index.php?rest_route=\/wp\/v2\/users\/1"}],"replies":[{"embeddable":true,"href":"https:\/\/grundschule-homberg.de\/wp\/index.php?rest_route=%2Fwp%2Fv2%2Fcomments&post=221154"}],"version-history":[{"count":1,"href":"https:\/\/grundschule-homberg.de\/wp\/index.php?rest_route=\/wp\/v2\/posts\/221154\/revisions"}],"predecessor-version":[{"id":221155,"href":"https:\/\/grundschule-homberg.de\/wp\/index.php?rest_route=\/wp\/v2\/posts\/221154\/revisions\/221155"}],"wp:featuredmedia":[{"embeddable":true,"href":"https:\/\/grundschule-homberg.de\/wp\/index.php?rest_route=\/wp\/v2\/media\/221120"}],"wp:attachment":[{"href":"https:\/\/grundschule-homberg.de\/wp\/index.php?rest_route=%2Fwp%2Fv2%2Fmedia&parent=221154"}],"wp:term":[{"taxonomy":"category","embeddable":true,"href":"https:\/\/grundschule-homberg.de\/wp\/index.php?rest_route=%2Fwp%2Fv2%2Fcategories&post=221154"},{"taxonomy":"post_tag","embeddable":true,"href":"https:\/\/grundschule-homberg.de\/wp\/index.php?rest_route=%2Fwp%2Fv2%2Ftags&post=221154"}],"curies":[{"name":"wp","href":"https:\/\/api.w.org\/{rel}","templated":true}]}}