{"id":221432,"date":"2017-12-19T20:34:01","date_gmt":"2017-12-19T19:34:01","guid":{"rendered":"http:\/\/grundschule-homberg.de\/wp\/?p=221432"},"modified":"2017-12-20T16:35:12","modified_gmt":"2017-12-20T15:35:12","slug":"floetenkinder-bringen-weihnachtliche-stimmung-ins-seniorenzentrum-goldborn","status":"publish","type":"post","link":"https:\/\/grundschule-homberg.de\/wp\/?p=221432","title":{"rendered":"Fl\u00f6tenkinder bringen weihnachtliche Stimmung ins Seniorenzentrum Goldborn"},"content":{"rendered":"<p>Am Dienstag, den 19.12.17 besuchten die Fl\u00f6tenkinder der 4. Klassen die Bewohner des Seniorenheims Goldborn.<br \/>\nAuf drei Etagen spielten die Kinder ihre vorbereiteten Fl\u00f6tenst\u00fccke zur Gitarrenbegleitung oder zweistimmig. \u201eVom Himmel hoch, da komm&#8216; ich her\u201c, \u201eLobt Gott, ihr Christen, allzugleich\u201c, \u201e Ihr Kinderlein kommet\u201c und \u201eSchneefl\u00f6ckchen, Wei\u00dfr\u00f6ckchen\u201c erfreuten die Senioren.<br \/>\nZuletzt sangen die Kinder \u201eWe wish you a merry Christmas\u201c . Mit diesem Wunsch verabschiedeten sich die Kinder von ihren dankbaren Zuh\u00f6rern.<\/p>\n<p>Den Kindern hat der kleine Auftritt Freude gemacht. Die Aktion soll gerne fortgesetzt werden.<\/p>\n<p><a href=\"https:\/\/i0.wp.com\/grundschule-homberg.de\/wp\/wp-content\/uploads\/2017\/12\/k-IMG_20171219_101202.jpg\"><img data-recalc-dims=\"1\" loading=\"lazy\" decoding=\"async\" width=\"300\" height=\"225\" class=\"aligncenter size-medium wp-image-221440\" alt=\"\" src=\"https:\/\/i0.wp.com\/grundschule-homberg.de\/wp\/wp-content\/uploads\/2017\/12\/k-IMG_20171219_101202-300x225.jpg?resize=300%2C225\" srcset=\"https:\/\/i0.wp.com\/grundschule-homberg.de\/wp\/wp-content\/uploads\/2017\/12\/k-IMG_20171219_101202.jpg?resize=300%2C225&amp;ssl=1 300w, https:\/\/i0.wp.com\/grundschule-homberg.de\/wp\/wp-content\/uploads\/2017\/12\/k-IMG_20171219_101202.jpg?resize=150%2C113&amp;ssl=1 150w, https:\/\/i0.wp.com\/grundschule-homberg.de\/wp\/wp-content\/uploads\/2017\/12\/k-IMG_20171219_101202.jpg?resize=768%2C576&amp;ssl=1 768w, https:\/\/i0.wp.com\/grundschule-homberg.de\/wp\/wp-content\/uploads\/2017\/12\/k-IMG_20171219_101202.jpg?resize=1024%2C768&amp;ssl=1 1024w, https:\/\/i0.wp.com\/grundschule-homberg.de\/wp\/wp-content\/uploads\/2017\/12\/k-IMG_20171219_101202.jpg?w=1280&amp;ssl=1 1280w, https:\/\/i0.wp.com\/grundschule-homberg.de\/wp\/wp-content\/uploads\/2017\/12\/k-IMG_20171219_101202.jpg?w=1208&amp;ssl=1 1208w\" sizes=\"auto, (max-width: 300px) 100vw, 300px\" \/><\/a><\/p>\n<p>&nbsp;<\/p>\n<p>&nbsp;<\/p>\n","protected":false},"excerpt":{"rendered":"<p>Am Dienstag, den 19.12.17 besuchten die Fl\u00f6tenkinder der 4. Klassen die Bewohner des Seniorenheims Goldborn. Auf drei Etagen spielten die Kinder ihre vorbereiteten Fl\u00f6tenst\u00fccke zur Gitarrenbegleitung oder zweistimmig. \u201eVom Himmel hoch, da komm&#8216; ich her\u201c, \u201eLobt Gott, ihr Christen, allzugleich\u201c, \u201e Ihr Kinderlein kommet\u201c und \u201eSchneefl\u00f6ckchen, Wei\u00dfr\u00f6ckchen\u201c erfreuten die Senioren. Zuletzt sangen die Kinder \u201eWe &hellip; <a href=\"https:\/\/grundschule-homberg.de\/wp\/?p=221432\" class=\"more-link\"><span class=\"screen-reader-text\">Fl\u00f6tenkinder bringen weihnachtliche Stimmung ins Seniorenzentrum Goldborn<\/span> weiterlesen <span class=\"meta-nav\">&rarr;<\/span><\/a><\/p>\n","protected":false},"author":1,"featured_media":221437,"comment_status":"closed","ping_status":"closed","sticky":false,"template":"","format":"standard","meta":{"ngg_post_thumbnail":0,"_jetpack_memberships_contains_paid_content":false,"footnotes":""},"categories":[25,1,20],"tags":[],"class_list":["post-221432","post","type-post","status-publish","format-standard","has-post-thumbnail","hentry","category-ags","category-allgemein","category-schulleben"],"jetpack_featured_media_url":"https:\/\/i0.wp.com\/grundschule-homberg.de\/wp\/wp-content\/uploads\/2017\/12\/k-b2.jpg?fit=1280%2C1280&ssl=1","jetpack_shortlink":"https:\/\/wp.me\/p3XuEZ-VBu","jetpack-related-posts":[],"jetpack_sharing_enabled":true,"_links":{"self":[{"href":"https:\/\/grundschule-homberg.de\/wp\/index.php?rest_route=\/wp\/v2\/posts\/221432","targetHints":{"allow":["GET"]}}],"collection":[{"href":"https:\/\/grundschule-homberg.de\/wp\/index.php?rest_route=\/wp\/v2\/posts"}],"about":[{"href":"https:\/\/grundschule-homberg.de\/wp\/index.php?rest_route=\/wp\/v2\/types\/post"}],"author":[{"embeddable":true,"href":"https:\/\/grundschule-homberg.de\/wp\/index.php?rest_route=\/wp\/v2\/users\/1"}],"replies":[{"embeddable":true,"href":"https:\/\/grundschule-homberg.de\/wp\/index.php?rest_route=%2Fwp%2Fv2%2Fcomments&post=221432"}],"version-history":[{"count":3,"href":"https:\/\/grundschule-homberg.de\/wp\/index.php?rest_route=\/wp\/v2\/posts\/221432\/revisions"}],"predecessor-version":[{"id":221451,"href":"https:\/\/grundschule-homberg.de\/wp\/index.php?rest_route=\/wp\/v2\/posts\/221432\/revisions\/221451"}],"wp:featuredmedia":[{"embeddable":true,"href":"https:\/\/grundschule-homberg.de\/wp\/index.php?rest_route=\/wp\/v2\/media\/221437"}],"wp:attachment":[{"href":"https:\/\/grundschule-homberg.de\/wp\/index.php?rest_route=%2Fwp%2Fv2%2Fmedia&parent=221432"}],"wp:term":[{"taxonomy":"category","embeddable":true,"href":"https:\/\/grundschule-homberg.de\/wp\/index.php?rest_route=%2Fwp%2Fv2%2Fcategories&post=221432"},{"taxonomy":"post_tag","embeddable":true,"href":"https:\/\/grundschule-homberg.de\/wp\/index.php?rest_route=%2Fwp%2Fv2%2Ftags&post=221432"}],"curies":[{"name":"wp","href":"https:\/\/api.w.org\/{rel}","templated":true}]}}