{"id":221482,"date":"2018-03-22T08:03:23","date_gmt":"2018-03-22T07:03:23","guid":{"rendered":"http:\/\/grundschule-homberg.de\/wp\/?p=221482"},"modified":"2018-03-22T08:05:00","modified_gmt":"2018-03-22T07:05:00","slug":"die-ferienplanung-steht","status":"publish","type":"post","link":"https:\/\/grundschule-homberg.de\/wp\/?p=221482","title":{"rendered":"Die Ferienplanung steht!"},"content":{"rendered":"<p>Es sind viele sch\u00f6ne und interessante Aktivit\u00e4ten rund um Ostern von Eier f\u00e4rben \u2013Kreatives zu Ostern, Ostereiersuche\u2026. ,geplant.<br \/>\n<div class=\"ead-preview\"><div class=\"ead-document\" style=\"position: relative;\"><iframe src=\"\/\/view.officeapps.live.com\/op\/embed.aspx?src=http%3A%2F%2Fgrundschule-homberg.de%2Fwp%2Fwp-content%2Fuploads%2F2018%2F03%2Fosterferien-2018.docx\" title=\"Eingebettetes Dokument\" class=\"ead-iframe\" style=\"width: 100%;height: 800px;border: none;\"><\/iframe><\/div><p class=\"embed_download\"><a href=\"http:\/\/grundschule-homberg.de\/wp\/wp-content\/uploads\/2018\/03\/osterferien-2018.docx\" download>Download [162.00 B] <\/a><\/p><\/div><\/p>\n","protected":false},"excerpt":{"rendered":"<p>Es sind viele sch\u00f6ne und interessante Aktivit\u00e4ten rund um Ostern von Eier f\u00e4rben \u2013Kreatives zu Ostern, Ostereiersuche\u2026. ,geplant.<\/p>\n","protected":false},"author":1,"featured_media":221484,"comment_status":"closed","ping_status":"closed","sticky":false,"template":"","format":"standard","meta":{"ngg_post_thumbnail":0,"_jetpack_memberships_contains_paid_content":false,"footnotes":""},"categories":[1,15,14],"tags":[],"class_list":["post-221482","post","type-post","status-publish","format-standard","has-post-thumbnail","hentry","category-allgemein","category-betreuung","category-elternbeirat"],"jetpack_featured_media_url":"https:\/\/i0.wp.com\/grundschule-homberg.de\/wp\/wp-content\/uploads\/2018\/03\/osterFerien.jpg?fit=713%2C301&ssl=1","jetpack_shortlink":"https:\/\/wp.me\/p3XuEZ-VCi","jetpack-related-posts":[],"jetpack_sharing_enabled":true,"_links":{"self":[{"href":"https:\/\/grundschule-homberg.de\/wp\/index.php?rest_route=\/wp\/v2\/posts\/221482","targetHints":{"allow":["GET"]}}],"collection":[{"href":"https:\/\/grundschule-homberg.de\/wp\/index.php?rest_route=\/wp\/v2\/posts"}],"about":[{"href":"https:\/\/grundschule-homberg.de\/wp\/index.php?rest_route=\/wp\/v2\/types\/post"}],"author":[{"embeddable":true,"href":"https:\/\/grundschule-homberg.de\/wp\/index.php?rest_route=\/wp\/v2\/users\/1"}],"replies":[{"embeddable":true,"href":"https:\/\/grundschule-homberg.de\/wp\/index.php?rest_route=%2Fwp%2Fv2%2Fcomments&post=221482"}],"version-history":[{"count":2,"href":"https:\/\/grundschule-homberg.de\/wp\/index.php?rest_route=\/wp\/v2\/posts\/221482\/revisions"}],"predecessor-version":[{"id":221486,"href":"https:\/\/grundschule-homberg.de\/wp\/index.php?rest_route=\/wp\/v2\/posts\/221482\/revisions\/221486"}],"wp:featuredmedia":[{"embeddable":true,"href":"https:\/\/grundschule-homberg.de\/wp\/index.php?rest_route=\/wp\/v2\/media\/221484"}],"wp:attachment":[{"href":"https:\/\/grundschule-homberg.de\/wp\/index.php?rest_route=%2Fwp%2Fv2%2Fmedia&parent=221482"}],"wp:term":[{"taxonomy":"category","embeddable":true,"href":"https:\/\/grundschule-homberg.de\/wp\/index.php?rest_route=%2Fwp%2Fv2%2Fcategories&post=221482"},{"taxonomy":"post_tag","embeddable":true,"href":"https:\/\/grundschule-homberg.de\/wp\/index.php?rest_route=%2Fwp%2Fv2%2Ftags&post=221482"}],"curies":[{"name":"wp","href":"https:\/\/api.w.org\/{rel}","templated":true}]}}