{"id":221505,"date":"2018-05-04T08:11:21","date_gmt":"2018-05-04T06:11:21","guid":{"rendered":"http:\/\/grundschule-homberg.de\/wp\/?p=221505"},"modified":"2018-05-04T08:11:21","modified_gmt":"2018-05-04T06:11:21","slug":"barfusspfad-neu-befuellt","status":"publish","type":"post","link":"https:\/\/grundschule-homberg.de\/wp\/?p=221505","title":{"rendered":"Barfu\u00dfpfad neu bef\u00fcllt"},"content":{"rendered":"<p>Der Barfu\u00dfpfad im Innenhof der Grundschule wurde&nbsp;wieder hergerichtet und die F\u00e4cher neu bef\u00fcllt. Frau Biedenkapp und einige freiwillige Kinder aus der Betreuung nutzten das sch\u00f6ne Wetter in dieser Woche und leeren das alte Material aus den F\u00e4chern, sortierten es neu und f\u00fcllten einige F\u00e4cher mir neuen Materialien&nbsp;auf.<\/p>\n<p>Die Schulkinder freuten sich dar\u00fcber und probierten gleich in der n\u00e4chsten Pause das neue &#8222;Gehgef\u00fchl&#8220;&nbsp; mit nackten F\u00fc\u00dfen aus.<br \/>\n<a href=\"https:\/\/i0.wp.com\/grundschule-homberg.de\/wp\/wp-content\/uploads\/2018\/05\/k-IMG_20180418_151125.jpg\"><img data-recalc-dims=\"1\" loading=\"lazy\" decoding=\"async\" width=\"225\" height=\"300\" class=\"aligncenter size-medium wp-image-221506\" alt=\"\" src=\"https:\/\/i0.wp.com\/grundschule-homberg.de\/wp\/wp-content\/uploads\/2018\/05\/k-IMG_20180418_151125-225x300.jpg?resize=225%2C300\" srcset=\"https:\/\/i0.wp.com\/grundschule-homberg.de\/wp\/wp-content\/uploads\/2018\/05\/k-IMG_20180418_151125.jpg?resize=225%2C300&amp;ssl=1 225w, https:\/\/i0.wp.com\/grundschule-homberg.de\/wp\/wp-content\/uploads\/2018\/05\/k-IMG_20180418_151125.jpg?resize=113%2C150&amp;ssl=1 113w, https:\/\/i0.wp.com\/grundschule-homberg.de\/wp\/wp-content\/uploads\/2018\/05\/k-IMG_20180418_151125.jpg?resize=768%2C1024&amp;ssl=1 768w, https:\/\/i0.wp.com\/grundschule-homberg.de\/wp\/wp-content\/uploads\/2018\/05\/k-IMG_20180418_151125.jpg?w=960&amp;ssl=1 960w\" sizes=\"auto, (max-width: 225px) 100vw, 225px\" \/><\/a> <a href=\"https:\/\/i0.wp.com\/grundschule-homberg.de\/wp\/wp-content\/uploads\/2018\/05\/k-IMG_20180418_151144.jpg\"><img data-recalc-dims=\"1\" loading=\"lazy\" decoding=\"async\" width=\"300\" height=\"225\" class=\"aligncenter size-medium wp-image-221507\" alt=\"\" src=\"https:\/\/i0.wp.com\/grundschule-homberg.de\/wp\/wp-content\/uploads\/2018\/05\/k-IMG_20180418_151144-300x225.jpg?resize=300%2C225\" srcset=\"https:\/\/i0.wp.com\/grundschule-homberg.de\/wp\/wp-content\/uploads\/2018\/05\/k-IMG_20180418_151144.jpg?resize=300%2C225&amp;ssl=1 300w, https:\/\/i0.wp.com\/grundschule-homberg.de\/wp\/wp-content\/uploads\/2018\/05\/k-IMG_20180418_151144.jpg?resize=150%2C113&amp;ssl=1 150w, https:\/\/i0.wp.com\/grundschule-homberg.de\/wp\/wp-content\/uploads\/2018\/05\/k-IMG_20180418_151144.jpg?resize=768%2C576&amp;ssl=1 768w, https:\/\/i0.wp.com\/grundschule-homberg.de\/wp\/wp-content\/uploads\/2018\/05\/k-IMG_20180418_151144.jpg?resize=1024%2C768&amp;ssl=1 1024w, https:\/\/i0.wp.com\/grundschule-homberg.de\/wp\/wp-content\/uploads\/2018\/05\/k-IMG_20180418_151144.jpg?w=1280&amp;ssl=1 1280w, https:\/\/i0.wp.com\/grundschule-homberg.de\/wp\/wp-content\/uploads\/2018\/05\/k-IMG_20180418_151144.jpg?w=1208&amp;ssl=1 1208w\" sizes=\"auto, (max-width: 300px) 100vw, 300px\" \/><\/a><\/p>\n<p>&nbsp;<\/p>\n","protected":false},"excerpt":{"rendered":"<p>Der Barfu\u00dfpfad im Innenhof der Grundschule wurde&nbsp;wieder hergerichtet und die F\u00e4cher neu bef\u00fcllt. Frau Biedenkapp und einige freiwillige Kinder aus der Betreuung nutzten das sch\u00f6ne Wetter in dieser Woche und leeren das alte Material aus den F\u00e4chern, sortierten es neu und f\u00fcllten einige F\u00e4cher mir neuen Materialien&nbsp;auf. Die Schulkinder freuten sich dar\u00fcber und probierten gleich &hellip; <a href=\"https:\/\/grundschule-homberg.de\/wp\/?p=221505\" class=\"more-link\"><span class=\"screen-reader-text\">Barfu\u00dfpfad neu bef\u00fcllt<\/span> weiterlesen <span class=\"meta-nav\">&rarr;<\/span><\/a><\/p>\n","protected":false},"author":1,"featured_media":221506,"comment_status":"closed","ping_status":"closed","sticky":false,"template":"","format":"standard","meta":{"ngg_post_thumbnail":0,"_jetpack_memberships_contains_paid_content":false,"footnotes":""},"categories":[1],"tags":[],"class_list":["post-221505","post","type-post","status-publish","format-standard","has-post-thumbnail","hentry","category-allgemein"],"jetpack_featured_media_url":"https:\/\/i0.wp.com\/grundschule-homberg.de\/wp\/wp-content\/uploads\/2018\/05\/k-IMG_20180418_151125.jpg?fit=960%2C1280&ssl=1","jetpack_shortlink":"https:\/\/wp.me\/p3XuEZ-VCF","jetpack-related-posts":[],"jetpack_sharing_enabled":true,"_links":{"self":[{"href":"https:\/\/grundschule-homberg.de\/wp\/index.php?rest_route=\/wp\/v2\/posts\/221505","targetHints":{"allow":["GET"]}}],"collection":[{"href":"https:\/\/grundschule-homberg.de\/wp\/index.php?rest_route=\/wp\/v2\/posts"}],"about":[{"href":"https:\/\/grundschule-homberg.de\/wp\/index.php?rest_route=\/wp\/v2\/types\/post"}],"author":[{"embeddable":true,"href":"https:\/\/grundschule-homberg.de\/wp\/index.php?rest_route=\/wp\/v2\/users\/1"}],"replies":[{"embeddable":true,"href":"https:\/\/grundschule-homberg.de\/wp\/index.php?rest_route=%2Fwp%2Fv2%2Fcomments&post=221505"}],"version-history":[{"count":1,"href":"https:\/\/grundschule-homberg.de\/wp\/index.php?rest_route=\/wp\/v2\/posts\/221505\/revisions"}],"predecessor-version":[{"id":221508,"href":"https:\/\/grundschule-homberg.de\/wp\/index.php?rest_route=\/wp\/v2\/posts\/221505\/revisions\/221508"}],"wp:featuredmedia":[{"embeddable":true,"href":"https:\/\/grundschule-homberg.de\/wp\/index.php?rest_route=\/wp\/v2\/media\/221506"}],"wp:attachment":[{"href":"https:\/\/grundschule-homberg.de\/wp\/index.php?rest_route=%2Fwp%2Fv2%2Fmedia&parent=221505"}],"wp:term":[{"taxonomy":"category","embeddable":true,"href":"https:\/\/grundschule-homberg.de\/wp\/index.php?rest_route=%2Fwp%2Fv2%2Fcategories&post=221505"},{"taxonomy":"post_tag","embeddable":true,"href":"https:\/\/grundschule-homberg.de\/wp\/index.php?rest_route=%2Fwp%2Fv2%2Ftags&post=221505"}],"curies":[{"name":"wp","href":"https:\/\/api.w.org\/{rel}","templated":true}]}}