{"id":221593,"date":"2018-06-21T10:46:47","date_gmt":"2018-06-21T08:46:47","guid":{"rendered":"http:\/\/grundschule-homberg.de\/wp\/?p=221593"},"modified":"2018-06-21T10:46:47","modified_gmt":"2018-06-21T08:46:47","slug":"umfrage-zum-ganztag","status":"publish","type":"post","link":"https:\/\/grundschule-homberg.de\/wp\/?p=221593","title":{"rendered":"Umfrage zum Ganztag"},"content":{"rendered":"<p>Eltern, Lehrkr\u00e4fte und p\u00e4dagogisches Personal k\u00f6nnen noch bis 30.6.2018 an einer online-Umfrage zum Thema Ganztag\/Betreuung teilnehmen. Die Ergebnisse werden von der Universit\u00e4t Kassel ausgewertet und uns als Schule zur Evaluation zur Verf\u00fcgung gestellt.<br \/>\nWir bitten Sie, sich \u00fcber den u.a. Link an der Umfrage zu beteiligen:<\/p>\n<p>Eltern: www.eva-pakt.de\/yqxzc <\/p>\n<p>P\u00e4dagogisches Personal: www.eva-pakt.de\/f1yg <\/p>\n<p>Lehrerinnen und Lehrer: www.eva-pakt.de\/ba3n<\/p>\n<p>Vielen Dank f\u00fcr ihre Unterst\u00fctzung! <\/p>\n","protected":false},"excerpt":{"rendered":"<p>Eltern, Lehrkr\u00e4fte und p\u00e4dagogisches Personal k\u00f6nnen noch bis 30.6.2018 an einer online-Umfrage zum Thema Ganztag\/Betreuung teilnehmen. Die Ergebnisse werden von der Universit\u00e4t Kassel ausgewertet und uns als Schule zur Evaluation zur Verf\u00fcgung gestellt. Wir bitten Sie, sich \u00fcber den u.a. Link an der Umfrage zu beteiligen: Eltern: www.eva-pakt.de\/yqxzc P\u00e4dagogisches Personal: www.eva-pakt.de\/f1yg Lehrerinnen und Lehrer: www.eva-pakt.de\/ba3n &hellip; <a href=\"https:\/\/grundschule-homberg.de\/wp\/?p=221593\" class=\"more-link\"><span class=\"screen-reader-text\">Umfrage zum Ganztag<\/span> weiterlesen <span class=\"meta-nav\">&rarr;<\/span><\/a><\/p>\n","protected":false},"author":2,"featured_media":4576,"comment_status":"closed","ping_status":"closed","sticky":false,"template":"","format":"standard","meta":{"ngg_post_thumbnail":0,"_jetpack_memberships_contains_paid_content":false,"footnotes":""},"categories":[1],"tags":[],"class_list":["post-221593","post","type-post","status-publish","format-standard","has-post-thumbnail","hentry","category-allgemein"],"jetpack_featured_media_url":"https:\/\/i0.wp.com\/grundschule-homberg.de\/wp\/wp-content\/uploads\/gruschu-h1-e1498232700138.png?fit=185%2C163&ssl=1","jetpack_shortlink":"https:\/\/wp.me\/p3XuEZ-VE5","jetpack-related-posts":[],"jetpack_sharing_enabled":true,"_links":{"self":[{"href":"https:\/\/grundschule-homberg.de\/wp\/index.php?rest_route=\/wp\/v2\/posts\/221593","targetHints":{"allow":["GET"]}}],"collection":[{"href":"https:\/\/grundschule-homberg.de\/wp\/index.php?rest_route=\/wp\/v2\/posts"}],"about":[{"href":"https:\/\/grundschule-homberg.de\/wp\/index.php?rest_route=\/wp\/v2\/types\/post"}],"author":[{"embeddable":true,"href":"https:\/\/grundschule-homberg.de\/wp\/index.php?rest_route=\/wp\/v2\/users\/2"}],"replies":[{"embeddable":true,"href":"https:\/\/grundschule-homberg.de\/wp\/index.php?rest_route=%2Fwp%2Fv2%2Fcomments&post=221593"}],"version-history":[{"count":1,"href":"https:\/\/grundschule-homberg.de\/wp\/index.php?rest_route=\/wp\/v2\/posts\/221593\/revisions"}],"predecessor-version":[{"id":221594,"href":"https:\/\/grundschule-homberg.de\/wp\/index.php?rest_route=\/wp\/v2\/posts\/221593\/revisions\/221594"}],"wp:featuredmedia":[{"embeddable":true,"href":"https:\/\/grundschule-homberg.de\/wp\/index.php?rest_route=\/wp\/v2\/media\/4576"}],"wp:attachment":[{"href":"https:\/\/grundschule-homberg.de\/wp\/index.php?rest_route=%2Fwp%2Fv2%2Fmedia&parent=221593"}],"wp:term":[{"taxonomy":"category","embeddable":true,"href":"https:\/\/grundschule-homberg.de\/wp\/index.php?rest_route=%2Fwp%2Fv2%2Fcategories&post=221593"},{"taxonomy":"post_tag","embeddable":true,"href":"https:\/\/grundschule-homberg.de\/wp\/index.php?rest_route=%2Fwp%2Fv2%2Ftags&post=221593"}],"curies":[{"name":"wp","href":"https:\/\/api.w.org\/{rel}","templated":true}]}}