{"id":221654,"date":"2018-07-26T12:46:31","date_gmt":"2018-07-26T10:46:31","guid":{"rendered":"http:\/\/grundschule-homberg.de\/wp\/?p=221654"},"modified":"2018-07-26T12:46:31","modified_gmt":"2018-07-26T10:46:31","slug":"ende-der-baumassnahme-in-buessfeld","status":"publish","type":"post","link":"https:\/\/grundschule-homberg.de\/wp\/?p=221654","title":{"rendered":"Ende der Bauma\u00dfnahme in B\u00fc\u00dffeld"},"content":{"rendered":"<p>Die seit letzten Sommer andauernde Sperrung in der Ortsdurchfahrt von B\u00fc\u00dffeld wurde gestern aufgehoben.<\/p>\n<p>Die Linien VB-71 und VB-81 fahren ab dem 6. August 2018 somit wieder nach dem Regelfahrplan.<\/p>\n","protected":false},"excerpt":{"rendered":"<p>Die seit letzten Sommer andauernde Sperrung in der Ortsdurchfahrt von B\u00fc\u00dffeld wurde gestern aufgehoben. Die Linien VB-71 und VB-81 fahren ab dem 6. August 2018 somit wieder nach dem Regelfahrplan.<\/p>\n","protected":false},"author":33,"featured_media":4576,"comment_status":"closed","ping_status":"closed","sticky":false,"template":"","format":"standard","meta":{"ngg_post_thumbnail":0,"_jetpack_memberships_contains_paid_content":false,"footnotes":""},"categories":[1],"tags":[],"class_list":["post-221654","post","type-post","status-publish","format-standard","has-post-thumbnail","hentry","category-allgemein"],"jetpack_featured_media_url":"https:\/\/i0.wp.com\/grundschule-homberg.de\/wp\/wp-content\/uploads\/gruschu-h1-e1498232700138.png?fit=185%2C163&ssl=1","jetpack_shortlink":"https:\/\/wp.me\/p3XuEZ-VF4","jetpack-related-posts":[],"jetpack_sharing_enabled":true,"_links":{"self":[{"href":"https:\/\/grundschule-homberg.de\/wp\/index.php?rest_route=\/wp\/v2\/posts\/221654","targetHints":{"allow":["GET"]}}],"collection":[{"href":"https:\/\/grundschule-homberg.de\/wp\/index.php?rest_route=\/wp\/v2\/posts"}],"about":[{"href":"https:\/\/grundschule-homberg.de\/wp\/index.php?rest_route=\/wp\/v2\/types\/post"}],"author":[{"embeddable":true,"href":"https:\/\/grundschule-homberg.de\/wp\/index.php?rest_route=\/wp\/v2\/users\/33"}],"replies":[{"embeddable":true,"href":"https:\/\/grundschule-homberg.de\/wp\/index.php?rest_route=%2Fwp%2Fv2%2Fcomments&post=221654"}],"version-history":[{"count":1,"href":"https:\/\/grundschule-homberg.de\/wp\/index.php?rest_route=\/wp\/v2\/posts\/221654\/revisions"}],"predecessor-version":[{"id":221655,"href":"https:\/\/grundschule-homberg.de\/wp\/index.php?rest_route=\/wp\/v2\/posts\/221654\/revisions\/221655"}],"wp:featuredmedia":[{"embeddable":true,"href":"https:\/\/grundschule-homberg.de\/wp\/index.php?rest_route=\/wp\/v2\/media\/4576"}],"wp:attachment":[{"href":"https:\/\/grundschule-homberg.de\/wp\/index.php?rest_route=%2Fwp%2Fv2%2Fmedia&parent=221654"}],"wp:term":[{"taxonomy":"category","embeddable":true,"href":"https:\/\/grundschule-homberg.de\/wp\/index.php?rest_route=%2Fwp%2Fv2%2Fcategories&post=221654"},{"taxonomy":"post_tag","embeddable":true,"href":"https:\/\/grundschule-homberg.de\/wp\/index.php?rest_route=%2Fwp%2Fv2%2Ftags&post=221654"}],"curies":[{"name":"wp","href":"https:\/\/api.w.org\/{rel}","templated":true}]}}