{"id":221657,"date":"2018-07-26T13:21:29","date_gmt":"2018-07-26T11:21:29","guid":{"rendered":"http:\/\/grundschule-homberg.de\/wp\/?p=221657"},"modified":"2018-07-26T13:21:29","modified_gmt":"2018-07-26T11:21:29","slug":"schulnachrichten","status":"publish","type":"post","link":"https:\/\/grundschule-homberg.de\/wp\/?p=221657","title":{"rendered":"Schulnachrichten"},"content":{"rendered":"<p>Liebe Sch\u00fclerinnen und Sch\u00fcler der Klassen 2-4,<\/p>\n<p>nach hoffentlich erholsamen Ferien freuen wir uns darauf, euch am Montag, dem<br \/>\n06. August 2018 wieder in der Schule begr\u00fc\u00dfen zu k\u00f6nnen. Der Unterricht beginnt<br \/>\nf\u00fcr alle um 08:40 Uhr und endet an diesem Tag um 11:15 Uhr, Betreuung findet wie gewohnt statt.<\/p>\n<p>F\u00fcr die neuen Erstkl\u00e4ssler beginnt die Schule am Dienstag, den 07. August 2018 um 10:30 Uhr in der Grundschule Homberg. Vorher findet in der evangelischen Kirche in Homberg ein \u00f6kumenischer Gottesdienst statt (Beginn 09:15 Uhr).<\/p>\n","protected":false},"excerpt":{"rendered":"<p>Liebe Sch\u00fclerinnen und Sch\u00fcler der Klassen 2-4, nach hoffentlich erholsamen Ferien freuen wir uns darauf, euch am Montag, dem 06. August 2018 wieder in der Schule begr\u00fc\u00dfen zu k\u00f6nnen. Der Unterricht beginnt f\u00fcr alle um 08:40 Uhr und endet an diesem Tag um 11:15 Uhr, Betreuung findet wie gewohnt statt. F\u00fcr die neuen Erstkl\u00e4ssler beginnt &hellip; <a href=\"https:\/\/grundschule-homberg.de\/wp\/?p=221657\" class=\"more-link\"><span class=\"screen-reader-text\">Schulnachrichten<\/span> weiterlesen <span class=\"meta-nav\">&rarr;<\/span><\/a><\/p>\n","protected":false},"author":33,"featured_media":4576,"comment_status":"closed","ping_status":"closed","sticky":false,"template":"","format":"standard","meta":{"ngg_post_thumbnail":0,"_jetpack_memberships_contains_paid_content":false,"footnotes":""},"categories":[1],"tags":[],"class_list":["post-221657","post","type-post","status-publish","format-standard","has-post-thumbnail","hentry","category-allgemein"],"jetpack_featured_media_url":"https:\/\/i0.wp.com\/grundschule-homberg.de\/wp\/wp-content\/uploads\/gruschu-h1-e1498232700138.png?fit=185%2C163&ssl=1","jetpack_shortlink":"https:\/\/wp.me\/p3XuEZ-VF7","jetpack-related-posts":[],"jetpack_sharing_enabled":true,"_links":{"self":[{"href":"https:\/\/grundschule-homberg.de\/wp\/index.php?rest_route=\/wp\/v2\/posts\/221657","targetHints":{"allow":["GET"]}}],"collection":[{"href":"https:\/\/grundschule-homberg.de\/wp\/index.php?rest_route=\/wp\/v2\/posts"}],"about":[{"href":"https:\/\/grundschule-homberg.de\/wp\/index.php?rest_route=\/wp\/v2\/types\/post"}],"author":[{"embeddable":true,"href":"https:\/\/grundschule-homberg.de\/wp\/index.php?rest_route=\/wp\/v2\/users\/33"}],"replies":[{"embeddable":true,"href":"https:\/\/grundschule-homberg.de\/wp\/index.php?rest_route=%2Fwp%2Fv2%2Fcomments&post=221657"}],"version-history":[{"count":1,"href":"https:\/\/grundschule-homberg.de\/wp\/index.php?rest_route=\/wp\/v2\/posts\/221657\/revisions"}],"predecessor-version":[{"id":221658,"href":"https:\/\/grundschule-homberg.de\/wp\/index.php?rest_route=\/wp\/v2\/posts\/221657\/revisions\/221658"}],"wp:featuredmedia":[{"embeddable":true,"href":"https:\/\/grundschule-homberg.de\/wp\/index.php?rest_route=\/wp\/v2\/media\/4576"}],"wp:attachment":[{"href":"https:\/\/grundschule-homberg.de\/wp\/index.php?rest_route=%2Fwp%2Fv2%2Fmedia&parent=221657"}],"wp:term":[{"taxonomy":"category","embeddable":true,"href":"https:\/\/grundschule-homberg.de\/wp\/index.php?rest_route=%2Fwp%2Fv2%2Fcategories&post=221657"},{"taxonomy":"post_tag","embeddable":true,"href":"https:\/\/grundschule-homberg.de\/wp\/index.php?rest_route=%2Fwp%2Fv2%2Ftags&post=221657"}],"curies":[{"name":"wp","href":"https:\/\/api.w.org\/{rel}","templated":true}]}}