{"id":221718,"date":"2018-08-11T18:01:28","date_gmt":"2018-08-11T16:01:28","guid":{"rendered":"http:\/\/grundschule-homberg.de\/wp\/?p=221718"},"modified":"2018-08-11T18:05:55","modified_gmt":"2018-08-11T16:05:55","slug":"schulaufnahmefeier-2018","status":"publish","type":"post","link":"https:\/\/grundschule-homberg.de\/wp\/?p=221718","title":{"rendered":"Schulaufnahmefeier 2018"},"content":{"rendered":"<p>Die Sonne strahlte am Dienstag, den 7. August ebenso wie die Kindergesichter unserer neuen 81 Schulkinder an der Grundschule Homberg.<br \/>\nNach einem feierlichen Gottesdienst in der Stadtkirche begann die schulische Aufnahmefeier um 10.30 Uhr. Viele Eltern und G\u00e4ste waren erschienen, um die Kinder an diesem aufregenden Tag zu begleiten. Man traf sich hinter der kleinen Turnhalle, da der Schulhof bedingt durch die Baustelle im Moment sehr klein ausf\u00e4llt.<\/p>\n<p>Nach dem Begr\u00fc\u00dfungskanon und einem Schulanf\u00e4ngerlied des Schulchores traten die Kinder der Musikschule Fr\u00f6hlich mit ihrer Lehrerin Frau Eckstein auf. Danach spielten die Fl\u00f6tenkinder der 4. Klassen zwei kurze St\u00fccke vor. Am Schluss der kleinen Feier zeigten die Schulkinder der 2. Klassen einen Tanz zum Fliegerlied.<br \/>\nDie Schulleiterin hie\u00df alle Kinder und G\u00e4ste willkommen und rief dann alle Kinder nach Klassen auf.<\/p>\n<p>Die Vorklasse bei Frau Elke Reichel startet mit 21 Kindern ins Schuljahr und soll so schnell wie m\u00f6glich geteilt werden. Die Klasse 1a bei Frau Ebenh\u00f6h beginnt mit 22 Kindern, die 1b bei Frau Justus besuchen 18 und die 1c bei Frau Loos 20 Kinder.<br \/>\nDie Einsch\u00fclerInnen verbrachten nun mit Ihren Klassenlehrerinnen ihre erste Unterrichtsstunde und machten ein Erinnerungsfoto mit Schulbrezel.<br \/>\nIn der Zwischenzeit wurden die neuen Eltern und Gro\u00dfeltern von den Eltern der zweiten Klassen mit Kaffee, Kuchen und kalten Getr\u00e4nken bewirtet. Der Erl\u00f6s der Kaffeetafel kommt den Klassenkassen der zweiten Klassen zugute.<br \/>\nWie im Flug verging die Zeit und am Mittag konnten die Kinder von ihren Eltern im Klassenraum abgeholt werden. Trotz der Baustelle mit ihren Unannehmlichkeiten und langen Wegen war es ein gelungener Start, nicht zuletzt weil sich die Erwachsenen sehr diszipliniert und r\u00fccksichtsvoll auf die Situation einstellten.<\/p>\nngg_shortcode_0_placeholder\n<p>&nbsp;<\/p>\n<p><!--more--><\/p>\n","protected":false},"excerpt":{"rendered":"<p>Die Sonne strahlte am Dienstag, den 7. August ebenso wie die Kindergesichter unserer neuen 81 Schulkinder an der Grundschule Homberg. Nach einem feierlichen Gottesdienst in der Stadtkirche begann die schulische Aufnahmefeier um 10.30 Uhr. Viele Eltern und G\u00e4ste waren erschienen, um die Kinder an diesem aufregenden Tag zu begleiten. Man traf sich hinter der kleinen &hellip; <a href=\"https:\/\/grundschule-homberg.de\/wp\/?p=221718\" class=\"more-link\"><span class=\"screen-reader-text\">Schulaufnahmefeier 2018<\/span> weiterlesen <span class=\"meta-nav\">&rarr;<\/span><\/a><\/p>\n","protected":false},"author":1,"featured_media":221726,"comment_status":"closed","ping_status":"closed","sticky":false,"template":"","format":"standard","meta":{"ngg_post_thumbnail":0,"_jetpack_memberships_contains_paid_content":false,"footnotes":""},"categories":[1],"tags":[],"class_list":["post-221718","post","type-post","status-publish","format-standard","has-post-thumbnail","hentry","category-allgemein"],"jetpack_featured_media_url":"https:\/\/i0.wp.com\/grundschule-homberg.de\/wp\/wp-content\/uploads\/2018\/08\/XIMG-20180807-WA0014.jpg?fit=800%2C600&ssl=1","jetpack_shortlink":"https:\/\/wp.me\/p3XuEZ-VG6","jetpack-related-posts":[],"jetpack_sharing_enabled":true,"_links":{"self":[{"href":"https:\/\/grundschule-homberg.de\/wp\/index.php?rest_route=\/wp\/v2\/posts\/221718","targetHints":{"allow":["GET"]}}],"collection":[{"href":"https:\/\/grundschule-homberg.de\/wp\/index.php?rest_route=\/wp\/v2\/posts"}],"about":[{"href":"https:\/\/grundschule-homberg.de\/wp\/index.php?rest_route=\/wp\/v2\/types\/post"}],"author":[{"embeddable":true,"href":"https:\/\/grundschule-homberg.de\/wp\/index.php?rest_route=\/wp\/v2\/users\/1"}],"replies":[{"embeddable":true,"href":"https:\/\/grundschule-homberg.de\/wp\/index.php?rest_route=%2Fwp%2Fv2%2Fcomments&post=221718"}],"version-history":[{"count":5,"href":"https:\/\/grundschule-homberg.de\/wp\/index.php?rest_route=\/wp\/v2\/posts\/221718\/revisions"}],"predecessor-version":[{"id":221725,"href":"https:\/\/grundschule-homberg.de\/wp\/index.php?rest_route=\/wp\/v2\/posts\/221718\/revisions\/221725"}],"wp:featuredmedia":[{"embeddable":true,"href":"https:\/\/grundschule-homberg.de\/wp\/index.php?rest_route=\/wp\/v2\/media\/221726"}],"wp:attachment":[{"href":"https:\/\/grundschule-homberg.de\/wp\/index.php?rest_route=%2Fwp%2Fv2%2Fmedia&parent=221718"}],"wp:term":[{"taxonomy":"category","embeddable":true,"href":"https:\/\/grundschule-homberg.de\/wp\/index.php?rest_route=%2Fwp%2Fv2%2Fcategories&post=221718"},{"taxonomy":"post_tag","embeddable":true,"href":"https:\/\/grundschule-homberg.de\/wp\/index.php?rest_route=%2Fwp%2Fv2%2Ftags&post=221718"}],"curies":[{"name":"wp","href":"https:\/\/api.w.org\/{rel}","templated":true}]}}