{"id":221770,"date":"2018-09-07T18:24:49","date_gmt":"2018-09-07T16:24:49","guid":{"rendered":"http:\/\/grundschule-homberg.de\/wp\/?p=221770"},"modified":"2018-09-07T18:24:49","modified_gmt":"2018-09-07T16:24:49","slug":"glasblaeser-zeigt-sein-koennen","status":"publish","type":"post","link":"https:\/\/grundschule-homberg.de\/wp\/?p=221770","title":{"rendered":"Glasbl\u00e4ser zeigt sein K\u00f6nnen"},"content":{"rendered":"<p>Am Dienstag, den 4.September 2018 besuchte Herr Sinne, ein ausgebildeter Glasbl\u00e4ser aus Th\u00fcringen, unsere Grundschule. Er erkl\u00e4rte unseren Schulkindern zun\u00e4chst, wie Glas \u00fcberhaupt hergestellt wird. Danach f\u00fchrte er sehr eindrucksvoll sein Handwerk vor. Er stellte beispielsweise Kugeln, eine kleine Glasvase und einen Schwan her. Zudem durften auch Kinder das Blasen einer Kugel versuchen.&nbsp;<\/p>\n<p>Nach Schulschluss konnten die Kinder am Verkaufsmobil des Glasbl\u00e4sers hochwertige, selbst hergestellte Artikel kaufen.<br \/>\n<a href=\"https:\/\/i0.wp.com\/grundschule-homberg.de\/wp\/wp-content\/uploads\/2018\/09\/IMG-20180905-WA0001.jpg\"><img data-recalc-dims=\"1\" loading=\"lazy\" decoding=\"async\" width=\"300\" height=\"169\" class=\"aligncenter size-medium wp-image-221773\" alt=\"\" src=\"https:\/\/i0.wp.com\/grundschule-homberg.de\/wp\/wp-content\/uploads\/2018\/09\/IMG-20180905-WA0001-300x169.jpg?resize=300%2C169\" srcset=\"https:\/\/i0.wp.com\/grundschule-homberg.de\/wp\/wp-content\/uploads\/2018\/09\/IMG-20180905-WA0001.jpg?resize=300%2C169&amp;ssl=1 300w, https:\/\/i0.wp.com\/grundschule-homberg.de\/wp\/wp-content\/uploads\/2018\/09\/IMG-20180905-WA0001.jpg?resize=150%2C84&amp;ssl=1 150w, https:\/\/i0.wp.com\/grundschule-homberg.de\/wp\/wp-content\/uploads\/2018\/09\/IMG-20180905-WA0001.jpg?resize=768%2C432&amp;ssl=1 768w, https:\/\/i0.wp.com\/grundschule-homberg.de\/wp\/wp-content\/uploads\/2018\/09\/IMG-20180905-WA0001.jpg?resize=1024%2C576&amp;ssl=1 1024w, https:\/\/i0.wp.com\/grundschule-homberg.de\/wp\/wp-content\/uploads\/2018\/09\/IMG-20180905-WA0001.jpg?w=1600&amp;ssl=1 1600w, https:\/\/i0.wp.com\/grundschule-homberg.de\/wp\/wp-content\/uploads\/2018\/09\/IMG-20180905-WA0001.jpg?w=1208&amp;ssl=1 1208w\" sizes=\"auto, (max-width: 300px) 100vw, 300px\" \/><\/a> <a href=\"https:\/\/i0.wp.com\/grundschule-homberg.de\/wp\/wp-content\/uploads\/2018\/09\/IMG-20180905-WA0002.jpg\"><img data-recalc-dims=\"1\" loading=\"lazy\" decoding=\"async\" width=\"169\" height=\"300\" class=\"aligncenter size-medium wp-image-221771\" alt=\"\" src=\"https:\/\/i0.wp.com\/grundschule-homberg.de\/wp\/wp-content\/uploads\/2018\/09\/IMG-20180905-WA0002-169x300.jpg?resize=169%2C300\" srcset=\"https:\/\/i0.wp.com\/grundschule-homberg.de\/wp\/wp-content\/uploads\/2018\/09\/IMG-20180905-WA0002.jpg?resize=169%2C300&amp;ssl=1 169w, https:\/\/i0.wp.com\/grundschule-homberg.de\/wp\/wp-content\/uploads\/2018\/09\/IMG-20180905-WA0002.jpg?resize=84%2C150&amp;ssl=1 84w, https:\/\/i0.wp.com\/grundschule-homberg.de\/wp\/wp-content\/uploads\/2018\/09\/IMG-20180905-WA0002.jpg?resize=768%2C1365&amp;ssl=1 768w, https:\/\/i0.wp.com\/grundschule-homberg.de\/wp\/wp-content\/uploads\/2018\/09\/IMG-20180905-WA0002.jpg?resize=576%2C1024&amp;ssl=1 576w, https:\/\/i0.wp.com\/grundschule-homberg.de\/wp\/wp-content\/uploads\/2018\/09\/IMG-20180905-WA0002.jpg?w=900&amp;ssl=1 900w\" sizes=\"auto, (max-width: 169px) 100vw, 169px\" \/><\/a> <a href=\"https:\/\/i0.wp.com\/grundschule-homberg.de\/wp\/wp-content\/uploads\/2018\/09\/IMG-20180905-WA0000.jpg\"><img data-recalc-dims=\"1\" loading=\"lazy\" decoding=\"async\" width=\"300\" height=\"169\" class=\"aligncenter size-medium wp-image-221772\" alt=\"\" src=\"https:\/\/i0.wp.com\/grundschule-homberg.de\/wp\/wp-content\/uploads\/2018\/09\/IMG-20180905-WA0000-300x169.jpg?resize=300%2C169\" srcset=\"https:\/\/i0.wp.com\/grundschule-homberg.de\/wp\/wp-content\/uploads\/2018\/09\/IMG-20180905-WA0000.jpg?resize=300%2C169&amp;ssl=1 300w, https:\/\/i0.wp.com\/grundschule-homberg.de\/wp\/wp-content\/uploads\/2018\/09\/IMG-20180905-WA0000.jpg?resize=150%2C84&amp;ssl=1 150w, https:\/\/i0.wp.com\/grundschule-homberg.de\/wp\/wp-content\/uploads\/2018\/09\/IMG-20180905-WA0000.jpg?resize=768%2C432&amp;ssl=1 768w, https:\/\/i0.wp.com\/grundschule-homberg.de\/wp\/wp-content\/uploads\/2018\/09\/IMG-20180905-WA0000.jpg?resize=1024%2C576&amp;ssl=1 1024w, https:\/\/i0.wp.com\/grundschule-homberg.de\/wp\/wp-content\/uploads\/2018\/09\/IMG-20180905-WA0000.jpg?w=1600&amp;ssl=1 1600w, https:\/\/i0.wp.com\/grundschule-homberg.de\/wp\/wp-content\/uploads\/2018\/09\/IMG-20180905-WA0000.jpg?w=1208&amp;ssl=1 1208w\" sizes=\"auto, (max-width: 300px) 100vw, 300px\" \/><\/a><\/p>\n","protected":false},"excerpt":{"rendered":"<p>Am Dienstag, den 4.September 2018 besuchte Herr Sinne, ein ausgebildeter Glasbl\u00e4ser aus Th\u00fcringen, unsere Grundschule. Er erkl\u00e4rte unseren Schulkindern zun\u00e4chst, wie Glas \u00fcberhaupt hergestellt wird. Danach f\u00fchrte er sehr eindrucksvoll sein Handwerk vor. Er stellte beispielsweise Kugeln, eine kleine Glasvase und einen Schwan her. Zudem durften auch Kinder das Blasen einer Kugel versuchen.&nbsp; Nach Schulschluss &hellip; <a href=\"https:\/\/grundschule-homberg.de\/wp\/?p=221770\" class=\"more-link\"><span class=\"screen-reader-text\">Glasbl\u00e4ser zeigt sein K\u00f6nnen<\/span> weiterlesen <span class=\"meta-nav\">&rarr;<\/span><\/a><\/p>\n","protected":false},"author":1,"featured_media":221772,"comment_status":"closed","ping_status":"closed","sticky":false,"template":"","format":"standard","meta":{"ngg_post_thumbnail":0,"_jetpack_memberships_contains_paid_content":false,"footnotes":""},"categories":[1,20],"tags":[],"class_list":["post-221770","post","type-post","status-publish","format-standard","has-post-thumbnail","hentry","category-allgemein","category-schulleben"],"jetpack_featured_media_url":"https:\/\/i0.wp.com\/grundschule-homberg.de\/wp\/wp-content\/uploads\/2018\/09\/IMG-20180905-WA0000.jpg?fit=1600%2C900&ssl=1","jetpack_shortlink":"https:\/\/wp.me\/p3XuEZ-VGW","jetpack-related-posts":[],"jetpack_sharing_enabled":true,"_links":{"self":[{"href":"https:\/\/grundschule-homberg.de\/wp\/index.php?rest_route=\/wp\/v2\/posts\/221770","targetHints":{"allow":["GET"]}}],"collection":[{"href":"https:\/\/grundschule-homberg.de\/wp\/index.php?rest_route=\/wp\/v2\/posts"}],"about":[{"href":"https:\/\/grundschule-homberg.de\/wp\/index.php?rest_route=\/wp\/v2\/types\/post"}],"author":[{"embeddable":true,"href":"https:\/\/grundschule-homberg.de\/wp\/index.php?rest_route=\/wp\/v2\/users\/1"}],"replies":[{"embeddable":true,"href":"https:\/\/grundschule-homberg.de\/wp\/index.php?rest_route=%2Fwp%2Fv2%2Fcomments&post=221770"}],"version-history":[{"count":1,"href":"https:\/\/grundschule-homberg.de\/wp\/index.php?rest_route=\/wp\/v2\/posts\/221770\/revisions"}],"predecessor-version":[{"id":221774,"href":"https:\/\/grundschule-homberg.de\/wp\/index.php?rest_route=\/wp\/v2\/posts\/221770\/revisions\/221774"}],"wp:featuredmedia":[{"embeddable":true,"href":"https:\/\/grundschule-homberg.de\/wp\/index.php?rest_route=\/wp\/v2\/media\/221772"}],"wp:attachment":[{"href":"https:\/\/grundschule-homberg.de\/wp\/index.php?rest_route=%2Fwp%2Fv2%2Fmedia&parent=221770"}],"wp:term":[{"taxonomy":"category","embeddable":true,"href":"https:\/\/grundschule-homberg.de\/wp\/index.php?rest_route=%2Fwp%2Fv2%2Fcategories&post=221770"},{"taxonomy":"post_tag","embeddable":true,"href":"https:\/\/grundschule-homberg.de\/wp\/index.php?rest_route=%2Fwp%2Fv2%2Ftags&post=221770"}],"curies":[{"name":"wp","href":"https:\/\/api.w.org\/{rel}","templated":true}]}}