{"id":221775,"date":"2018-09-07T18:30:37","date_gmt":"2018-09-07T16:30:37","guid":{"rendered":"http:\/\/grundschule-homberg.de\/wp\/?p=221775"},"modified":"2018-09-07T18:30:37","modified_gmt":"2018-09-07T16:30:37","slug":"am-mittwoch-den-12-09-2018-ist-die-betreuung-wegen-einer-dienstbesprechung-ab-14-30-uhr-geschlossen","status":"publish","type":"post","link":"https:\/\/grundschule-homberg.de\/wp\/?p=221775","title":{"rendered":"Am Mittwoch, den 12.09.2018 ist die Betreuung wegen einer Dienstbesprechung ab 14.30 Uhr geschlossen."},"content":{"rendered":"<p>Liebe Eltern!<\/p>\n<p><strong>Wichtig!!!!<\/strong><\/p>\n<p>Am <strong>Mittwoch, den 12.09.2018<\/strong> ist die Betreuung wegen einer Dienstbesprechung<\/p>\n<p>ab <strong>14.30 Uhr geschlossen.<\/strong><\/p>\n<p>Bitte holen Sie Ihr Kind an diesem Tag bitte bis <strong>sp\u00e4testens <\/strong>14.30 Uhr in der Betreuung ab.<\/p>\n<p>Mit freundlichen Gr\u00fc\u00dfen<\/p>\n<p>Ihr Betreuungsteam<br \/>\n[gview file=&#8220;http:\/\/grundschule-homberg.de\/wp\/wp-content\/uploads\/2018\/09\/Elternbrief-Schlie\u00dfung-12.9_.pdf&#8220;]<\/p>\n","protected":false},"excerpt":{"rendered":"<p>Liebe Eltern! Wichtig!!!! Am Mittwoch, den 12.09.2018 ist die Betreuung wegen einer Dienstbesprechung ab 14.30 Uhr geschlossen. Bitte holen Sie Ihr Kind an diesem Tag bitte bis sp\u00e4testens 14.30 Uhr in der Betreuung ab. Mit freundlichen Gr\u00fc\u00dfen Ihr Betreuungsteam [gview file=&#8220;http:\/\/grundschule-homberg.de\/wp\/wp-content\/uploads\/2018\/09\/Elternbrief-Schlie\u00dfung-12.9_.pdf&#8220;]<\/p>\n","protected":false},"author":1,"featured_media":3534,"comment_status":"closed","ping_status":"closed","sticky":false,"template":"","format":"standard","meta":{"ngg_post_thumbnail":0,"_jetpack_memberships_contains_paid_content":false,"footnotes":""},"categories":[15],"tags":[],"class_list":["post-221775","post","type-post","status-publish","format-standard","has-post-thumbnail","hentry","category-betreuung"],"jetpack_featured_media_url":"https:\/\/i0.wp.com\/grundschule-homberg.de\/wp\/wp-content\/uploads\/IB.png?fit=225%2C52&ssl=1","jetpack_shortlink":"https:\/\/wp.me\/p3XuEZ-VH1","jetpack-related-posts":[],"jetpack_sharing_enabled":true,"_links":{"self":[{"href":"https:\/\/grundschule-homberg.de\/wp\/index.php?rest_route=\/wp\/v2\/posts\/221775","targetHints":{"allow":["GET"]}}],"collection":[{"href":"https:\/\/grundschule-homberg.de\/wp\/index.php?rest_route=\/wp\/v2\/posts"}],"about":[{"href":"https:\/\/grundschule-homberg.de\/wp\/index.php?rest_route=\/wp\/v2\/types\/post"}],"author":[{"embeddable":true,"href":"https:\/\/grundschule-homberg.de\/wp\/index.php?rest_route=\/wp\/v2\/users\/1"}],"replies":[{"embeddable":true,"href":"https:\/\/grundschule-homberg.de\/wp\/index.php?rest_route=%2Fwp%2Fv2%2Fcomments&post=221775"}],"version-history":[{"count":1,"href":"https:\/\/grundschule-homberg.de\/wp\/index.php?rest_route=\/wp\/v2\/posts\/221775\/revisions"}],"predecessor-version":[{"id":221777,"href":"https:\/\/grundschule-homberg.de\/wp\/index.php?rest_route=\/wp\/v2\/posts\/221775\/revisions\/221777"}],"wp:featuredmedia":[{"embeddable":true,"href":"https:\/\/grundschule-homberg.de\/wp\/index.php?rest_route=\/wp\/v2\/media\/3534"}],"wp:attachment":[{"href":"https:\/\/grundschule-homberg.de\/wp\/index.php?rest_route=%2Fwp%2Fv2%2Fmedia&parent=221775"}],"wp:term":[{"taxonomy":"category","embeddable":true,"href":"https:\/\/grundschule-homberg.de\/wp\/index.php?rest_route=%2Fwp%2Fv2%2Fcategories&post=221775"},{"taxonomy":"post_tag","embeddable":true,"href":"https:\/\/grundschule-homberg.de\/wp\/index.php?rest_route=%2Fwp%2Fv2%2Ftags&post=221775"}],"curies":[{"name":"wp","href":"https:\/\/api.w.org\/{rel}","templated":true}]}}