{"id":221847,"date":"2018-09-25T22:06:48","date_gmt":"2018-09-25T20:06:48","guid":{"rendered":"http:\/\/grundschule-homberg.de\/wp\/?p=221847"},"modified":"2018-09-25T22:07:38","modified_gmt":"2018-09-25T20:07:38","slug":"leseprojektwoche","status":"publish","type":"post","link":"https:\/\/grundschule-homberg.de\/wp\/?p=221847","title":{"rendered":"Leseprojektwoche"},"content":{"rendered":"<p><span style=\"margin: 0px; font-family: 'Comic Sans MS';\"><span style=\"color: #000000;\">Ein chinesisches Sprichwort sagt:<\/span><\/span><\/p>\n<p><span style=\"font-family: 'Comic Sans MS';\"><span style=\"color: #b00000;\">J<span style=\"margin: 0px; font-family: 'Comic Sans MS';\">edes Mal, wenn man ein Buch \u00f6ffnet, lernt man etwas.<\/span><\/span><\/span><\/p>\n<p><span style=\"margin: 0px; font-family: 'Comic Sans MS';\"><span style=\"color: #000000;\">Und es wurde viel gelernt, in der Leseprojektwoche vom 17.09.2018 \u2013 21.09.2018.<\/span><\/span><\/p>\n<p><span style=\"margin: 0px; font-family: 'Comic Sans MS';\"><span style=\"color: #000000;\">B\u00fccher \u00fcber B\u00fccher wurden ge\u00f6ffnet und es wurde flei\u00dfig gelesen und flei\u00dfig gelernt.<br \/>\n<\/span><\/span><span style=\"margin: 0px; font-family: 'Comic Sans MS';\"><span style=\"color: #000000;\">In den Klassen arbeiteten die Kinder an verschiedenen Literaturprojekten, auch <\/span><\/span><span style=\"margin: 0px; font-family: 'Comic Sans MS';\"><span style=\"color: #000000;\">Vorleser kamen in die Schule und lasen aus ausgew\u00e4hlten Texten den Kindern vor.<\/span><\/span><\/p>\n<p><span style=\"margin: 0px; font-family: 'Comic Sans MS';\"><span style=\"color: #000000;\">Die Klassen besuchten die Bibliothek der Ohmtalschule und konnten nach Herzenslust in altersgerechten B\u00fcchern st\u00f6bern.<\/span><\/span><\/p>\n<p><span style=\"margin: 0px; font-family: 'Comic Sans MS';\"><span style=\"color: #000000;\">Volltreffer war wie schon oft, der Besuch des B\u00fccherflohmarktes. Hier tummelten sich Prinzessinnen-, Seer\u00e4uber- und allerhand weitere Geschichten.&nbsp; F\u00fcr wirklich jedes Kind war etwas dabei und es wurde t\u00fcchtig eingekauft.<\/span><\/span><\/p>\n<p><span style=\"margin: 0px; font-family: 'Comic Sans MS';\"><span style=\"color: #000000;\">Manch einer trug nicht nur ein Buch, sondern einen Schatz nach Hause.<\/span><\/span><\/p>\n<p><span style=\"margin: 0px; font-family: 'Comic Sans MS';\"><span style=\"color: #000000;\">Am Freitag lernten die Kinder die Heuhaufen &#8211; Halunken und ihren Erfinder, den Autor Sven Gerhardt, kennen.<br \/>\n<\/span><\/span><span style=\"margin: 0px; font-family: 'Comic Sans MS';\"><span style=\"color: #000000;\">Mitrei\u00dfend erz\u00e4hlte er aus seinen spannenden und witzigen B\u00fcchern und beantwortete gerne Fragen zu seinen B\u00fcchern,&nbsp; den Bildern und zu seiner Arbeit.<\/span><\/span><\/p>\n<p><span style=\"margin: 0px; font-family: 'Comic Sans MS';\"><span style=\"color: #000000;\">Eine tolle Leseprojektwoche, <\/span><\/span><span style=\"margin: 0px; font-family: 'Comic Sans MS';\"><span style=\"color: #000000;\">die aber nur mit Unterst\u00fctzung vieler Helfer so gut gelingen konnte. An dieser Stelle ein herzliches Dankesch\u00f6n an Frau Damhus f\u00fcr die Betreuung in der Bibliothek, den ehemaligen und zuk\u00fcnftigen Kolleginnen und Kollegen f\u00fcr die Betreuung des B\u00fccherflohmarktes, den netten Vorlesern in den Klassen, den Eltern und Kindern f\u00fcr die umfangreichen B\u00fccherspenden, den vielen t\u00e4tigen H\u00e4nden bei der Vor- und Nachbereitung und, und, und.<\/span><\/span><\/p>\n<p><span style=\"margin: 0px; font-family: 'Comic Sans MS';\"><span style=\"color: #000000;\">Der umfangreiche Erl\u00f6s des B\u00fccherflohmarktes, kommt den Klassenb\u00fccherkisten zu Gute, diese k\u00f6nnen mit weiteren neuen B\u00fcchern best\u00fcckt werden.<\/span><\/span><\/p>\n<p><span style=\"margin: 0px; font-family: 'Comic Sans MS';\"><span style=\"color: #000000;\">Viele B\u00fccher wurden ge\u00f6ffnet, jetzt hei\u00dft es flei\u00dfig gelesen &#8211;<br \/>\n<\/span><\/span><span style=\"margin: 0px; font-family: 'Comic Sans MS';\"><span style=\"color: #000000;\">denn wer viele B\u00fccher \u00f6ffnet, lernt eine Menge !<\/span><\/span><\/p>\nngg_shortcode_0_placeholder\n","protected":false},"excerpt":{"rendered":"<p>Ein chinesisches Sprichwort sagt: Jedes Mal, wenn man ein Buch \u00f6ffnet, lernt man etwas. Und es wurde viel gelernt, in der Leseprojektwoche vom 17.09.2018 \u2013 21.09.2018. B\u00fccher \u00fcber B\u00fccher wurden ge\u00f6ffnet und es wurde flei\u00dfig gelesen und flei\u00dfig gelernt. In den Klassen arbeiteten die Kinder an verschiedenen Literaturprojekten, auch Vorleser kamen in die Schule und &hellip; <a href=\"https:\/\/grundschule-homberg.de\/wp\/?p=221847\" class=\"more-link\"><span class=\"screen-reader-text\">Leseprojektwoche<\/span> weiterlesen <span class=\"meta-nav\">&rarr;<\/span><\/a><\/p>\n","protected":false},"author":1,"featured_media":221849,"comment_status":"closed","ping_status":"closed","sticky":false,"template":"","format":"standard","meta":{"ngg_post_thumbnail":0,"_jetpack_memberships_contains_paid_content":false,"footnotes":""},"categories":[1],"tags":[],"class_list":["post-221847","post","type-post","status-publish","format-standard","has-post-thumbnail","hentry","category-allgemein"],"jetpack_featured_media_url":"https:\/\/i0.wp.com\/grundschule-homberg.de\/wp\/wp-content\/uploads\/ngg_featured\/IMG-20180925-WA0008.jpg?fit=800%2C600&ssl=1","jetpack_shortlink":"https:\/\/wp.me\/p3XuEZ-VIb","jetpack-related-posts":[],"jetpack_sharing_enabled":true,"_links":{"self":[{"href":"https:\/\/grundschule-homberg.de\/wp\/index.php?rest_route=\/wp\/v2\/posts\/221847","targetHints":{"allow":["GET"]}}],"collection":[{"href":"https:\/\/grundschule-homberg.de\/wp\/index.php?rest_route=\/wp\/v2\/posts"}],"about":[{"href":"https:\/\/grundschule-homberg.de\/wp\/index.php?rest_route=\/wp\/v2\/types\/post"}],"author":[{"embeddable":true,"href":"https:\/\/grundschule-homberg.de\/wp\/index.php?rest_route=\/wp\/v2\/users\/1"}],"replies":[{"embeddable":true,"href":"https:\/\/grundschule-homberg.de\/wp\/index.php?rest_route=%2Fwp%2Fv2%2Fcomments&post=221847"}],"version-history":[{"count":2,"href":"https:\/\/grundschule-homberg.de\/wp\/index.php?rest_route=\/wp\/v2\/posts\/221847\/revisions"}],"predecessor-version":[{"id":221850,"href":"https:\/\/grundschule-homberg.de\/wp\/index.php?rest_route=\/wp\/v2\/posts\/221847\/revisions\/221850"}],"wp:featuredmedia":[{"embeddable":true,"href":"https:\/\/grundschule-homberg.de\/wp\/index.php?rest_route=\/wp\/v2\/media\/221849"}],"wp:attachment":[{"href":"https:\/\/grundschule-homberg.de\/wp\/index.php?rest_route=%2Fwp%2Fv2%2Fmedia&parent=221847"}],"wp:term":[{"taxonomy":"category","embeddable":true,"href":"https:\/\/grundschule-homberg.de\/wp\/index.php?rest_route=%2Fwp%2Fv2%2Fcategories&post=221847"},{"taxonomy":"post_tag","embeddable":true,"href":"https:\/\/grundschule-homberg.de\/wp\/index.php?rest_route=%2Fwp%2Fv2%2Ftags&post=221847"}],"curies":[{"name":"wp","href":"https:\/\/api.w.org\/{rel}","templated":true}]}}