{"id":222082,"date":"2019-02-16T11:39:34","date_gmt":"2019-02-16T10:39:34","guid":{"rendered":"http:\/\/grundschule-homberg.de\/wp\/?p=222082"},"modified":"2019-02-16T11:39:36","modified_gmt":"2019-02-16T10:39:36","slug":"so-eine-schweinerei","status":"publish","type":"post","link":"https:\/\/grundschule-homberg.de\/wp\/?p=222082","title":{"rendered":"&#8222;So eine Schweinerei!&#8220;"},"content":{"rendered":"\n<p>Tierwohl &#8211; ein wichtiges Thema stand f\u00fcr die Kinder der Natur-AG in den letzten Wochen auf dem Plan. Die interessierten Sch\u00fclerinnen und Sch\u00fcler der 3. und 4. Klassen informierten sich mit ihrer AG-Leiterin Frau Biedenkapp \u00fcber die Bed\u00fcrfnisse von Schweinen und dar\u00fcber, wie sie tats\u00e4chlich in den meisten Mastbetrieben gehalten werden. <\/p>\n\n\n\n<p>Die Kinder entschieden dann, dass man den Schweinen dringend eine Stimme geben m\u00fcsse, um auf&nbsp;ihre Lebensumst\u00e4nde aufmerksam zu machen.&nbsp;&nbsp;Die selbstgebastelten Schweine mit ihren Protest-Schildern&nbsp;veranstalten nun eine Demo im Verwaltungsflur und rufen zu mehr Tierliebe in der Tierhaltung auf.<\/p>\n\n\n\n<p>&nbsp;<\/p>\n\n\n\n<p>Die Kinder fordern f\u00fcr ihre Schweine: <\/p>\n\n\n\n<p>&#8211; mehr Auslauf mit Frischluft &#8211; h\u00f6here Preise (= mehr Wert) f\u00fcr Schweinefleisch &#8211; Bet\u00e4ubung bei der Kastration &#8211;&nbsp;gr\u00f6\u00dfere St\u00e4lle ohne Kastenst\u00e4nde&nbsp;&#8211; Stroh und Heu in den St\u00e4llen &#8211; M\u00f6glichkeiten zum Suhlen &#8211; &nbsp;&nbsp;<\/p>\n\n\n\n<figure class=\"wp-block-image\"><img data-recalc-dims=\"1\" loading=\"lazy\" decoding=\"async\" width=\"604\" height=\"453\" src=\"https:\/\/i0.wp.com\/grundschule-homberg.de\/wp\/wp-content\/uploads\/2019\/02\/IMG-20190215-WA0009-1024x768.jpg?resize=604%2C453\" alt=\"\" class=\"wp-image-222099\" srcset=\"https:\/\/i0.wp.com\/grundschule-homberg.de\/wp\/wp-content\/uploads\/2019\/02\/IMG-20190215-WA0009.jpg?resize=1024%2C768&amp;ssl=1 1024w, https:\/\/i0.wp.com\/grundschule-homberg.de\/wp\/wp-content\/uploads\/2019\/02\/IMG-20190215-WA0009.jpg?resize=150%2C113&amp;ssl=1 150w, https:\/\/i0.wp.com\/grundschule-homberg.de\/wp\/wp-content\/uploads\/2019\/02\/IMG-20190215-WA0009.jpg?resize=300%2C225&amp;ssl=1 300w, https:\/\/i0.wp.com\/grundschule-homberg.de\/wp\/wp-content\/uploads\/2019\/02\/IMG-20190215-WA0009.jpg?resize=768%2C576&amp;ssl=1 768w, https:\/\/i0.wp.com\/grundschule-homberg.de\/wp\/wp-content\/uploads\/2019\/02\/IMG-20190215-WA0009.jpg?w=1600&amp;ssl=1 1600w, https:\/\/i0.wp.com\/grundschule-homberg.de\/wp\/wp-content\/uploads\/2019\/02\/IMG-20190215-WA0009.jpg?w=1208&amp;ssl=1 1208w\" sizes=\"auto, (max-width: 604px) 100vw, 604px\" \/><\/figure>\n\n\n\n<figure class=\"wp-block-image\"><img data-recalc-dims=\"1\" loading=\"lazy\" decoding=\"async\" width=\"604\" height=\"453\" src=\"https:\/\/i0.wp.com\/grundschule-homberg.de\/wp\/wp-content\/uploads\/2019\/02\/IMG-20190215-WA0008-1024x768.jpg?resize=604%2C453\" alt=\"\" class=\"wp-image-222098\" srcset=\"https:\/\/i0.wp.com\/grundschule-homberg.de\/wp\/wp-content\/uploads\/2019\/02\/IMG-20190215-WA0008.jpg?resize=1024%2C768&amp;ssl=1 1024w, https:\/\/i0.wp.com\/grundschule-homberg.de\/wp\/wp-content\/uploads\/2019\/02\/IMG-20190215-WA0008.jpg?resize=150%2C113&amp;ssl=1 150w, https:\/\/i0.wp.com\/grundschule-homberg.de\/wp\/wp-content\/uploads\/2019\/02\/IMG-20190215-WA0008.jpg?resize=300%2C225&amp;ssl=1 300w, https:\/\/i0.wp.com\/grundschule-homberg.de\/wp\/wp-content\/uploads\/2019\/02\/IMG-20190215-WA0008.jpg?resize=768%2C576&amp;ssl=1 768w, https:\/\/i0.wp.com\/grundschule-homberg.de\/wp\/wp-content\/uploads\/2019\/02\/IMG-20190215-WA0008.jpg?w=1600&amp;ssl=1 1600w, https:\/\/i0.wp.com\/grundschule-homberg.de\/wp\/wp-content\/uploads\/2019\/02\/IMG-20190215-WA0008.jpg?w=1208&amp;ssl=1 1208w\" sizes=\"auto, (max-width: 604px) 100vw, 604px\" \/><\/figure>\n\n\n\n<figure class=\"wp-block-image\"><img data-recalc-dims=\"1\" loading=\"lazy\" decoding=\"async\" width=\"604\" height=\"453\" src=\"https:\/\/i0.wp.com\/grundschule-homberg.de\/wp\/wp-content\/uploads\/2019\/02\/IMG-20190215-WA0007-1024x768.jpg?resize=604%2C453\" alt=\"\" class=\"wp-image-222097\" srcset=\"https:\/\/i0.wp.com\/grundschule-homberg.de\/wp\/wp-content\/uploads\/2019\/02\/IMG-20190215-WA0007.jpg?resize=1024%2C768&amp;ssl=1 1024w, https:\/\/i0.wp.com\/grundschule-homberg.de\/wp\/wp-content\/uploads\/2019\/02\/IMG-20190215-WA0007.jpg?resize=150%2C113&amp;ssl=1 150w, https:\/\/i0.wp.com\/grundschule-homberg.de\/wp\/wp-content\/uploads\/2019\/02\/IMG-20190215-WA0007.jpg?resize=300%2C225&amp;ssl=1 300w, https:\/\/i0.wp.com\/grundschule-homberg.de\/wp\/wp-content\/uploads\/2019\/02\/IMG-20190215-WA0007.jpg?resize=768%2C576&amp;ssl=1 768w, https:\/\/i0.wp.com\/grundschule-homberg.de\/wp\/wp-content\/uploads\/2019\/02\/IMG-20190215-WA0007.jpg?w=1600&amp;ssl=1 1600w, https:\/\/i0.wp.com\/grundschule-homberg.de\/wp\/wp-content\/uploads\/2019\/02\/IMG-20190215-WA0007.jpg?w=1208&amp;ssl=1 1208w\" sizes=\"auto, (max-width: 604px) 100vw, 604px\" \/><\/figure>\n\n\n\n<figure class=\"wp-block-image\"><img data-recalc-dims=\"1\" loading=\"lazy\" decoding=\"async\" width=\"604\" height=\"453\" src=\"https:\/\/i0.wp.com\/grundschule-homberg.de\/wp\/wp-content\/uploads\/2019\/02\/IMG-20190215-WA0006-1024x768.jpg?resize=604%2C453\" alt=\"\" class=\"wp-image-222096\" srcset=\"https:\/\/i0.wp.com\/grundschule-homberg.de\/wp\/wp-content\/uploads\/2019\/02\/IMG-20190215-WA0006.jpg?resize=1024%2C768&amp;ssl=1 1024w, https:\/\/i0.wp.com\/grundschule-homberg.de\/wp\/wp-content\/uploads\/2019\/02\/IMG-20190215-WA0006.jpg?resize=150%2C113&amp;ssl=1 150w, https:\/\/i0.wp.com\/grundschule-homberg.de\/wp\/wp-content\/uploads\/2019\/02\/IMG-20190215-WA0006.jpg?resize=300%2C225&amp;ssl=1 300w, https:\/\/i0.wp.com\/grundschule-homberg.de\/wp\/wp-content\/uploads\/2019\/02\/IMG-20190215-WA0006.jpg?resize=768%2C576&amp;ssl=1 768w, https:\/\/i0.wp.com\/grundschule-homberg.de\/wp\/wp-content\/uploads\/2019\/02\/IMG-20190215-WA0006.jpg?w=1600&amp;ssl=1 1600w, https:\/\/i0.wp.com\/grundschule-homberg.de\/wp\/wp-content\/uploads\/2019\/02\/IMG-20190215-WA0006.jpg?w=1208&amp;ssl=1 1208w\" sizes=\"auto, (max-width: 604px) 100vw, 604px\" \/><\/figure>\n\n\n\n<figure class=\"wp-block-image\"><img data-recalc-dims=\"1\" loading=\"lazy\" decoding=\"async\" width=\"604\" height=\"453\" src=\"https:\/\/i0.wp.com\/grundschule-homberg.de\/wp\/wp-content\/uploads\/2019\/02\/IMG-20190215-WA0010-1024x768.jpg?resize=604%2C453\" alt=\"\" class=\"wp-image-222095\" srcset=\"https:\/\/i0.wp.com\/grundschule-homberg.de\/wp\/wp-content\/uploads\/2019\/02\/IMG-20190215-WA0010.jpg?resize=1024%2C768&amp;ssl=1 1024w, https:\/\/i0.wp.com\/grundschule-homberg.de\/wp\/wp-content\/uploads\/2019\/02\/IMG-20190215-WA0010.jpg?resize=150%2C113&amp;ssl=1 150w, https:\/\/i0.wp.com\/grundschule-homberg.de\/wp\/wp-content\/uploads\/2019\/02\/IMG-20190215-WA0010.jpg?resize=300%2C225&amp;ssl=1 300w, https:\/\/i0.wp.com\/grundschule-homberg.de\/wp\/wp-content\/uploads\/2019\/02\/IMG-20190215-WA0010.jpg?resize=768%2C576&amp;ssl=1 768w, https:\/\/i0.wp.com\/grundschule-homberg.de\/wp\/wp-content\/uploads\/2019\/02\/IMG-20190215-WA0010.jpg?w=1600&amp;ssl=1 1600w, https:\/\/i0.wp.com\/grundschule-homberg.de\/wp\/wp-content\/uploads\/2019\/02\/IMG-20190215-WA0010.jpg?w=1208&amp;ssl=1 1208w\" sizes=\"auto, (max-width: 604px) 100vw, 604px\" \/><\/figure>\n","protected":false},"excerpt":{"rendered":"<p>Tierwohl &#8211; ein wichtiges Thema stand f\u00fcr die Kinder der Natur-AG in den letzten Wochen auf dem Plan. Die interessierten Sch\u00fclerinnen und Sch\u00fcler der 3. und 4. Klassen informierten sich mit ihrer AG-Leiterin Frau Biedenkapp \u00fcber die Bed\u00fcrfnisse von Schweinen und dar\u00fcber, wie sie tats\u00e4chlich in den meisten Mastbetrieben gehalten werden. Die Kinder entschieden dann, &hellip; <a href=\"https:\/\/grundschule-homberg.de\/wp\/?p=222082\" class=\"more-link\"><span class=\"screen-reader-text\">&#8222;So eine Schweinerei!&#8220;<\/span> weiterlesen <span class=\"meta-nav\">&rarr;<\/span><\/a><\/p>\n","protected":false},"author":2,"featured_media":222083,"comment_status":"closed","ping_status":"closed","sticky":false,"template":"","format":"standard","meta":{"ngg_post_thumbnail":0,"_jetpack_memberships_contains_paid_content":false,"footnotes":""},"categories":[25,1],"tags":[],"class_list":["post-222082","post","type-post","status-publish","format-standard","has-post-thumbnail","hentry","category-ags","category-allgemein"],"jetpack_featured_media_url":"https:\/\/i0.wp.com\/grundschule-homberg.de\/wp\/wp-content\/uploads\/2019\/02\/Schweine.jpg?fit=3968%2C2240&ssl=1","jetpack_shortlink":"https:\/\/wp.me\/p3XuEZ-VLY","jetpack-related-posts":[],"jetpack_sharing_enabled":true,"_links":{"self":[{"href":"https:\/\/grundschule-homberg.de\/wp\/index.php?rest_route=\/wp\/v2\/posts\/222082","targetHints":{"allow":["GET"]}}],"collection":[{"href":"https:\/\/grundschule-homberg.de\/wp\/index.php?rest_route=\/wp\/v2\/posts"}],"about":[{"href":"https:\/\/grundschule-homberg.de\/wp\/index.php?rest_route=\/wp\/v2\/types\/post"}],"author":[{"embeddable":true,"href":"https:\/\/grundschule-homberg.de\/wp\/index.php?rest_route=\/wp\/v2\/users\/2"}],"replies":[{"embeddable":true,"href":"https:\/\/grundschule-homberg.de\/wp\/index.php?rest_route=%2Fwp%2Fv2%2Fcomments&post=222082"}],"version-history":[{"count":2,"href":"https:\/\/grundschule-homberg.de\/wp\/index.php?rest_route=\/wp\/v2\/posts\/222082\/revisions"}],"predecessor-version":[{"id":222101,"href":"https:\/\/grundschule-homberg.de\/wp\/index.php?rest_route=\/wp\/v2\/posts\/222082\/revisions\/222101"}],"wp:featuredmedia":[{"embeddable":true,"href":"https:\/\/grundschule-homberg.de\/wp\/index.php?rest_route=\/wp\/v2\/media\/222083"}],"wp:attachment":[{"href":"https:\/\/grundschule-homberg.de\/wp\/index.php?rest_route=%2Fwp%2Fv2%2Fmedia&parent=222082"}],"wp:term":[{"taxonomy":"category","embeddable":true,"href":"https:\/\/grundschule-homberg.de\/wp\/index.php?rest_route=%2Fwp%2Fv2%2Fcategories&post=222082"},{"taxonomy":"post_tag","embeddable":true,"href":"https:\/\/grundschule-homberg.de\/wp\/index.php?rest_route=%2Fwp%2Fv2%2Ftags&post=222082"}],"curies":[{"name":"wp","href":"https:\/\/api.w.org\/{rel}","templated":true}]}}