{"id":222128,"date":"2019-03-15T13:34:22","date_gmt":"2019-03-15T12:34:22","guid":{"rendered":"http:\/\/grundschule-homberg.de\/wp\/?p=222128"},"modified":"2019-03-15T13:34:23","modified_gmt":"2019-03-15T12:34:23","slug":"mensa-online-zugang-zurzeit-nicht-erreichbar","status":"publish","type":"post","link":"https:\/\/grundschule-homberg.de\/wp\/?p=222128","title":{"rendered":"Mensa- online-Zugang zurzeit nicht erreichbar"},"content":{"rendered":"\n<p>Leider ist unser Mensa-online-Zugang derzeit aus technischen Gr\u00fcnden nicht erreichbar. Bitte versuchen Sie, Ihre Essensbestellung zu einem sp\u00e4teren Zeitpunkt abzugeben.<\/p>\n\n\n\n<p>Wir danken f\u00fcr Ihre Verst\u00e4ndnis!<\/p>\n","protected":false},"excerpt":{"rendered":"<p>Leider ist unser Mensa-online-Zugang derzeit aus technischen Gr\u00fcnden nicht erreichbar. Bitte versuchen Sie, Ihre Essensbestellung zu einem sp\u00e4teren Zeitpunkt abzugeben. Wir danken f\u00fcr Ihre Verst\u00e4ndnis!<\/p>\n","protected":false},"author":2,"featured_media":4576,"comment_status":"closed","ping_status":"closed","sticky":false,"template":"","format":"standard","meta":{"ngg_post_thumbnail":0,"_jetpack_memberships_contains_paid_content":false,"footnotes":""},"categories":[1],"tags":[],"class_list":["post-222128","post","type-post","status-publish","format-standard","has-post-thumbnail","hentry","category-allgemein"],"jetpack_featured_media_url":"https:\/\/i0.wp.com\/grundschule-homberg.de\/wp\/wp-content\/uploads\/gruschu-h1-e1498232700138.png?fit=185%2C163&ssl=1","jetpack_shortlink":"https:\/\/wp.me\/p3XuEZ-VMI","jetpack-related-posts":[],"jetpack_sharing_enabled":true,"_links":{"self":[{"href":"https:\/\/grundschule-homberg.de\/wp\/index.php?rest_route=\/wp\/v2\/posts\/222128","targetHints":{"allow":["GET"]}}],"collection":[{"href":"https:\/\/grundschule-homberg.de\/wp\/index.php?rest_route=\/wp\/v2\/posts"}],"about":[{"href":"https:\/\/grundschule-homberg.de\/wp\/index.php?rest_route=\/wp\/v2\/types\/post"}],"author":[{"embeddable":true,"href":"https:\/\/grundschule-homberg.de\/wp\/index.php?rest_route=\/wp\/v2\/users\/2"}],"replies":[{"embeddable":true,"href":"https:\/\/grundschule-homberg.de\/wp\/index.php?rest_route=%2Fwp%2Fv2%2Fcomments&post=222128"}],"version-history":[{"count":1,"href":"https:\/\/grundschule-homberg.de\/wp\/index.php?rest_route=\/wp\/v2\/posts\/222128\/revisions"}],"predecessor-version":[{"id":222129,"href":"https:\/\/grundschule-homberg.de\/wp\/index.php?rest_route=\/wp\/v2\/posts\/222128\/revisions\/222129"}],"wp:featuredmedia":[{"embeddable":true,"href":"https:\/\/grundschule-homberg.de\/wp\/index.php?rest_route=\/wp\/v2\/media\/4576"}],"wp:attachment":[{"href":"https:\/\/grundschule-homberg.de\/wp\/index.php?rest_route=%2Fwp%2Fv2%2Fmedia&parent=222128"}],"wp:term":[{"taxonomy":"category","embeddable":true,"href":"https:\/\/grundschule-homberg.de\/wp\/index.php?rest_route=%2Fwp%2Fv2%2Fcategories&post=222128"},{"taxonomy":"post_tag","embeddable":true,"href":"https:\/\/grundschule-homberg.de\/wp\/index.php?rest_route=%2Fwp%2Fv2%2Ftags&post=222128"}],"curies":[{"name":"wp","href":"https:\/\/api.w.org\/{rel}","templated":true}]}}