{"id":222132,"date":"2019-03-16T10:50:56","date_gmt":"2019-03-16T09:50:56","guid":{"rendered":"http:\/\/grundschule-homberg.de\/wp\/?p=222132"},"modified":"2019-03-16T10:50:57","modified_gmt":"2019-03-16T09:50:57","slug":"mensa-online-ist-wieder-erreichbar","status":"publish","type":"post","link":"https:\/\/grundschule-homberg.de\/wp\/?p=222132","title":{"rendered":"Mensa Online ist wieder erreichbar"},"content":{"rendered":"\n<p>Durch einen technischen Defekt wurden leider alle Daten gel\u00f6scht:<br>Wir bitten SIe alle Bestellungen f\u00fcr die n\u00e4chsten Wochen noch einmal einzugeben.<br><br>F\u00fcr die kommende Woche 18.03. &#8211; 22.03.2019 haben wir einen Sonderspeiseplan aufgestellt. <br>Wir bitten Sie \u00fcber die Klassenlehrerinnen zur\u00fcck zu melden, an welchen Tagen ihr Kind mitessen soll.<br><br>Vielen Dank f\u00fcr Ihre Unterst\u00fctzung.<br><br><\/p>\n\n\n\n<p><br><\/p>\n","protected":false},"excerpt":{"rendered":"<p>Durch einen technischen Defekt wurden leider alle Daten gel\u00f6scht:Wir bitten SIe alle Bestellungen f\u00fcr die n\u00e4chsten Wochen noch einmal einzugeben. F\u00fcr die kommende Woche 18.03. &#8211; 22.03.2019 haben wir einen Sonderspeiseplan aufgestellt. Wir bitten Sie \u00fcber die Klassenlehrerinnen zur\u00fcck zu melden, an welchen Tagen ihr Kind mitessen soll. Vielen Dank f\u00fcr Ihre Unterst\u00fctzung.<\/p>\n","protected":false},"author":1,"featured_media":4576,"comment_status":"closed","ping_status":"closed","sticky":false,"template":"","format":"standard","meta":{"ngg_post_thumbnail":0,"_jetpack_memberships_contains_paid_content":false,"footnotes":""},"categories":[1],"tags":[],"class_list":["post-222132","post","type-post","status-publish","format-standard","has-post-thumbnail","hentry","category-allgemein"],"jetpack_featured_media_url":"https:\/\/i0.wp.com\/grundschule-homberg.de\/wp\/wp-content\/uploads\/gruschu-h1-e1498232700138.png?fit=185%2C163&ssl=1","jetpack_shortlink":"https:\/\/wp.me\/p3XuEZ-VMM","jetpack-related-posts":[],"jetpack_sharing_enabled":true,"_links":{"self":[{"href":"https:\/\/grundschule-homberg.de\/wp\/index.php?rest_route=\/wp\/v2\/posts\/222132","targetHints":{"allow":["GET"]}}],"collection":[{"href":"https:\/\/grundschule-homberg.de\/wp\/index.php?rest_route=\/wp\/v2\/posts"}],"about":[{"href":"https:\/\/grundschule-homberg.de\/wp\/index.php?rest_route=\/wp\/v2\/types\/post"}],"author":[{"embeddable":true,"href":"https:\/\/grundschule-homberg.de\/wp\/index.php?rest_route=\/wp\/v2\/users\/1"}],"replies":[{"embeddable":true,"href":"https:\/\/grundschule-homberg.de\/wp\/index.php?rest_route=%2Fwp%2Fv2%2Fcomments&post=222132"}],"version-history":[{"count":4,"href":"https:\/\/grundschule-homberg.de\/wp\/index.php?rest_route=\/wp\/v2\/posts\/222132\/revisions"}],"predecessor-version":[{"id":222136,"href":"https:\/\/grundschule-homberg.de\/wp\/index.php?rest_route=\/wp\/v2\/posts\/222132\/revisions\/222136"}],"wp:featuredmedia":[{"embeddable":true,"href":"https:\/\/grundschule-homberg.de\/wp\/index.php?rest_route=\/wp\/v2\/media\/4576"}],"wp:attachment":[{"href":"https:\/\/grundschule-homberg.de\/wp\/index.php?rest_route=%2Fwp%2Fv2%2Fmedia&parent=222132"}],"wp:term":[{"taxonomy":"category","embeddable":true,"href":"https:\/\/grundschule-homberg.de\/wp\/index.php?rest_route=%2Fwp%2Fv2%2Fcategories&post=222132"},{"taxonomy":"post_tag","embeddable":true,"href":"https:\/\/grundschule-homberg.de\/wp\/index.php?rest_route=%2Fwp%2Fv2%2Ftags&post=222132"}],"curies":[{"name":"wp","href":"https:\/\/api.w.org\/{rel}","templated":true}]}}