{"id":222178,"date":"2019-04-08T12:54:51","date_gmt":"2019-04-08T10:54:51","guid":{"rendered":"http:\/\/grundschule-homberg.de\/wp\/?p=222178"},"modified":"2019-04-08T12:54:51","modified_gmt":"2019-04-08T10:54:51","slug":"mitarbeiterinnen-gesucht","status":"publish","type":"post","link":"https:\/\/grundschule-homberg.de\/wp\/?p=222178","title":{"rendered":"MitarbeiterInnen gesucht!"},"content":{"rendered":"<p>F\u00fcr die Mitgestaltung der Sommerferien 1.7. &#8211; 19.7.2019 suchen wir engagierte Personen ab 18 Jahre (StudentInnen, Sch\u00fclerinnen&#8230;), die Spa\u00df an der Arbeit mit Kindern haben. Wir suchen Interessierte, die als \u00dcbungsleiter kreative, sportliche, wissenschaftliche etc. Projekte f\u00fcr Grundschulkinder anbieten k\u00f6nnen.<\/p>\n<p>Bitte melden Sie sich unter 06633\/919017 in der Betreuung bei Frau Kathrin Kraus.<\/p>\n","protected":false},"excerpt":{"rendered":"<p>F\u00fcr die Mitgestaltung der Sommerferien 1.7. &#8211; 19.7.2019 suchen wir engagierte Personen ab 18 Jahre (StudentInnen, Sch\u00fclerinnen&#8230;), die Spa\u00df an der Arbeit mit Kindern haben. Wir suchen Interessierte, die als \u00dcbungsleiter kreative, sportliche, wissenschaftliche etc. Projekte f\u00fcr Grundschulkinder anbieten k\u00f6nnen. Bitte melden Sie sich unter 06633\/919017 in der Betreuung bei Frau Kathrin Kraus.<\/p>\n","protected":false},"author":2,"featured_media":4576,"comment_status":"closed","ping_status":"closed","sticky":false,"template":"","format":"standard","meta":{"ngg_post_thumbnail":0,"_jetpack_memberships_contains_paid_content":false,"footnotes":""},"categories":[1],"tags":[],"class_list":["post-222178","post","type-post","status-publish","format-standard","has-post-thumbnail","hentry","category-allgemein"],"jetpack_featured_media_url":"https:\/\/i0.wp.com\/grundschule-homberg.de\/wp\/wp-content\/uploads\/gruschu-h1-e1498232700138.png?fit=185%2C163&ssl=1","jetpack_shortlink":"https:\/\/wp.me\/p3XuEZ-VNw","jetpack-related-posts":[],"jetpack_sharing_enabled":true,"_links":{"self":[{"href":"https:\/\/grundschule-homberg.de\/wp\/index.php?rest_route=\/wp\/v2\/posts\/222178","targetHints":{"allow":["GET"]}}],"collection":[{"href":"https:\/\/grundschule-homberg.de\/wp\/index.php?rest_route=\/wp\/v2\/posts"}],"about":[{"href":"https:\/\/grundschule-homberg.de\/wp\/index.php?rest_route=\/wp\/v2\/types\/post"}],"author":[{"embeddable":true,"href":"https:\/\/grundschule-homberg.de\/wp\/index.php?rest_route=\/wp\/v2\/users\/2"}],"replies":[{"embeddable":true,"href":"https:\/\/grundschule-homberg.de\/wp\/index.php?rest_route=%2Fwp%2Fv2%2Fcomments&post=222178"}],"version-history":[{"count":1,"href":"https:\/\/grundschule-homberg.de\/wp\/index.php?rest_route=\/wp\/v2\/posts\/222178\/revisions"}],"predecessor-version":[{"id":222179,"href":"https:\/\/grundschule-homberg.de\/wp\/index.php?rest_route=\/wp\/v2\/posts\/222178\/revisions\/222179"}],"wp:featuredmedia":[{"embeddable":true,"href":"https:\/\/grundschule-homberg.de\/wp\/index.php?rest_route=\/wp\/v2\/media\/4576"}],"wp:attachment":[{"href":"https:\/\/grundschule-homberg.de\/wp\/index.php?rest_route=%2Fwp%2Fv2%2Fmedia&parent=222178"}],"wp:term":[{"taxonomy":"category","embeddable":true,"href":"https:\/\/grundschule-homberg.de\/wp\/index.php?rest_route=%2Fwp%2Fv2%2Fcategories&post=222178"},{"taxonomy":"post_tag","embeddable":true,"href":"https:\/\/grundschule-homberg.de\/wp\/index.php?rest_route=%2Fwp%2Fv2%2Ftags&post=222178"}],"curies":[{"name":"wp","href":"https:\/\/api.w.org\/{rel}","templated":true}]}}