{"id":222225,"date":"2019-05-06T14:33:07","date_gmt":"2019-05-06T12:33:07","guid":{"rendered":"http:\/\/grundschule-homberg.de\/wp\/?p=222225"},"modified":"2019-05-06T14:33:07","modified_gmt":"2019-05-06T12:33:07","slug":"streitschlichterinnen-und-streitschlichter-treten-ihre-neue-aufgabe-an","status":"publish","type":"post","link":"https:\/\/grundschule-homberg.de\/wp\/?p=222225","title":{"rendered":"Streitschlichterinnen und Streitschlichter treten ihre neue Aufgabe an"},"content":{"rendered":"<p>Wir freuen uns sehr, dass 18 M\u00e4dchen und Jungen aus den 3. und 4. Klassen ihre \u201eAusbildung zur PausenstreitschlichterIn\u201c erfolgreich abgeschlossen haben und nun in den gro\u00dfen Pausen den Mitsch\u00fclern ihre Hilfe anbieten.<\/p>\n<p>Die Streitschlichterkinder sind dank ihren leuchtend gr\u00fcnen Caps mit dem Schullogo darauf gut f\u00fcr hilfesuchende Sch\u00fclerinnen und Sch\u00fcler zu erkennen. Hier k\u00f6nnen sie bei kleineren und gr\u00f6\u00dferen Streitigkeiten unter Kindern vermitteln und Kl\u00e4rungsgespr\u00e4che anregen. So k\u00f6nnen die Schulkinder nach und nach ihre sozialen Kompetenzen erweitern und Konflikte auch selbstst\u00e4ndig l\u00f6sen lernen. Nach den Osterferien trifft sich die AG weiterhin montags in der 5. Stunde, um Erfahrungen auszutauschen und daraus zu lernen. Die Streitschlichter-AG wird von Sandra Schneider und Lisa Reitz geleitet. &nbsp;<\/p>\n<p>Dem F\u00f6rderverein ein herzliches Dankesch\u00f6n f\u00fcr die Spende.<br \/>\n<a href=\"https:\/\/i0.wp.com\/grundschule-homberg.de\/wp\/wp-content\/uploads\/2019\/05\/image3.jpeg\"><img data-recalc-dims=\"1\" loading=\"lazy\" decoding=\"async\" class=\"aligncenter size-full wp-image-222234\" src=\"https:\/\/i0.wp.com\/grundschule-homberg.de\/wp\/wp-content\/uploads\/2019\/05\/image3.jpeg?resize=604%2C453\" alt=\"\" width=\"604\" height=\"453\" srcset=\"https:\/\/i0.wp.com\/grundschule-homberg.de\/wp\/wp-content\/uploads\/2019\/05\/image3.jpeg?w=640&amp;ssl=1 640w, https:\/\/i0.wp.com\/grundschule-homberg.de\/wp\/wp-content\/uploads\/2019\/05\/image3.jpeg?resize=150%2C113&amp;ssl=1 150w, https:\/\/i0.wp.com\/grundschule-homberg.de\/wp\/wp-content\/uploads\/2019\/05\/image3.jpeg?resize=300%2C225&amp;ssl=1 300w\" sizes=\"auto, (max-width: 604px) 100vw, 604px\" \/><\/a><\/p>\n","protected":false},"excerpt":{"rendered":"<p>Wir freuen uns sehr, dass 18 M\u00e4dchen und Jungen aus den 3. und 4. Klassen ihre \u201eAusbildung zur PausenstreitschlichterIn\u201c erfolgreich abgeschlossen haben und nun in den gro\u00dfen Pausen den Mitsch\u00fclern ihre Hilfe anbieten. Die Streitschlichterkinder sind dank ihren leuchtend gr\u00fcnen Caps mit dem Schullogo darauf gut f\u00fcr hilfesuchende Sch\u00fclerinnen und Sch\u00fcler zu erkennen. Hier k\u00f6nnen &hellip; <a href=\"https:\/\/grundschule-homberg.de\/wp\/?p=222225\" class=\"more-link\"><span class=\"screen-reader-text\">Streitschlichterinnen und Streitschlichter treten ihre neue Aufgabe an<\/span> weiterlesen <span class=\"meta-nav\">&rarr;<\/span><\/a><\/p>\n","protected":false},"author":2,"featured_media":222233,"comment_status":"closed","ping_status":"closed","sticky":false,"template":"","format":"standard","meta":{"ngg_post_thumbnail":0,"_jetpack_memberships_contains_paid_content":false,"footnotes":""},"categories":[1],"tags":[],"class_list":["post-222225","post","type-post","status-publish","format-standard","has-post-thumbnail","hentry","category-allgemein"],"jetpack_featured_media_url":"https:\/\/i0.wp.com\/grundschule-homberg.de\/wp\/wp-content\/uploads\/2019\/05\/image1.jpeg?fit=640%2C480&ssl=1","jetpack_shortlink":"https:\/\/wp.me\/p3XuEZ-VOh","jetpack-related-posts":[],"jetpack_sharing_enabled":true,"_links":{"self":[{"href":"https:\/\/grundschule-homberg.de\/wp\/index.php?rest_route=\/wp\/v2\/posts\/222225","targetHints":{"allow":["GET"]}}],"collection":[{"href":"https:\/\/grundschule-homberg.de\/wp\/index.php?rest_route=\/wp\/v2\/posts"}],"about":[{"href":"https:\/\/grundschule-homberg.de\/wp\/index.php?rest_route=\/wp\/v2\/types\/post"}],"author":[{"embeddable":true,"href":"https:\/\/grundschule-homberg.de\/wp\/index.php?rest_route=\/wp\/v2\/users\/2"}],"replies":[{"embeddable":true,"href":"https:\/\/grundschule-homberg.de\/wp\/index.php?rest_route=%2Fwp%2Fv2%2Fcomments&post=222225"}],"version-history":[{"count":2,"href":"https:\/\/grundschule-homberg.de\/wp\/index.php?rest_route=\/wp\/v2\/posts\/222225\/revisions"}],"predecessor-version":[{"id":222235,"href":"https:\/\/grundschule-homberg.de\/wp\/index.php?rest_route=\/wp\/v2\/posts\/222225\/revisions\/222235"}],"wp:featuredmedia":[{"embeddable":true,"href":"https:\/\/grundschule-homberg.de\/wp\/index.php?rest_route=\/wp\/v2\/media\/222233"}],"wp:attachment":[{"href":"https:\/\/grundschule-homberg.de\/wp\/index.php?rest_route=%2Fwp%2Fv2%2Fmedia&parent=222225"}],"wp:term":[{"taxonomy":"category","embeddable":true,"href":"https:\/\/grundschule-homberg.de\/wp\/index.php?rest_route=%2Fwp%2Fv2%2Fcategories&post=222225"},{"taxonomy":"post_tag","embeddable":true,"href":"https:\/\/grundschule-homberg.de\/wp\/index.php?rest_route=%2Fwp%2Fv2%2Ftags&post=222225"}],"curies":[{"name":"wp","href":"https:\/\/api.w.org\/{rel}","templated":true}]}}