{"id":222236,"date":"2019-05-20T07:45:38","date_gmt":"2019-05-20T05:45:38","guid":{"rendered":"http:\/\/grundschule-homberg.de\/wp\/?p=222236"},"modified":"2019-05-20T07:47:32","modified_gmt":"2019-05-20T05:47:32","slug":"muellsammelaktion-der-grundschule","status":"publish","type":"post","link":"https:\/\/grundschule-homberg.de\/wp\/?p=222236","title":{"rendered":"M\u00fcllsammelaktion der Grundschule"},"content":{"rendered":"<p><strong>Freitags etwas f\u00fcr die Umwelt tun!<\/strong><\/p>\n<p><a href=\"https:\/\/i0.wp.com\/grundschule-homberg.de\/wp\/wp-content\/uploads\/2019\/05\/IMG-20190517-WA0011.jpg\"><img data-recalc-dims=\"1\" loading=\"lazy\" decoding=\"async\" width=\"300\" height=\"225\" class=\"wp-image-222246 size-medium alignleft\" alt=\"\" src=\"https:\/\/i0.wp.com\/grundschule-homberg.de\/wp\/wp-content\/uploads\/2019\/05\/IMG-20190517-WA0011-300x225.jpg?resize=300%2C225\" srcset=\"https:\/\/i0.wp.com\/grundschule-homberg.de\/wp\/wp-content\/uploads\/2019\/05\/IMG-20190517-WA0011.jpg?resize=300%2C225&amp;ssl=1 300w, https:\/\/i0.wp.com\/grundschule-homberg.de\/wp\/wp-content\/uploads\/2019\/05\/IMG-20190517-WA0011.jpg?resize=150%2C113&amp;ssl=1 150w, https:\/\/i0.wp.com\/grundschule-homberg.de\/wp\/wp-content\/uploads\/2019\/05\/IMG-20190517-WA0011.jpg?resize=768%2C576&amp;ssl=1 768w, https:\/\/i0.wp.com\/grundschule-homberg.de\/wp\/wp-content\/uploads\/2019\/05\/IMG-20190517-WA0011.jpg?resize=1024%2C768&amp;ssl=1 1024w, https:\/\/i0.wp.com\/grundschule-homberg.de\/wp\/wp-content\/uploads\/2019\/05\/IMG-20190517-WA0011.jpg?w=1600&amp;ssl=1 1600w, https:\/\/i0.wp.com\/grundschule-homberg.de\/wp\/wp-content\/uploads\/2019\/05\/IMG-20190517-WA0011.jpg?w=1208&amp;ssl=1 1208w\" sizes=\"auto, (max-width: 300px) 100vw, 300px\" \/><\/a>Diese Idee stammt von den <em>fridays-for-future<\/em>-AktivistInnen und den gro\u00dfen Zahlen an Sch\u00fclerinnen und Sch\u00fclern, die sich weltweit an den Demonstrationen zum Klimaschutz beteiligen.<\/p>\n<p>Dass dieser Gedanke auch bei Grundschulkindern aufkommt, ist also selbst verst\u00e4ndlich.<\/p>\n<p>So haben sich die Kinder und Lehrerinnen der Grundschule entschlossen, am Freitag, den 17.5.2019 eine M\u00fcllsammelaktion im Umfeld der Schule zu starten. Besonderes Augenmerk sollte dabei auf Plastikverpackungen gelegt werden, die sehr langlebig und umweltsch\u00e4dlich sind.<\/p>\n<p>Zu Beginn der vierten Stunde startete die Aktion, zu der sich die Kinder von zu Hause Arbeitshandschuhe, Eimer und Zangen mitbrachten. Das Schulumfeld wurde nach Klassen aufgeteilt und von M\u00fcll befreit.<\/p>\n<p>Am Ende der Aktion kamen \u00fcber 9&nbsp; M\u00fclls\u00e4cke voll Abfall zusammen, was die Kinder und auch die beteiligten Erwachsenen erstaunte. Nicht nur die gro\u00dfe Menge, sondern auch die weggeworfenen Gegenst\u00e4nde erschreckten die flei\u00dfigen M\u00fcllsammler. So wurden neben unz\u00e4hligen Zigarettenschachteln auch Feuerzeuge,&nbsp; Babywindeln, Fahrradteile und ein Plastikradio gefunden.<\/p>\n<p>So werden bereits unsere Grundschulkinder f\u00fcr die Belange der Umwelt sensibilisiert und sie k\u00f6nnen lernen, dass jeder Verantwortung tr\u00e4gt und mithelfen kann, die Erde zu sch\u00fctzen. &nbsp;<br \/>\n<a href=\"https:\/\/i0.wp.com\/grundschule-homberg.de\/wp\/wp-content\/uploads\/2019\/05\/IMG-20190517-WA0018.jpg\"><img data-recalc-dims=\"1\" loading=\"lazy\" decoding=\"async\" width=\"604\" height=\"805\" class=\"aligncenter size-full wp-image-222254\" alt=\"\" src=\"https:\/\/i0.wp.com\/grundschule-homberg.de\/wp\/wp-content\/uploads\/2019\/05\/IMG-20190517-WA0018.jpg?resize=604%2C805\" srcset=\"https:\/\/i0.wp.com\/grundschule-homberg.de\/wp\/wp-content\/uploads\/2019\/05\/IMG-20190517-WA0018.jpg?w=1200&amp;ssl=1 1200w, https:\/\/i0.wp.com\/grundschule-homberg.de\/wp\/wp-content\/uploads\/2019\/05\/IMG-20190517-WA0018.jpg?resize=113%2C150&amp;ssl=1 113w, https:\/\/i0.wp.com\/grundschule-homberg.de\/wp\/wp-content\/uploads\/2019\/05\/IMG-20190517-WA0018.jpg?resize=225%2C300&amp;ssl=1 225w, https:\/\/i0.wp.com\/grundschule-homberg.de\/wp\/wp-content\/uploads\/2019\/05\/IMG-20190517-WA0018.jpg?resize=768%2C1024&amp;ssl=1 768w\" sizes=\"auto, (max-width: 604px) 100vw, 604px\" \/><\/a> <a href=\"https:\/\/i0.wp.com\/grundschule-homberg.de\/wp\/wp-content\/uploads\/2019\/05\/IMG-20190517-WA0015.jpg\"><img data-recalc-dims=\"1\" loading=\"lazy\" decoding=\"async\" width=\"604\" height=\"453\" class=\"aligncenter size-full wp-image-222251\" alt=\"\" src=\"https:\/\/i0.wp.com\/grundschule-homberg.de\/wp\/wp-content\/uploads\/2019\/05\/IMG-20190517-WA0015.jpg?resize=604%2C453\" srcset=\"https:\/\/i0.wp.com\/grundschule-homberg.de\/wp\/wp-content\/uploads\/2019\/05\/IMG-20190517-WA0015.jpg?w=1600&amp;ssl=1 1600w, https:\/\/i0.wp.com\/grundschule-homberg.de\/wp\/wp-content\/uploads\/2019\/05\/IMG-20190517-WA0015.jpg?resize=150%2C113&amp;ssl=1 150w, https:\/\/i0.wp.com\/grundschule-homberg.de\/wp\/wp-content\/uploads\/2019\/05\/IMG-20190517-WA0015.jpg?resize=300%2C225&amp;ssl=1 300w, https:\/\/i0.wp.com\/grundschule-homberg.de\/wp\/wp-content\/uploads\/2019\/05\/IMG-20190517-WA0015.jpg?resize=768%2C576&amp;ssl=1 768w, https:\/\/i0.wp.com\/grundschule-homberg.de\/wp\/wp-content\/uploads\/2019\/05\/IMG-20190517-WA0015.jpg?resize=1024%2C768&amp;ssl=1 1024w, https:\/\/i0.wp.com\/grundschule-homberg.de\/wp\/wp-content\/uploads\/2019\/05\/IMG-20190517-WA0015.jpg?w=1208&amp;ssl=1 1208w\" sizes=\"auto, (max-width: 604px) 100vw, 604px\" \/><\/a> <a href=\"https:\/\/i0.wp.com\/grundschule-homberg.de\/wp\/wp-content\/uploads\/2019\/05\/IMG-20190517-WA0016.jpg\"><img data-recalc-dims=\"1\" loading=\"lazy\" decoding=\"async\" width=\"604\" height=\"805\" class=\"aligncenter size-full wp-image-222250\" alt=\"\" src=\"https:\/\/i0.wp.com\/grundschule-homberg.de\/wp\/wp-content\/uploads\/2019\/05\/IMG-20190517-WA0016.jpg?resize=604%2C805\" srcset=\"https:\/\/i0.wp.com\/grundschule-homberg.de\/wp\/wp-content\/uploads\/2019\/05\/IMG-20190517-WA0016.jpg?w=1200&amp;ssl=1 1200w, https:\/\/i0.wp.com\/grundschule-homberg.de\/wp\/wp-content\/uploads\/2019\/05\/IMG-20190517-WA0016.jpg?resize=113%2C150&amp;ssl=1 113w, https:\/\/i0.wp.com\/grundschule-homberg.de\/wp\/wp-content\/uploads\/2019\/05\/IMG-20190517-WA0016.jpg?resize=225%2C300&amp;ssl=1 225w, https:\/\/i0.wp.com\/grundschule-homberg.de\/wp\/wp-content\/uploads\/2019\/05\/IMG-20190517-WA0016.jpg?resize=768%2C1024&amp;ssl=1 768w\" sizes=\"auto, (max-width: 604px) 100vw, 604px\" \/><\/a> <a href=\"https:\/\/i0.wp.com\/grundschule-homberg.de\/wp\/wp-content\/uploads\/2019\/05\/IMG-20190517-WA0017.jpg\"><img data-recalc-dims=\"1\" loading=\"lazy\" decoding=\"async\" width=\"604\" height=\"805\" class=\"aligncenter size-full wp-image-222249\" alt=\"\" src=\"https:\/\/i0.wp.com\/grundschule-homberg.de\/wp\/wp-content\/uploads\/2019\/05\/IMG-20190517-WA0017.jpg?resize=604%2C805\" srcset=\"https:\/\/i0.wp.com\/grundschule-homberg.de\/wp\/wp-content\/uploads\/2019\/05\/IMG-20190517-WA0017.jpg?w=1200&amp;ssl=1 1200w, https:\/\/i0.wp.com\/grundschule-homberg.de\/wp\/wp-content\/uploads\/2019\/05\/IMG-20190517-WA0017.jpg?resize=113%2C150&amp;ssl=1 113w, https:\/\/i0.wp.com\/grundschule-homberg.de\/wp\/wp-content\/uploads\/2019\/05\/IMG-20190517-WA0017.jpg?resize=225%2C300&amp;ssl=1 225w, https:\/\/i0.wp.com\/grundschule-homberg.de\/wp\/wp-content\/uploads\/2019\/05\/IMG-20190517-WA0017.jpg?resize=768%2C1024&amp;ssl=1 768w\" sizes=\"auto, (max-width: 604px) 100vw, 604px\" \/><\/a> <a href=\"https:\/\/i0.wp.com\/grundschule-homberg.de\/wp\/wp-content\/uploads\/2019\/05\/IMG-20190517-WA0014.jpg\"><img data-recalc-dims=\"1\" loading=\"lazy\" decoding=\"async\" width=\"604\" height=\"805\" class=\"aligncenter size-full wp-image-222247\" alt=\"\" src=\"https:\/\/i0.wp.com\/grundschule-homberg.de\/wp\/wp-content\/uploads\/2019\/05\/IMG-20190517-WA0014.jpg?resize=604%2C805\" srcset=\"https:\/\/i0.wp.com\/grundschule-homberg.de\/wp\/wp-content\/uploads\/2019\/05\/IMG-20190517-WA0014.jpg?w=1200&amp;ssl=1 1200w, https:\/\/i0.wp.com\/grundschule-homberg.de\/wp\/wp-content\/uploads\/2019\/05\/IMG-20190517-WA0014.jpg?resize=113%2C150&amp;ssl=1 113w, https:\/\/i0.wp.com\/grundschule-homberg.de\/wp\/wp-content\/uploads\/2019\/05\/IMG-20190517-WA0014.jpg?resize=225%2C300&amp;ssl=1 225w, https:\/\/i0.wp.com\/grundschule-homberg.de\/wp\/wp-content\/uploads\/2019\/05\/IMG-20190517-WA0014.jpg?resize=768%2C1024&amp;ssl=1 768w\" sizes=\"auto, (max-width: 604px) 100vw, 604px\" \/><\/a><\/p>\n","protected":false},"excerpt":{"rendered":"<p>Freitags etwas f\u00fcr die Umwelt tun! Diese Idee stammt von den fridays-for-future-AktivistInnen und den gro\u00dfen Zahlen an Sch\u00fclerinnen und Sch\u00fclern, die sich weltweit an den Demonstrationen zum Klimaschutz beteiligen. Dass dieser Gedanke auch bei Grundschulkindern aufkommt, ist also selbst verst\u00e4ndlich. So haben sich die Kinder und Lehrerinnen der Grundschule entschlossen, am Freitag, den 17.5.2019 eine &hellip; <a href=\"https:\/\/grundschule-homberg.de\/wp\/?p=222236\" class=\"more-link\"><span class=\"screen-reader-text\">M\u00fcllsammelaktion der Grundschule<\/span> weiterlesen <span class=\"meta-nav\">&rarr;<\/span><\/a><\/p>\n","protected":false},"author":2,"featured_media":222247,"comment_status":"closed","ping_status":"closed","sticky":false,"template":"","format":"standard","meta":{"ngg_post_thumbnail":0,"_jetpack_memberships_contains_paid_content":false,"footnotes":""},"categories":[1],"tags":[],"class_list":["post-222236","post","type-post","status-publish","format-standard","has-post-thumbnail","hentry","category-allgemein"],"jetpack_featured_media_url":"https:\/\/i0.wp.com\/grundschule-homberg.de\/wp\/wp-content\/uploads\/2019\/05\/IMG-20190517-WA0014.jpg?fit=1200%2C1600&ssl=1","jetpack_shortlink":"https:\/\/wp.me\/p3XuEZ-VOs","jetpack-related-posts":[],"jetpack_sharing_enabled":true,"_links":{"self":[{"href":"https:\/\/grundschule-homberg.de\/wp\/index.php?rest_route=\/wp\/v2\/posts\/222236","targetHints":{"allow":["GET"]}}],"collection":[{"href":"https:\/\/grundschule-homberg.de\/wp\/index.php?rest_route=\/wp\/v2\/posts"}],"about":[{"href":"https:\/\/grundschule-homberg.de\/wp\/index.php?rest_route=\/wp\/v2\/types\/post"}],"author":[{"embeddable":true,"href":"https:\/\/grundschule-homberg.de\/wp\/index.php?rest_route=\/wp\/v2\/users\/2"}],"replies":[{"embeddable":true,"href":"https:\/\/grundschule-homberg.de\/wp\/index.php?rest_route=%2Fwp%2Fv2%2Fcomments&post=222236"}],"version-history":[{"count":5,"href":"https:\/\/grundschule-homberg.de\/wp\/index.php?rest_route=\/wp\/v2\/posts\/222236\/revisions"}],"predecessor-version":[{"id":222258,"href":"https:\/\/grundschule-homberg.de\/wp\/index.php?rest_route=\/wp\/v2\/posts\/222236\/revisions\/222258"}],"wp:featuredmedia":[{"embeddable":true,"href":"https:\/\/grundschule-homberg.de\/wp\/index.php?rest_route=\/wp\/v2\/media\/222247"}],"wp:attachment":[{"href":"https:\/\/grundschule-homberg.de\/wp\/index.php?rest_route=%2Fwp%2Fv2%2Fmedia&parent=222236"}],"wp:term":[{"taxonomy":"category","embeddable":true,"href":"https:\/\/grundschule-homberg.de\/wp\/index.php?rest_route=%2Fwp%2Fv2%2Fcategories&post=222236"},{"taxonomy":"post_tag","embeddable":true,"href":"https:\/\/grundschule-homberg.de\/wp\/index.php?rest_route=%2Fwp%2Fv2%2Ftags&post=222236"}],"curies":[{"name":"wp","href":"https:\/\/api.w.org\/{rel}","templated":true}]}}