{"id":222311,"date":"2019-08-14T15:43:05","date_gmt":"2019-08-14T13:43:05","guid":{"rendered":"http:\/\/grundschule-homberg.de\/wp\/?p=222311"},"modified":"2019-08-14T15:43:05","modified_gmt":"2019-08-14T13:43:05","slug":"76-neue-schulkinder-an-der-grundschule-aufgenommen","status":"publish","type":"post","link":"https:\/\/grundschule-homberg.de\/wp\/?p=222311","title":{"rendered":"76 neue Schulkinder an der Grundschule aufgenommen"},"content":{"rendered":"<p>Drei Klassen und eine Vorklasse bildet unsere Grundschule in diesem Jahr.<\/p>\n<p>Am Dienstagmorgen startete um 9.15 Uhr ein festlicher Gottesdienst in der katholischen Kirche. Im Anschluss trafen sich alle neuen Schulkinder mit ihren Eltern und Familien auf der Wiese hinter der Turnhalle. Dort wurden sie vom Schulchor mit den Liedern &#8222;Ich will euch begr\u00fc\u00dfen&#8220; und &#8222;Leute, heute geht die Schule los&#8220; begr\u00fc\u00dft. &nbsp;<\/p>\n<p>Nach einer kurzen Ansprache der Schulleiterin Eva Sartorius zeigten die Kinder der Musikschule Fr\u00f6hlich ihr K\u00f6nnen auf der Melodika.<\/p>\n<p>Einen ABC-Rap hatten die Kinder der zweiten Klassen mit ihren Lehrerinnen Frau Justus, Frau Loos und Frau Kasseckert vorbereitet.<\/p>\n<p>Danach wurden die Kinder der ersten Klassen aufgerufen und gingen mit ihren neuen Lehrerinnen in ihre Klassenr\u00e4ume. Die Sch\u00fclerinnen und Sch\u00fcler der dritten und vierten Klassen stellen dazu ein Spalier. Um 12.20 Uhr endete der erste aufregende Tag.<\/p>\n<p>Die Wartezeit konnten die Familien unserer neuen Erstkl\u00e4sslerInnen in der Aula verbringen. Dort hatten die Eltern der zweiten Klassen Kaffee und Kuchen bereit gestellt. Der Spendenerl\u00f6s geht in die Klassenkassen des 2. Schuljahres.<\/p>\n<p>Wir w\u00fcnschen unseren neuen Schulkindern alles Gute und ein herzliches Willkommen!<\/p>\nngg_shortcode_0_placeholder\n","protected":false},"excerpt":{"rendered":"<p>Drei Klassen und eine Vorklasse bildet unsere Grundschule in diesem Jahr. Am Dienstagmorgen startete um 9.15 Uhr ein festlicher Gottesdienst in der katholischen Kirche. Im Anschluss trafen sich alle neuen Schulkinder mit ihren Eltern und Familien auf der Wiese hinter der Turnhalle. Dort wurden sie vom Schulchor mit den Liedern &#8222;Ich will euch begr\u00fc\u00dfen&#8220; und &hellip; <a href=\"https:\/\/grundschule-homberg.de\/wp\/?p=222311\" class=\"more-link\"><span class=\"screen-reader-text\">76 neue Schulkinder an der Grundschule aufgenommen<\/span> weiterlesen <span class=\"meta-nav\">&rarr;<\/span><\/a><\/p>\n","protected":false},"author":2,"featured_media":222341,"comment_status":"closed","ping_status":"closed","sticky":false,"template":"","format":"standard","meta":{"ngg_post_thumbnail":0,"_jetpack_memberships_contains_paid_content":false,"footnotes":""},"categories":[1],"tags":[],"class_list":["post-222311","post","type-post","status-publish","format-standard","has-post-thumbnail","hentry","category-allgemein"],"jetpack_featured_media_url":"https:\/\/i0.wp.com\/grundschule-homberg.de\/wp\/wp-content\/uploads\/2019\/08\/IMG_0417.jpg?fit=2016%2C1512&ssl=1","jetpack_shortlink":"https:\/\/wp.me\/p3XuEZ-VPF","jetpack-related-posts":[],"jetpack_sharing_enabled":true,"_links":{"self":[{"href":"https:\/\/grundschule-homberg.de\/wp\/index.php?rest_route=\/wp\/v2\/posts\/222311","targetHints":{"allow":["GET"]}}],"collection":[{"href":"https:\/\/grundschule-homberg.de\/wp\/index.php?rest_route=\/wp\/v2\/posts"}],"about":[{"href":"https:\/\/grundschule-homberg.de\/wp\/index.php?rest_route=\/wp\/v2\/types\/post"}],"author":[{"embeddable":true,"href":"https:\/\/grundschule-homberg.de\/wp\/index.php?rest_route=\/wp\/v2\/users\/2"}],"replies":[{"embeddable":true,"href":"https:\/\/grundschule-homberg.de\/wp\/index.php?rest_route=%2Fwp%2Fv2%2Fcomments&post=222311"}],"version-history":[{"count":3,"href":"https:\/\/grundschule-homberg.de\/wp\/index.php?rest_route=\/wp\/v2\/posts\/222311\/revisions"}],"predecessor-version":[{"id":222338,"href":"https:\/\/grundschule-homberg.de\/wp\/index.php?rest_route=\/wp\/v2\/posts\/222311\/revisions\/222338"}],"wp:featuredmedia":[{"embeddable":true,"href":"https:\/\/grundschule-homberg.de\/wp\/index.php?rest_route=\/wp\/v2\/media\/222341"}],"wp:attachment":[{"href":"https:\/\/grundschule-homberg.de\/wp\/index.php?rest_route=%2Fwp%2Fv2%2Fmedia&parent=222311"}],"wp:term":[{"taxonomy":"category","embeddable":true,"href":"https:\/\/grundschule-homberg.de\/wp\/index.php?rest_route=%2Fwp%2Fv2%2Fcategories&post=222311"},{"taxonomy":"post_tag","embeddable":true,"href":"https:\/\/grundschule-homberg.de\/wp\/index.php?rest_route=%2Fwp%2Fv2%2Ftags&post=222311"}],"curies":[{"name":"wp","href":"https:\/\/api.w.org\/{rel}","templated":true}]}}