{"id":222610,"date":"2020-03-13T21:41:45","date_gmt":"2020-03-13T20:41:45","guid":{"rendered":"http:\/\/grundschule-homberg.de\/wp\/?p=222610"},"modified":"2020-03-13T21:41:45","modified_gmt":"2020-03-13T20:41:45","slug":"schule-ist-ab-16-03-2020-geschlossen","status":"publish","type":"post","link":"https:\/\/grundschule-homberg.de\/wp\/?p=222610","title":{"rendered":"Schule ist ab 16.03.2020 geschlossen!"},"content":{"rendered":"<p class=\"field-item ueberschrift\">In Hessen wird ab Montag, 16. M\u00e4rz, an allen Schulen kein regul\u00e4rer Unterricht mehr stattfinden.<\/p>\n<div class=\"he_content_body\">\n<p>Weitere Informationen:&nbsp;<a href=\"https:\/\/kultusministerium.hessen.de\/\" target=\"_blank\" rel=\"noopener noreferrer\"> https:\/\/kultusministerium.hessen.de\/<\/a> &nbsp;&nbsp;<\/p>\n<p><strong>Genauere Informationen zur Notbetreuung f\u00fcr Kinder, deren Eltern in sog. kritischen Infrastrukturen t\u00e4tig sind, folgen in K\u00fcrze.<\/strong><\/div>\n","protected":false},"excerpt":{"rendered":"<p>In Hessen wird ab Montag, 16. M\u00e4rz, an allen Schulen kein regul\u00e4rer Unterricht mehr stattfinden. Weitere Informationen:&nbsp; https:\/\/kultusministerium.hessen.de\/ &nbsp;&nbsp; Genauere Informationen zur Notbetreuung f\u00fcr Kinder, deren Eltern in sog. kritischen Infrastrukturen t\u00e4tig sind, folgen in K\u00fcrze.<\/p>\n","protected":false},"author":1,"featured_media":222615,"comment_status":"closed","ping_status":"closed","sticky":false,"template":"","format":"standard","meta":{"ngg_post_thumbnail":0,"_jetpack_memberships_contains_paid_content":false,"footnotes":""},"categories":[1,20],"tags":[],"class_list":["post-222610","post","type-post","status-publish","format-standard","has-post-thumbnail","hentry","category-allgemein","category-schulleben"],"jetpack_featured_media_url":"https:\/\/i0.wp.com\/grundschule-homberg.de\/wp\/wp-content\/uploads\/2020\/03\/hessen.png?fit=154%2C195&ssl=1","jetpack_shortlink":"https:\/\/wp.me\/p3XuEZ-VUu","jetpack-related-posts":[],"jetpack_sharing_enabled":true,"_links":{"self":[{"href":"https:\/\/grundschule-homberg.de\/wp\/index.php?rest_route=\/wp\/v2\/posts\/222610","targetHints":{"allow":["GET"]}}],"collection":[{"href":"https:\/\/grundschule-homberg.de\/wp\/index.php?rest_route=\/wp\/v2\/posts"}],"about":[{"href":"https:\/\/grundschule-homberg.de\/wp\/index.php?rest_route=\/wp\/v2\/types\/post"}],"author":[{"embeddable":true,"href":"https:\/\/grundschule-homberg.de\/wp\/index.php?rest_route=\/wp\/v2\/users\/1"}],"replies":[{"embeddable":true,"href":"https:\/\/grundschule-homberg.de\/wp\/index.php?rest_route=%2Fwp%2Fv2%2Fcomments&post=222610"}],"version-history":[{"count":3,"href":"https:\/\/grundschule-homberg.de\/wp\/index.php?rest_route=\/wp\/v2\/posts\/222610\/revisions"}],"predecessor-version":[{"id":222614,"href":"https:\/\/grundschule-homberg.de\/wp\/index.php?rest_route=\/wp\/v2\/posts\/222610\/revisions\/222614"}],"wp:featuredmedia":[{"embeddable":true,"href":"https:\/\/grundschule-homberg.de\/wp\/index.php?rest_route=\/wp\/v2\/media\/222615"}],"wp:attachment":[{"href":"https:\/\/grundschule-homberg.de\/wp\/index.php?rest_route=%2Fwp%2Fv2%2Fmedia&parent=222610"}],"wp:term":[{"taxonomy":"category","embeddable":true,"href":"https:\/\/grundschule-homberg.de\/wp\/index.php?rest_route=%2Fwp%2Fv2%2Fcategories&post=222610"},{"taxonomy":"post_tag","embeddable":true,"href":"https:\/\/grundschule-homberg.de\/wp\/index.php?rest_route=%2Fwp%2Fv2%2Ftags&post=222610"}],"curies":[{"name":"wp","href":"https:\/\/api.w.org\/{rel}","templated":true}]}}