{"id":222634,"date":"2020-03-16T11:29:01","date_gmt":"2020-03-16T10:29:01","guid":{"rendered":"http:\/\/grundschule-homberg.de\/wp\/?p=222634"},"modified":"2020-03-16T11:30:07","modified_gmt":"2020-03-16T10:30:07","slug":"einschulungsuntersuchungen-werden-verschoben","status":"publish","type":"post","link":"https:\/\/grundschule-homberg.de\/wp\/?p=222634","title":{"rendered":"Einschulungsuntersuchungen werden verschoben!"},"content":{"rendered":"<p>Aufgrund der aktuellen Lage m\u00fcssen die geplanten Termine f\u00fcr die Einschulung 2020 in der Schule abgesagt werden. Auch das Gesundheitsamt kann noch keine Aussage dar\u00fcber treffen, wann die Einschulungsuntersuchungen bei der Schul\u00e4rztin in Lauterbach stattfinden.<\/p>\n<p>Wir bitten um Ihr Verst\u00e4ndnis. &nbsp;<\/p>\n","protected":false},"excerpt":{"rendered":"<p>Aufgrund der aktuellen Lage m\u00fcssen die geplanten Termine f\u00fcr die Einschulung 2020 in der Schule abgesagt werden. Auch das Gesundheitsamt kann noch keine Aussage dar\u00fcber treffen, wann die Einschulungsuntersuchungen bei der Schul\u00e4rztin in Lauterbach stattfinden. Wir bitten um Ihr Verst\u00e4ndnis. &nbsp;<\/p>\n","protected":false},"author":2,"featured_media":4576,"comment_status":"closed","ping_status":"closed","sticky":false,"template":"","format":"standard","meta":{"ngg_post_thumbnail":0,"_jetpack_memberships_contains_paid_content":false,"footnotes":""},"categories":[1],"tags":[],"class_list":["post-222634","post","type-post","status-publish","format-standard","has-post-thumbnail","hentry","category-allgemein"],"jetpack_featured_media_url":"https:\/\/i0.wp.com\/grundschule-homberg.de\/wp\/wp-content\/uploads\/gruschu-h1-e1498232700138.png?fit=185%2C163&ssl=1","jetpack_shortlink":"https:\/\/wp.me\/p3XuEZ-VUS","jetpack-related-posts":[],"jetpack_sharing_enabled":true,"_links":{"self":[{"href":"https:\/\/grundschule-homberg.de\/wp\/index.php?rest_route=\/wp\/v2\/posts\/222634","targetHints":{"allow":["GET"]}}],"collection":[{"href":"https:\/\/grundschule-homberg.de\/wp\/index.php?rest_route=\/wp\/v2\/posts"}],"about":[{"href":"https:\/\/grundschule-homberg.de\/wp\/index.php?rest_route=\/wp\/v2\/types\/post"}],"author":[{"embeddable":true,"href":"https:\/\/grundschule-homberg.de\/wp\/index.php?rest_route=\/wp\/v2\/users\/2"}],"replies":[{"embeddable":true,"href":"https:\/\/grundschule-homberg.de\/wp\/index.php?rest_route=%2Fwp%2Fv2%2Fcomments&post=222634"}],"version-history":[{"count":2,"href":"https:\/\/grundschule-homberg.de\/wp\/index.php?rest_route=\/wp\/v2\/posts\/222634\/revisions"}],"predecessor-version":[{"id":222636,"href":"https:\/\/grundschule-homberg.de\/wp\/index.php?rest_route=\/wp\/v2\/posts\/222634\/revisions\/222636"}],"wp:featuredmedia":[{"embeddable":true,"href":"https:\/\/grundschule-homberg.de\/wp\/index.php?rest_route=\/wp\/v2\/media\/4576"}],"wp:attachment":[{"href":"https:\/\/grundschule-homberg.de\/wp\/index.php?rest_route=%2Fwp%2Fv2%2Fmedia&parent=222634"}],"wp:term":[{"taxonomy":"category","embeddable":true,"href":"https:\/\/grundschule-homberg.de\/wp\/index.php?rest_route=%2Fwp%2Fv2%2Fcategories&post=222634"},{"taxonomy":"post_tag","embeddable":true,"href":"https:\/\/grundschule-homberg.de\/wp\/index.php?rest_route=%2Fwp%2Fv2%2Ftags&post=222634"}],"curies":[{"name":"wp","href":"https:\/\/api.w.org\/{rel}","templated":true}]}}