{"id":222769,"date":"2020-07-02T13:56:59","date_gmt":"2020-07-02T11:56:59","guid":{"rendered":"http:\/\/grundschule-homberg.de\/wp\/?p=222769"},"modified":"2020-07-02T13:56:59","modified_gmt":"2020-07-02T11:56:59","slug":"welttag-des-buches-einmal-anders","status":"publish","type":"post","link":"https:\/\/grundschule-homberg.de\/wp\/?p=222769","title":{"rendered":"Welttag des Buches &#8211; einmal anders"},"content":{"rendered":"<p>Am Donnerstag, den 25.6.2020, besuchte Frau Ulrike Sowa von der Homberger Buchhandlung die Kinder der 4. Klassen. Leider musste dieses Jahr der Besuch der Schulkinder in der Buchhandlung coronabedingt ausgefallen. Dennoch konnten die Kinder so ihre Buchgutscheine zum Welttag des Buches einl\u00f6sen. Nach einer Fragerunde zum Thema B\u00fccher stellte Frau Sowa den Kindern einige Scherzfragen und lockerte so die Atmosph\u00e4re auf dem Schulhof auf.<\/p>\n<p>Danach wurde jedem Kind ein Buch des in unserer Region gut bekannten Autors Sven Gerhardt \u00fcberreicht.<\/p>\n<p>Als kleine Besonderheit durfte jedes Kind in seiner Sprache oder in einer Sprache seiner Wahl &#8222;Dankesch\u00f6n&#8220; sagen. Danach gingen die Sch\u00fclerinnen&nbsp; und Sch\u00fcler wieder in ihre Klassenr\u00e4ume. Am liebsten h\u00e4tten sie sofort mit der Lekt\u00fcre des neuen Buches begonnen.<\/p>\nngg_shortcode_0_placeholder\n","protected":false},"excerpt":{"rendered":"<p>Am Donnerstag, den 25.6.2020, besuchte Frau Ulrike Sowa von der Homberger Buchhandlung die Kinder der 4. Klassen. Leider musste dieses Jahr der Besuch der Schulkinder in der Buchhandlung coronabedingt ausgefallen. Dennoch konnten die Kinder so ihre Buchgutscheine zum Welttag des Buches einl\u00f6sen. Nach einer Fragerunde zum Thema B\u00fccher stellte Frau Sowa den Kindern einige Scherzfragen &hellip; <a href=\"https:\/\/grundschule-homberg.de\/wp\/?p=222769\" class=\"more-link\"><span class=\"screen-reader-text\">Welttag des Buches &#8211; einmal anders<\/span> weiterlesen <span class=\"meta-nav\">&rarr;<\/span><\/a><\/p>\n","protected":false},"author":2,"featured_media":222784,"comment_status":"closed","ping_status":"closed","sticky":false,"template":"","format":"standard","meta":{"ngg_post_thumbnail":0,"_jetpack_memberships_contains_paid_content":false,"footnotes":""},"categories":[1],"tags":[],"class_list":["post-222769","post","type-post","status-publish","format-standard","has-post-thumbnail","hentry","category-allgemein"],"jetpack_featured_media_url":"https:\/\/i0.wp.com\/grundschule-homberg.de\/wp\/wp-content\/uploads\/2020\/07\/IMG-20200702-WA0009.jpg?fit=1600%2C1200&ssl=1","jetpack_shortlink":"https:\/\/wp.me\/p3XuEZ-VX3","jetpack-related-posts":[],"jetpack_sharing_enabled":true,"_links":{"self":[{"href":"https:\/\/grundschule-homberg.de\/wp\/index.php?rest_route=\/wp\/v2\/posts\/222769","targetHints":{"allow":["GET"]}}],"collection":[{"href":"https:\/\/grundschule-homberg.de\/wp\/index.php?rest_route=\/wp\/v2\/posts"}],"about":[{"href":"https:\/\/grundschule-homberg.de\/wp\/index.php?rest_route=\/wp\/v2\/types\/post"}],"author":[{"embeddable":true,"href":"https:\/\/grundschule-homberg.de\/wp\/index.php?rest_route=\/wp\/v2\/users\/2"}],"replies":[{"embeddable":true,"href":"https:\/\/grundschule-homberg.de\/wp\/index.php?rest_route=%2Fwp%2Fv2%2Fcomments&post=222769"}],"version-history":[{"count":3,"href":"https:\/\/grundschule-homberg.de\/wp\/index.php?rest_route=\/wp\/v2\/posts\/222769\/revisions"}],"predecessor-version":[{"id":222785,"href":"https:\/\/grundschule-homberg.de\/wp\/index.php?rest_route=\/wp\/v2\/posts\/222769\/revisions\/222785"}],"wp:featuredmedia":[{"embeddable":true,"href":"https:\/\/grundschule-homberg.de\/wp\/index.php?rest_route=\/wp\/v2\/media\/222784"}],"wp:attachment":[{"href":"https:\/\/grundschule-homberg.de\/wp\/index.php?rest_route=%2Fwp%2Fv2%2Fmedia&parent=222769"}],"wp:term":[{"taxonomy":"category","embeddable":true,"href":"https:\/\/grundschule-homberg.de\/wp\/index.php?rest_route=%2Fwp%2Fv2%2Fcategories&post=222769"},{"taxonomy":"post_tag","embeddable":true,"href":"https:\/\/grundschule-homberg.de\/wp\/index.php?rest_route=%2Fwp%2Fv2%2Ftags&post=222769"}],"curies":[{"name":"wp","href":"https:\/\/api.w.org\/{rel}","templated":true}]}}