{"id":222808,"date":"2020-08-19T17:52:51","date_gmt":"2020-08-19T15:52:51","guid":{"rendered":"http:\/\/grundschule-homberg.de\/wp\/?p=222808"},"modified":"2020-08-20T16:58:01","modified_gmt":"2020-08-20T14:58:01","slug":"schulaufnahmefeier-2020","status":"publish","type":"post","link":"https:\/\/grundschule-homberg.de\/wp\/?p=222808","title":{"rendered":"Schulaufnahmefeier 2020"},"content":{"rendered":"<p>Am Dienstag, den 18.8.2020 wurden 68 neue Schulkinder an der Grundschule Homberg aufgenommen. Coronabedingt musste die Einschulungsfeier in zwei Schichten erfolgen. Um 8.30 Uhr waren die Kinder und Eltern der Klassen 1a und 1b eingeladen. Die Vorklasse und die Klasse 1c kamen um 9.15 Uhr.&nbsp;<\/p>\n<p>F\u00fcr beide Gruppen war ein kleines Programm f\u00fcr die Aufnahmefeier vorbereitet worden:&nbsp;<\/p>\n<p>Die Schulleiterin begr\u00fc\u00dfte alle neuen Kinder und Eltern.<\/p>\n<p>Danach sangen Kinder der Klasse 3a&nbsp; das Lied &#8222;Gott hat die ganze Welt in seiner Hand&#8220;. Damit begann eine kleine Andacht, die das Pfarrerehepaar Schrag und Gemeindereferentin Sonja Hiebing gestalteten. Sie konnten ebenfalls wegen Corona in diesem Schuljahr keinen regul\u00e4ren Einschulungsgottesdienst anbieten und besuchten daher die Kinder in der Schule. Sie brachten eine Schult\u00fcte voller guter W\u00fcnsche und Gottes Segen f\u00fcr den Schulanfang mit. Danach folgte ein Geb\u00e4rdengebet, bei dem alle mitmachen durften.&nbsp;&nbsp;<\/p>\n<p>F\u00fcnf Geschwisterkinder aus dem 3. Schuljahr trugen nun das Bilderbuch &#8222;Wenn ein L\u00f6we in die Schule geht&#8220; vor, das die Kinder begeistert verfolgten.<\/p>\n<p>Am Ende der Feierstunde schloss sich die Schulleiterin den guten W\u00fcnschen f\u00fcr die &#8222;Neuen&#8220; an und rief die Kinder der Klassen auf. Begleitet durch den Applaus der Eltern und der gr\u00f6\u00dferen Schulkinder, die auf ihren Schulh\u00f6fen standen, zogen die Erstkl\u00e4sslerInnen durch ein Blumenspalier ins Schulhaus hinein.&nbsp;<\/p>\n<p>Der aufregende Schultag endete um 11.50 Uhr bzw. 12.20 Uhr. Hier wurden die Kinder bereits von ihren Eltern am unteren Schulhof erwartet und mit der langersehnten Schult\u00fcte in Empfang genommen.&nbsp;&nbsp;<\/p>\nngg_shortcode_0_placeholder\n","protected":false},"excerpt":{"rendered":"<p>Am Dienstag, den 18.8.2020 wurden 68 neue Schulkinder an der Grundschule Homberg aufgenommen. Coronabedingt musste die Einschulungsfeier in zwei Schichten erfolgen. Um 8.30 Uhr waren die Kinder und Eltern der Klassen 1a und 1b eingeladen. Die Vorklasse und die Klasse 1c kamen um 9.15 Uhr.&nbsp; F\u00fcr beide Gruppen war ein kleines Programm f\u00fcr die Aufnahmefeier &hellip; <a href=\"https:\/\/grundschule-homberg.de\/wp\/?p=222808\" class=\"more-link\"><span class=\"screen-reader-text\">Schulaufnahmefeier 2020<\/span> weiterlesen <span class=\"meta-nav\">&rarr;<\/span><\/a><\/p>\n","protected":false},"author":2,"featured_media":222822,"comment_status":"closed","ping_status":"closed","sticky":false,"template":"","format":"standard","meta":{"ngg_post_thumbnail":0,"_jetpack_memberships_contains_paid_content":false,"footnotes":""},"categories":[1],"tags":[],"class_list":["post-222808","post","type-post","status-publish","format-standard","has-post-thumbnail","hentry","category-allgemein"],"jetpack_featured_media_url":"https:\/\/i0.wp.com\/grundschule-homberg.de\/wp\/wp-content\/uploads\/2020\/08\/RLZKkqZhVPchguGPNPRHQuID.jpg?fit=320%2C240&ssl=1?v=1602958320","jetpack_shortlink":"https:\/\/wp.me\/p3XuEZ-VXG","jetpack-related-posts":[],"jetpack_sharing_enabled":true,"_links":{"self":[{"href":"https:\/\/grundschule-homberg.de\/wp\/index.php?rest_route=\/wp\/v2\/posts\/222808","targetHints":{"allow":["GET"]}}],"collection":[{"href":"https:\/\/grundschule-homberg.de\/wp\/index.php?rest_route=\/wp\/v2\/posts"}],"about":[{"href":"https:\/\/grundschule-homberg.de\/wp\/index.php?rest_route=\/wp\/v2\/types\/post"}],"author":[{"embeddable":true,"href":"https:\/\/grundschule-homberg.de\/wp\/index.php?rest_route=\/wp\/v2\/users\/2"}],"replies":[{"embeddable":true,"href":"https:\/\/grundschule-homberg.de\/wp\/index.php?rest_route=%2Fwp%2Fv2%2Fcomments&post=222808"}],"version-history":[{"count":5,"href":"https:\/\/grundschule-homberg.de\/wp\/index.php?rest_route=\/wp\/v2\/posts\/222808\/revisions"}],"predecessor-version":[{"id":222829,"href":"https:\/\/grundschule-homberg.de\/wp\/index.php?rest_route=\/wp\/v2\/posts\/222808\/revisions\/222829"}],"wp:featuredmedia":[{"embeddable":true,"href":"https:\/\/grundschule-homberg.de\/wp\/index.php?rest_route=\/wp\/v2\/media\/222822"}],"wp:attachment":[{"href":"https:\/\/grundschule-homberg.de\/wp\/index.php?rest_route=%2Fwp%2Fv2%2Fmedia&parent=222808"}],"wp:term":[{"taxonomy":"category","embeddable":true,"href":"https:\/\/grundschule-homberg.de\/wp\/index.php?rest_route=%2Fwp%2Fv2%2Fcategories&post=222808"},{"taxonomy":"post_tag","embeddable":true,"href":"https:\/\/grundschule-homberg.de\/wp\/index.php?rest_route=%2Fwp%2Fv2%2Ftags&post=222808"}],"curies":[{"name":"wp","href":"https:\/\/api.w.org\/{rel}","templated":true}]}}