{"id":222837,"date":"2020-08-25T13:59:30","date_gmt":"2020-08-25T11:59:30","guid":{"rendered":"http:\/\/grundschule-homberg.de\/wp\/?p=222837"},"modified":"2020-08-25T13:59:31","modified_gmt":"2020-08-25T11:59:31","slug":"ferienspiele-in-zeiten-von-corona","status":"publish","type":"post","link":"https:\/\/grundschule-homberg.de\/wp\/?p=222837","title":{"rendered":"Ferienspiele in Zeiten von Corona"},"content":{"rendered":"<p>Abstand halten, begrenzte Teilnehmerzahl &#8211; trotz Pandemie haben die Kinder der Homberger Betreuung (ESB) in Zeiten von Corona ein St\u00fcck Normalit\u00e4t geschenkt bekommen.<\/p>\n<p>In diesem Jahr war es f\u00fcr das Team der Betreuung eine gro\u00dfe Herausforderung die Ferienspiele f\u00fcr drei Wochen zu organisieren. Neben dem ausf\u00fchrlichen und durchdachten Hygieneplan und weiteren Auflagen, mussten durchf\u00fchrbare Freizeitaktivit\u00e4ten gefunden werden. Mund-Nasen-Schutz, regelm\u00e4\u00dfiges Desinfizieren und andere Corona bedingte Auflagen, haben den teilnehmenden Kindern dennoch den Spa\u00df am Programm nicht nehmen k\u00f6nnen.<\/p>\n<p>Dank eines engagierten Organisationsteams wurden vielf\u00e4ltige M\u00f6glichkeiten gefunden, dass Ferienprogramm zu gestalten. Die Kinder wurden in diesem Jahr in zwei Gruppen mit je 15 Kindern eingeteilt. W\u00e4hrend eine Gruppe mit den Wald-Tagen startete, befand sich die Andere in den R\u00e4umen der Betreuung.<\/p>\n<p>1 1\/2 Wochen im Wald &#8211; wie wunderbar! Hier gab es vielf\u00e4ltige M\u00f6glichkeiten f\u00fcr die Kinder sich frei zu bewegen und den Wald und die Natur zu entdecken. Ob Sinnes- oder Naturpfad, Schatzsuche, der gro\u00dfe Teich mit den Seerosen und der jungen Entenfamilie oder einfach nur auf dem gro\u00dfen Feld Fu\u00dfball zu spielen &#8211; es war Abenteuer pur und die Kinder haben es sehr genossen.<\/p>\n<p>Auch in der Betreuung gab es viele Programmpunkte wie z.B. Wasserspiele, Basteln von Trommeln, malen und vieles mehr. Ein besonderer H\u00f6hepunkt war der Besuch der Polizeihundestaffel, die gro\u00dfen Eindruck bei den Kindern hinterlassen hat.<\/p>\n<p>Besonderer Dank gilt der Unterst\u00fctzung von einigen Eltern, die mit ihrem Angebot mit \u00d6lfarben zu marmorieren, Graffiti zu spr\u00fchen und Stockbrot zu grillen das Programm der Ferienspiele bereichert haben. Des weiteren gilt der Dank der Betreuung den Verantwortlichen des Sportheims in Deckenbach, die sehr entgegenkommend waren. Wir haben uns dort sehr wohl gef\u00fchlt und kommen gerne wieder.<\/p>\n<p>Alles in allem war die Ferienzeit sowohl f\u00fcr die Kinder als auch f\u00fcr die Betreuer gef\u00fcllt mit vielen Erlebnissen und sch\u00f6nen gemeinsamen Stunden.<\/p>\n<p>&nbsp;<\/p>\n","protected":false},"excerpt":{"rendered":"<p>Abstand halten, begrenzte Teilnehmerzahl &#8211; trotz Pandemie haben die Kinder der Homberger Betreuung (ESB) in Zeiten von Corona ein St\u00fcck Normalit\u00e4t geschenkt bekommen. In diesem Jahr war es f\u00fcr das Team der Betreuung eine gro\u00dfe Herausforderung die Ferienspiele f\u00fcr drei Wochen zu organisieren. Neben dem ausf\u00fchrlichen und durchdachten Hygieneplan und weiteren Auflagen, mussten durchf\u00fchrbare Freizeitaktivit\u00e4ten &hellip; <a href=\"https:\/\/grundschule-homberg.de\/wp\/?p=222837\" class=\"more-link\"><span class=\"screen-reader-text\">Ferienspiele in Zeiten von Corona<\/span> weiterlesen <span class=\"meta-nav\">&rarr;<\/span><\/a><\/p>\n","protected":false},"author":33,"featured_media":222834,"comment_status":"closed","ping_status":"closed","sticky":false,"template":"","format":"standard","meta":{"ngg_post_thumbnail":0,"_jetpack_memberships_contains_paid_content":false,"footnotes":""},"categories":[1],"tags":[],"class_list":["post-222837","post","type-post","status-publish","format-standard","has-post-thumbnail","hentry","category-allgemein"],"jetpack_featured_media_url":"https:\/\/i0.wp.com\/grundschule-homberg.de\/wp\/wp-content\/uploads\/2020\/08\/IMG-20200825-WA0001.jpg?fit=1600%2C1582&ssl=1?v=1602958320","jetpack_shortlink":"https:\/\/wp.me\/p3XuEZ-VY9","jetpack-related-posts":[],"jetpack_sharing_enabled":true,"_links":{"self":[{"href":"https:\/\/grundschule-homberg.de\/wp\/index.php?rest_route=\/wp\/v2\/posts\/222837","targetHints":{"allow":["GET"]}}],"collection":[{"href":"https:\/\/grundschule-homberg.de\/wp\/index.php?rest_route=\/wp\/v2\/posts"}],"about":[{"href":"https:\/\/grundschule-homberg.de\/wp\/index.php?rest_route=\/wp\/v2\/types\/post"}],"author":[{"embeddable":true,"href":"https:\/\/grundschule-homberg.de\/wp\/index.php?rest_route=\/wp\/v2\/users\/33"}],"replies":[{"embeddable":true,"href":"https:\/\/grundschule-homberg.de\/wp\/index.php?rest_route=%2Fwp%2Fv2%2Fcomments&post=222837"}],"version-history":[{"count":4,"href":"https:\/\/grundschule-homberg.de\/wp\/index.php?rest_route=\/wp\/v2\/posts\/222837\/revisions"}],"predecessor-version":[{"id":222843,"href":"https:\/\/grundschule-homberg.de\/wp\/index.php?rest_route=\/wp\/v2\/posts\/222837\/revisions\/222843"}],"wp:featuredmedia":[{"embeddable":true,"href":"https:\/\/grundschule-homberg.de\/wp\/index.php?rest_route=\/wp\/v2\/media\/222834"}],"wp:attachment":[{"href":"https:\/\/grundschule-homberg.de\/wp\/index.php?rest_route=%2Fwp%2Fv2%2Fmedia&parent=222837"}],"wp:term":[{"taxonomy":"category","embeddable":true,"href":"https:\/\/grundschule-homberg.de\/wp\/index.php?rest_route=%2Fwp%2Fv2%2Fcategories&post=222837"},{"taxonomy":"post_tag","embeddable":true,"href":"https:\/\/grundschule-homberg.de\/wp\/index.php?rest_route=%2Fwp%2Fv2%2Ftags&post=222837"}],"curies":[{"name":"wp","href":"https:\/\/api.w.org\/{rel}","templated":true}]}}