{"id":222845,"date":"2020-08-27T17:10:42","date_gmt":"2020-08-27T15:10:42","guid":{"rendered":"http:\/\/grundschule-homberg.de\/wp\/?p=222845"},"modified":"2020-08-27T17:12:12","modified_gmt":"2020-08-27T15:12:12","slug":"jugendverkehrsschule-in-zeiten-von-corona","status":"publish","type":"post","link":"https:\/\/grundschule-homberg.de\/wp\/?p=222845","title":{"rendered":"Jugendverkehrsschule in Zeiten von Corona"},"content":{"rendered":"<p><a href=\"https:\/\/i0.wp.com\/grundschule-homberg.de\/wp\/wp-content\/uploads\/2020\/08\/IMG-20200827-WA0016.jpg\"><img data-recalc-dims=\"1\" loading=\"lazy\" decoding=\"async\" class=\"alignleft size-thumbnail wp-image-222850\" src=\"https:\/\/i0.wp.com\/grundschule-homberg.de\/wp\/wp-content\/uploads\/2020\/08\/IMG-20200827-WA0016-150x113.jpg?resize=150%2C113\" alt=\"\" width=\"150\" height=\"113\" srcset=\"https:\/\/i0.wp.com\/grundschule-homberg.de\/wp\/wp-content\/uploads\/2020\/08\/IMG-20200827-WA0016.jpg?resize=150%2C113&amp;ssl=1 150w, https:\/\/i0.wp.com\/grundschule-homberg.de\/wp\/wp-content\/uploads\/2020\/08\/IMG-20200827-WA0016.jpg?resize=300%2C225&amp;ssl=1 300w, https:\/\/i0.wp.com\/grundschule-homberg.de\/wp\/wp-content\/uploads\/2020\/08\/IMG-20200827-WA0016.jpg?resize=768%2C576&amp;ssl=1 768w, https:\/\/i0.wp.com\/grundschule-homberg.de\/wp\/wp-content\/uploads\/2020\/08\/IMG-20200827-WA0016.jpg?resize=1024%2C768&amp;ssl=1 1024w, https:\/\/i0.wp.com\/grundschule-homberg.de\/wp\/wp-content\/uploads\/2020\/08\/IMG-20200827-WA0016.jpg?w=1600&amp;ssl=1 1600w, https:\/\/i0.wp.com\/grundschule-homberg.de\/wp\/wp-content\/uploads\/2020\/08\/IMG-20200827-WA0016.jpg?w=1208&amp;ssl=1 1208w\" sizes=\"auto, (max-width: 150px) 100vw, 150px\" \/><\/a>Gleich zu Beginn des Schuljahres startete die Fahrrad-Ausbildung f\u00fcr die beiden 4. Klassen an der Grundschule. Coronabedingt wurde der Kurs etwas modifiziert, um den Hygieneregeln an der Schule gerecht zu werden. So betraten die Jugendverkehrspolizisten und auch die Eltern, die sich zur Begleitung der Fahrradgruppen bereit erkl\u00e4rt hatten, nur einen abgetrennten Bereich der Schule ohne Kontakt zu den Schulkindern. Die theoretische Ausbildung und Vorbereitung auf den &#8222;F\u00fchrerschein&#8220; wurde komplett von den Klassenlehrerinnen \u00fcbernommen.&nbsp;<\/p>\n<p><a href=\"https:\/\/i0.wp.com\/grundschule-homberg.de\/wp\/wp-content\/uploads\/2020\/08\/IMG-20200827-WA0017.jpg\"><img data-recalc-dims=\"1\" loading=\"lazy\" decoding=\"async\" class=\"alignleft size-thumbnail wp-image-222853\" src=\"https:\/\/i0.wp.com\/grundschule-homberg.de\/wp\/wp-content\/uploads\/2020\/08\/IMG-20200827-WA0017-113x150.jpg?resize=113%2C150\" alt=\"\" width=\"113\" height=\"150\" srcset=\"https:\/\/i0.wp.com\/grundschule-homberg.de\/wp\/wp-content\/uploads\/2020\/08\/IMG-20200827-WA0017.jpg?resize=113%2C150&amp;ssl=1 113w, https:\/\/i0.wp.com\/grundschule-homberg.de\/wp\/wp-content\/uploads\/2020\/08\/IMG-20200827-WA0017.jpg?resize=225%2C300&amp;ssl=1 225w, https:\/\/i0.wp.com\/grundschule-homberg.de\/wp\/wp-content\/uploads\/2020\/08\/IMG-20200827-WA0017.jpg?resize=768%2C1024&amp;ssl=1 768w, https:\/\/i0.wp.com\/grundschule-homberg.de\/wp\/wp-content\/uploads\/2020\/08\/IMG-20200827-WA0017.jpg?w=1200&amp;ssl=1 1200w\" sizes=\"auto, (max-width: 113px) 100vw, 113px\" \/><\/a>F\u00fcr den Fall, dass ein Kind bei der Fahrt st\u00fcrzt und Hilfe ben\u00f6tigt, haben die Polizisten und Eltern Mundschutz, Handschuhe und Desinfektionsmittel dabei. So k\u00f6nnen alle Kinder ohne Angst vor Ansteckung an diesem wichtigen Beitrag zur Verkehrssicherheit teilnehmen.&nbsp;<\/p>\n<p>&nbsp;<\/p>\n","protected":false},"excerpt":{"rendered":"<p>Gleich zu Beginn des Schuljahres startete die Fahrrad-Ausbildung f\u00fcr die beiden 4. Klassen an der Grundschule. Coronabedingt wurde der Kurs etwas modifiziert, um den Hygieneregeln an der Schule gerecht zu werden. So betraten die Jugendverkehrspolizisten und auch die Eltern, die sich zur Begleitung der Fahrradgruppen bereit erkl\u00e4rt hatten, nur einen abgetrennten Bereich der Schule ohne &hellip; <a href=\"https:\/\/grundschule-homberg.de\/wp\/?p=222845\" class=\"more-link\"><span class=\"screen-reader-text\">Jugendverkehrsschule in Zeiten von Corona<\/span> weiterlesen <span class=\"meta-nav\">&rarr;<\/span><\/a><\/p>\n","protected":false},"author":2,"featured_media":222849,"comment_status":"closed","ping_status":"closed","sticky":false,"template":"","format":"standard","meta":{"ngg_post_thumbnail":0,"_jetpack_memberships_contains_paid_content":false,"footnotes":""},"categories":[1],"tags":[],"class_list":["post-222845","post","type-post","status-publish","format-standard","has-post-thumbnail","hentry","category-allgemein"],"jetpack_featured_media_url":"https:\/\/i0.wp.com\/grundschule-homberg.de\/wp\/wp-content\/uploads\/2020\/08\/IMG-20200827-WA0014.jpg?fit=1600%2C1200&ssl=1?v=1602958319","jetpack_shortlink":"https:\/\/wp.me\/p3XuEZ-VYh","jetpack-related-posts":[],"jetpack_sharing_enabled":true,"_links":{"self":[{"href":"https:\/\/grundschule-homberg.de\/wp\/index.php?rest_route=\/wp\/v2\/posts\/222845","targetHints":{"allow":["GET"]}}],"collection":[{"href":"https:\/\/grundschule-homberg.de\/wp\/index.php?rest_route=\/wp\/v2\/posts"}],"about":[{"href":"https:\/\/grundschule-homberg.de\/wp\/index.php?rest_route=\/wp\/v2\/types\/post"}],"author":[{"embeddable":true,"href":"https:\/\/grundschule-homberg.de\/wp\/index.php?rest_route=\/wp\/v2\/users\/2"}],"replies":[{"embeddable":true,"href":"https:\/\/grundschule-homberg.de\/wp\/index.php?rest_route=%2Fwp%2Fv2%2Fcomments&post=222845"}],"version-history":[{"count":5,"href":"https:\/\/grundschule-homberg.de\/wp\/index.php?rest_route=\/wp\/v2\/posts\/222845\/revisions"}],"predecessor-version":[{"id":222851,"href":"https:\/\/grundschule-homberg.de\/wp\/index.php?rest_route=\/wp\/v2\/posts\/222845\/revisions\/222851"}],"wp:featuredmedia":[{"embeddable":true,"href":"https:\/\/grundschule-homberg.de\/wp\/index.php?rest_route=\/wp\/v2\/media\/222849"}],"wp:attachment":[{"href":"https:\/\/grundschule-homberg.de\/wp\/index.php?rest_route=%2Fwp%2Fv2%2Fmedia&parent=222845"}],"wp:term":[{"taxonomy":"category","embeddable":true,"href":"https:\/\/grundschule-homberg.de\/wp\/index.php?rest_route=%2Fwp%2Fv2%2Fcategories&post=222845"},{"taxonomy":"post_tag","embeddable":true,"href":"https:\/\/grundschule-homberg.de\/wp\/index.php?rest_route=%2Fwp%2Fv2%2Ftags&post=222845"}],"curies":[{"name":"wp","href":"https:\/\/api.w.org\/{rel}","templated":true}]}}