{"id":222930,"date":"2020-11-04T08:52:28","date_gmt":"2020-11-04T07:52:28","guid":{"rendered":"http:\/\/grundschule-homberg.de\/wp\/?p=222930"},"modified":"2020-11-11T10:20:05","modified_gmt":"2020-11-11T09:20:05","slug":"stabheuschrecken-halten-einzug-in-der-betreuung","status":"publish","type":"post","link":"https:\/\/grundschule-homberg.de\/wp\/?p=222930","title":{"rendered":"Stabheuschrecken halten Einzug in der Betreuung"},"content":{"rendered":"<p>Nach den Sommerferien hielten in der Betreuung der Grundschule interessante Mitbewohner Einzug \u2013 <em>Stabheuschrecken<\/em>.<\/p>\n<p>Vermittelt durch unsere Schulsekret\u00e4rin, Frau H\u00fchnergarth, wurden uns die <em>Stabheuschrecken<\/em> durch die Grundschule Feldatal dankenswerterweise zur Verf\u00fcgung gestellt. Ihr neues zu Hause \u2013 ein Terrarium &#8211; wurde von den Betreuungskindern mit gro\u00dfer Begeisterung mit Naturmaterialien, wie z. B. Brombeerbl\u00e4ttern und Efeu gef\u00fcllt, von denen sich diese faszinierenden Insekten, die reine Vegetarier sind, ern\u00e4hren.<\/p>\n<p><a href=\"https:\/\/i0.wp.com\/grundschule-homberg.de\/wp\/wp-content\/uploads\/2020\/11\/Stabheuschrecken-1-scaled.jpg\"><img data-recalc-dims=\"1\" loading=\"lazy\" decoding=\"async\" class=\"size-medium wp-image-222940 alignnone\" src=\"https:\/\/i0.wp.com\/grundschule-homberg.de\/wp\/wp-content\/uploads\/2020\/11\/Stabheuschrecken-1-300x225.jpg?resize=300%2C225\" alt=\"\" width=\"300\" height=\"225\" srcset=\"https:\/\/i0.wp.com\/grundschule-homberg.de\/wp\/wp-content\/uploads\/2020\/11\/Stabheuschrecken-1-scaled.jpg?resize=300%2C225&amp;ssl=1 300w, https:\/\/i0.wp.com\/grundschule-homberg.de\/wp\/wp-content\/uploads\/2020\/11\/Stabheuschrecken-1-scaled.jpg?resize=1024%2C768&amp;ssl=1 1024w, https:\/\/i0.wp.com\/grundschule-homberg.de\/wp\/wp-content\/uploads\/2020\/11\/Stabheuschrecken-1-scaled.jpg?resize=150%2C113&amp;ssl=1 150w, https:\/\/i0.wp.com\/grundschule-homberg.de\/wp\/wp-content\/uploads\/2020\/11\/Stabheuschrecken-1-scaled.jpg?resize=768%2C576&amp;ssl=1 768w, https:\/\/i0.wp.com\/grundschule-homberg.de\/wp\/wp-content\/uploads\/2020\/11\/Stabheuschrecken-1-scaled.jpg?resize=1536%2C1152&amp;ssl=1 1536w, https:\/\/i0.wp.com\/grundschule-homberg.de\/wp\/wp-content\/uploads\/2020\/11\/Stabheuschrecken-1-scaled.jpg?resize=2048%2C1536&amp;ssl=1 2048w, https:\/\/i0.wp.com\/grundschule-homberg.de\/wp\/wp-content\/uploads\/2020\/11\/Stabheuschrecken-1-scaled.jpg?w=1208&amp;ssl=1 1208w, https:\/\/i0.wp.com\/grundschule-homberg.de\/wp\/wp-content\/uploads\/2020\/11\/Stabheuschrecken-1-scaled.jpg?w=1812&amp;ssl=1 1812w\" sizes=\"auto, (max-width: 300px) 100vw, 300px\" \/><\/a> <a href=\"https:\/\/i0.wp.com\/grundschule-homberg.de\/wp\/wp-content\/uploads\/2020\/11\/Stabheuschrecken-2-scaled.jpg\"><img data-recalc-dims=\"1\" loading=\"lazy\" decoding=\"async\" class=\"wp-image-222941 size-medium alignnone\" src=\"https:\/\/i0.wp.com\/grundschule-homberg.de\/wp\/wp-content\/uploads\/2020\/11\/Stabheuschrecken-2-300x225.jpg?resize=300%2C225\" alt=\"\" width=\"300\" height=\"225\" srcset=\"https:\/\/i0.wp.com\/grundschule-homberg.de\/wp\/wp-content\/uploads\/2020\/11\/Stabheuschrecken-2-scaled.jpg?resize=300%2C225&amp;ssl=1 300w, https:\/\/i0.wp.com\/grundschule-homberg.de\/wp\/wp-content\/uploads\/2020\/11\/Stabheuschrecken-2-scaled.jpg?resize=1024%2C768&amp;ssl=1 1024w, https:\/\/i0.wp.com\/grundschule-homberg.de\/wp\/wp-content\/uploads\/2020\/11\/Stabheuschrecken-2-scaled.jpg?resize=150%2C113&amp;ssl=1 150w, https:\/\/i0.wp.com\/grundschule-homberg.de\/wp\/wp-content\/uploads\/2020\/11\/Stabheuschrecken-2-scaled.jpg?resize=768%2C576&amp;ssl=1 768w, https:\/\/i0.wp.com\/grundschule-homberg.de\/wp\/wp-content\/uploads\/2020\/11\/Stabheuschrecken-2-scaled.jpg?resize=1536%2C1152&amp;ssl=1 1536w, https:\/\/i0.wp.com\/grundschule-homberg.de\/wp\/wp-content\/uploads\/2020\/11\/Stabheuschrecken-2-scaled.jpg?resize=2048%2C1536&amp;ssl=1 2048w, https:\/\/i0.wp.com\/grundschule-homberg.de\/wp\/wp-content\/uploads\/2020\/11\/Stabheuschrecken-2-scaled.jpg?w=1208&amp;ssl=1 1208w, https:\/\/i0.wp.com\/grundschule-homberg.de\/wp\/wp-content\/uploads\/2020\/11\/Stabheuschrecken-2-scaled.jpg?w=1812&amp;ssl=1 1812w\" sizes=\"auto, (max-width: 300px) 100vw, 300px\" \/><\/a> <a href=\"https:\/\/i0.wp.com\/grundschule-homberg.de\/wp\/wp-content\/uploads\/2020\/11\/Stabheuschrecken-3-scaled-e1605086190943.jpg\"><img data-recalc-dims=\"1\" loading=\"lazy\" decoding=\"async\" class=\"wp-image-222942 size-medium aligncenter\" src=\"https:\/\/i0.wp.com\/grundschule-homberg.de\/wp\/wp-content\/uploads\/2020\/11\/Stabheuschrecken-3-scaled-e1605086190943-225x300.jpg?resize=225%2C300\" alt=\"\" width=\"225\" height=\"300\" srcset=\"https:\/\/i0.wp.com\/grundschule-homberg.de\/wp\/wp-content\/uploads\/2020\/11\/Stabheuschrecken-3-scaled-e1605086190943.jpg?resize=225%2C300&amp;ssl=1 225w, https:\/\/i0.wp.com\/grundschule-homberg.de\/wp\/wp-content\/uploads\/2020\/11\/Stabheuschrecken-3-scaled-e1605086190943.jpg?resize=768%2C1024&amp;ssl=1 768w, https:\/\/i0.wp.com\/grundschule-homberg.de\/wp\/wp-content\/uploads\/2020\/11\/Stabheuschrecken-3-scaled-e1605086190943.jpg?resize=113%2C150&amp;ssl=1 113w, https:\/\/i0.wp.com\/grundschule-homberg.de\/wp\/wp-content\/uploads\/2020\/11\/Stabheuschrecken-3-scaled-e1605086190943.jpg?resize=1152%2C1536&amp;ssl=1 1152w, https:\/\/i0.wp.com\/grundschule-homberg.de\/wp\/wp-content\/uploads\/2020\/11\/Stabheuschrecken-3-scaled-e1605086190943.jpg?resize=1536%2C2048&amp;ssl=1 1536w, https:\/\/i0.wp.com\/grundschule-homberg.de\/wp\/wp-content\/uploads\/2020\/11\/Stabheuschrecken-3-scaled-e1605086190943.jpg?w=1920&amp;ssl=1 1920w, https:\/\/i0.wp.com\/grundschule-homberg.de\/wp\/wp-content\/uploads\/2020\/11\/Stabheuschrecken-3-scaled-e1605086190943.jpg?w=1208&amp;ssl=1 1208w, https:\/\/i0.wp.com\/grundschule-homberg.de\/wp\/wp-content\/uploads\/2020\/11\/Stabheuschrecken-3-scaled-e1605086190943.jpg?w=1812&amp;ssl=1 1812w\" sizes=\"auto, (max-width: 225px) 100vw, 225px\" \/><\/a><\/p>\n<p>T\u00e4glich wird das Terrarium mit Wasser bespr\u00fcht und durch frische Bl\u00e4tter erg\u00e4nzt, damit die <em>Stabheuschrecken<\/em> sich bei uns wohlf\u00fchlen. Manchmal muss man ganz sch\u00f6n lange suchen, bis man die <em>\u201eSchrecken\u201c <\/em>&nbsp;finden kann, so gut sind sie in den \u00c4sten getarnt. Das Terrarium ist abgedeckt, denn die wendigen Insekten sind gute Kletterer.<\/p>\n<p>Wir hoffen, dass sie uns noch lange erhalten bleiben und wir uns bald \u00fcber \u201eZuwachs\u201c freuen d\u00fcrfen.<\/p>\n","protected":false},"excerpt":{"rendered":"<p>Nach den Sommerferien hielten in der Betreuung der Grundschule interessante Mitbewohner Einzug \u2013 Stabheuschrecken. Vermittelt durch unsere Schulsekret\u00e4rin, Frau H\u00fchnergarth, wurden uns die Stabheuschrecken durch die Grundschule Feldatal dankenswerterweise zur Verf\u00fcgung gestellt. Ihr neues zu Hause \u2013 ein Terrarium &#8211; wurde von den Betreuungskindern mit gro\u00dfer Begeisterung mit Naturmaterialien, wie z. B. Brombeerbl\u00e4ttern und Efeu &hellip; <a href=\"https:\/\/grundschule-homberg.de\/wp\/?p=222930\" class=\"more-link\"><span class=\"screen-reader-text\">Stabheuschrecken halten Einzug in der Betreuung<\/span> weiterlesen <span class=\"meta-nav\">&rarr;<\/span><\/a><\/p>\n","protected":false},"author":33,"featured_media":222940,"comment_status":"closed","ping_status":"closed","sticky":false,"template":"","format":"standard","meta":{"ngg_post_thumbnail":0,"_jetpack_memberships_contains_paid_content":false,"footnotes":""},"categories":[1],"tags":[],"class_list":["post-222930","post","type-post","status-publish","format-standard","has-post-thumbnail","hentry","category-allgemein"],"jetpack_featured_media_url":"https:\/\/i0.wp.com\/grundschule-homberg.de\/wp\/wp-content\/uploads\/2020\/11\/Stabheuschrecken-1-scaled.jpg?fit=2560%2C1920&ssl=1?v=1605086121","jetpack_shortlink":"https:\/\/wp.me\/p3XuEZ-VZE","jetpack-related-posts":[],"jetpack_sharing_enabled":true,"_links":{"self":[{"href":"https:\/\/grundschule-homberg.de\/wp\/index.php?rest_route=\/wp\/v2\/posts\/222930","targetHints":{"allow":["GET"]}}],"collection":[{"href":"https:\/\/grundschule-homberg.de\/wp\/index.php?rest_route=\/wp\/v2\/posts"}],"about":[{"href":"https:\/\/grundschule-homberg.de\/wp\/index.php?rest_route=\/wp\/v2\/types\/post"}],"author":[{"embeddable":true,"href":"https:\/\/grundschule-homberg.de\/wp\/index.php?rest_route=\/wp\/v2\/users\/33"}],"replies":[{"embeddable":true,"href":"https:\/\/grundschule-homberg.de\/wp\/index.php?rest_route=%2Fwp%2Fv2%2Fcomments&post=222930"}],"version-history":[{"count":3,"href":"https:\/\/grundschule-homberg.de\/wp\/index.php?rest_route=\/wp\/v2\/posts\/222930\/revisions"}],"predecessor-version":[{"id":222943,"href":"https:\/\/grundschule-homberg.de\/wp\/index.php?rest_route=\/wp\/v2\/posts\/222930\/revisions\/222943"}],"wp:featuredmedia":[{"embeddable":true,"href":"https:\/\/grundschule-homberg.de\/wp\/index.php?rest_route=\/wp\/v2\/media\/222940"}],"wp:attachment":[{"href":"https:\/\/grundschule-homberg.de\/wp\/index.php?rest_route=%2Fwp%2Fv2%2Fmedia&parent=222930"}],"wp:term":[{"taxonomy":"category","embeddable":true,"href":"https:\/\/grundschule-homberg.de\/wp\/index.php?rest_route=%2Fwp%2Fv2%2Fcategories&post=222930"},{"taxonomy":"post_tag","embeddable":true,"href":"https:\/\/grundschule-homberg.de\/wp\/index.php?rest_route=%2Fwp%2Fv2%2Ftags&post=222930"}],"curies":[{"name":"wp","href":"https:\/\/api.w.org\/{rel}","templated":true}]}}