{"id":222935,"date":"2020-11-05T10:47:43","date_gmt":"2020-11-05T09:47:43","guid":{"rendered":"http:\/\/grundschule-homberg.de\/wp\/?p=222935"},"modified":"2020-11-11T11:04:11","modified_gmt":"2020-11-11T10:04:11","slug":"paradies-im-waeldchen","status":"publish","type":"post","link":"https:\/\/grundschule-homberg.de\/wp\/?p=222935","title":{"rendered":"Paradies im &#8222;W\u00e4ldchen&#8220;"},"content":{"rendered":"<p>Hinter der Turnhalle befindet sich ein kleines W\u00e4ldchen, das sich als Spiel- und Kletterparadies f\u00fcr die Kinder der Schulkindbetreuung \u00f6ffnet.<\/p>\n<p>Getr\u00fcbt wird das ganze dadurch, dass Teile des W\u00e4ldchens immer wieder der M\u00fcllentsorgung dienen.<\/p>\n<p>Eine kleine Gruppe Kinder der Schulkindbetreuung hat sich deswegen zum Ziel gesetzt, dem ein Ende zu bereiten. Gestern war es dann soweit: mit Handschuhen und M\u00fclls\u00e4cken \u201ebewaffnet\u201c, zogen die Kinder in den Wald. Einige von ihnen erhofften sich, entlang \u201eder Wollbach\u201c, vielleicht auch Tonscherben und andere Gegenst\u00e4nde aus einer fr\u00fcheren Zeit zu finden.<\/p>\n<p>Zwei gro\u00dfe S\u00e4cke voll mit Unrat (z. B. Bierflaschen, Scherben, Blechdosen, Linoleum und Aschereste) wurden gesammelt und entsprechend entsorgt.<\/p>\n<p><strong>Die Bitte der Kinder: Achtet darauf, euren M\u00fcll nicht gedankenlos wegzuwerfen. <\/strong><\/p>\n<p><strong>M\u00fcll geh\u00f6rt in den M\u00fclleimer! <\/strong><\/p>\n<p>Auf meine Frage, was sie denn machen, wenn sich wieder so viel M\u00fcll ansammelt, gab es einstimmig die Antwort: \u201eDann ziehen wir wieder los!\u201c<\/p>\n<p>Den erhofften Schatz haben die Grundsch\u00fcler nicht gefunden, aber ihr kleines Spielparadies haben sie sich zur\u00fcckerobert.<\/p>\n<p><a href=\"https:\/\/i0.wp.com\/grundschule-homberg.de\/wp\/wp-content\/uploads\/2020\/11\/Waeldchen.png\"><img data-recalc-dims=\"1\" loading=\"lazy\" decoding=\"async\" class=\"alignleft size-medium wp-image-222950\" src=\"https:\/\/i0.wp.com\/grundschule-homberg.de\/wp\/wp-content\/uploads\/2020\/11\/Waeldchen-225x300.png?resize=225%2C300\" alt=\"\" width=\"225\" height=\"300\" srcset=\"https:\/\/i0.wp.com\/grundschule-homberg.de\/wp\/wp-content\/uploads\/2020\/11\/Waeldchen.png?resize=225%2C300&amp;ssl=1 225w, https:\/\/i0.wp.com\/grundschule-homberg.de\/wp\/wp-content\/uploads\/2020\/11\/Waeldchen.png?resize=768%2C1024&amp;ssl=1 768w, https:\/\/i0.wp.com\/grundschule-homberg.de\/wp\/wp-content\/uploads\/2020\/11\/Waeldchen.png?resize=113%2C150&amp;ssl=1 113w, https:\/\/i0.wp.com\/grundschule-homberg.de\/wp\/wp-content\/uploads\/2020\/11\/Waeldchen.png?w=960&amp;ssl=1 960w\" sizes=\"auto, (max-width: 225px) 100vw, 225px\" \/><\/a><\/p>\n","protected":false},"excerpt":{"rendered":"<p>Hinter der Turnhalle befindet sich ein kleines W\u00e4ldchen, das sich als Spiel- und Kletterparadies f\u00fcr die Kinder der Schulkindbetreuung \u00f6ffnet. Getr\u00fcbt wird das ganze dadurch, dass Teile des W\u00e4ldchens immer wieder der M\u00fcllentsorgung dienen. Eine kleine Gruppe Kinder der Schulkindbetreuung hat sich deswegen zum Ziel gesetzt, dem ein Ende zu bereiten. Gestern war es dann &hellip; <a href=\"https:\/\/grundschule-homberg.de\/wp\/?p=222935\" class=\"more-link\"><span class=\"screen-reader-text\">Paradies im &#8222;W\u00e4ldchen&#8220;<\/span> weiterlesen <span class=\"meta-nav\">&rarr;<\/span><\/a><\/p>\n","protected":false},"author":33,"featured_media":222950,"comment_status":"closed","ping_status":"closed","sticky":false,"template":"","format":"standard","meta":{"ngg_post_thumbnail":0,"_jetpack_memberships_contains_paid_content":false,"footnotes":""},"categories":[1],"tags":[],"class_list":["post-222935","post","type-post","status-publish","format-standard","has-post-thumbnail","hentry","category-allgemein"],"jetpack_featured_media_url":"https:\/\/i0.wp.com\/grundschule-homberg.de\/wp\/wp-content\/uploads\/2020\/11\/Waeldchen.png?fit=960%2C1280&ssl=1?v=1605089019","jetpack_shortlink":"https:\/\/wp.me\/p3XuEZ-VZJ","jetpack-related-posts":[],"jetpack_sharing_enabled":true,"_links":{"self":[{"href":"https:\/\/grundschule-homberg.de\/wp\/index.php?rest_route=\/wp\/v2\/posts\/222935","targetHints":{"allow":["GET"]}}],"collection":[{"href":"https:\/\/grundschule-homberg.de\/wp\/index.php?rest_route=\/wp\/v2\/posts"}],"about":[{"href":"https:\/\/grundschule-homberg.de\/wp\/index.php?rest_route=\/wp\/v2\/types\/post"}],"author":[{"embeddable":true,"href":"https:\/\/grundschule-homberg.de\/wp\/index.php?rest_route=\/wp\/v2\/users\/33"}],"replies":[{"embeddable":true,"href":"https:\/\/grundschule-homberg.de\/wp\/index.php?rest_route=%2Fwp%2Fv2%2Fcomments&post=222935"}],"version-history":[{"count":3,"href":"https:\/\/grundschule-homberg.de\/wp\/index.php?rest_route=\/wp\/v2\/posts\/222935\/revisions"}],"predecessor-version":[{"id":222951,"href":"https:\/\/grundschule-homberg.de\/wp\/index.php?rest_route=\/wp\/v2\/posts\/222935\/revisions\/222951"}],"wp:featuredmedia":[{"embeddable":true,"href":"https:\/\/grundschule-homberg.de\/wp\/index.php?rest_route=\/wp\/v2\/media\/222950"}],"wp:attachment":[{"href":"https:\/\/grundschule-homberg.de\/wp\/index.php?rest_route=%2Fwp%2Fv2%2Fmedia&parent=222935"}],"wp:term":[{"taxonomy":"category","embeddable":true,"href":"https:\/\/grundschule-homberg.de\/wp\/index.php?rest_route=%2Fwp%2Fv2%2Fcategories&post=222935"},{"taxonomy":"post_tag","embeddable":true,"href":"https:\/\/grundschule-homberg.de\/wp\/index.php?rest_route=%2Fwp%2Fv2%2Ftags&post=222935"}],"curies":[{"name":"wp","href":"https:\/\/api.w.org\/{rel}","templated":true}]}}