{"id":222998,"date":"2021-02-05T16:03:39","date_gmt":"2021-02-05T15:03:39","guid":{"rendered":"https:\/\/grundschule-homberg.de\/wp\/?p=222998"},"modified":"2021-02-08T11:18:44","modified_gmt":"2021-02-08T10:18:44","slug":"neue-betreuungsraeume-nach-umbau","status":"publish","type":"post","link":"https:\/\/grundschule-homberg.de\/wp\/?p=222998","title":{"rendered":"Neue Betreuungsr\u00e4ume nach Umbau"},"content":{"rendered":"<p><a href=\"https:\/\/i0.wp.com\/grundschule-homberg.de\/wp\/wp-content\/uploads\/2021\/02\/IMG-20210208-WA0026.jpg?ssl=1\"><img data-recalc-dims=\"1\" loading=\"lazy\" decoding=\"async\" class=\"alignleft size-medium wp-image-223028\" src=\"https:\/\/i0.wp.com\/grundschule-homberg.de\/wp\/wp-content\/uploads\/2021\/02\/IMG-20210208-WA0026.jpg?resize=225%2C300&#038;ssl=1\" alt=\"\" width=\"225\" height=\"300\" srcset=\"https:\/\/i0.wp.com\/grundschule-homberg.de\/wp\/wp-content\/uploads\/2021\/02\/IMG-20210208-WA0026.jpg?resize=225%2C300&amp;ssl=1 225w, https:\/\/i0.wp.com\/grundschule-homberg.de\/wp\/wp-content\/uploads\/2021\/02\/IMG-20210208-WA0026.jpg?resize=768%2C1023&amp;ssl=1 768w, https:\/\/i0.wp.com\/grundschule-homberg.de\/wp\/wp-content\/uploads\/2021\/02\/IMG-20210208-WA0026.jpg?resize=113%2C150&amp;ssl=1 113w, https:\/\/i0.wp.com\/grundschule-homberg.de\/wp\/wp-content\/uploads\/2021\/02\/IMG-20210208-WA0026.jpg?resize=1153%2C1536&amp;ssl=1 1153w, https:\/\/i0.wp.com\/grundschule-homberg.de\/wp\/wp-content\/uploads\/2021\/02\/IMG-20210208-WA0026.jpg?w=1200&amp;ssl=1 1200w\" sizes=\"auto, (max-width: 225px) 100vw, 225px\" \/><\/a><\/p>\n<p>In den letzten Monaten hat sich viel in den R\u00e4umen der Ganztagsbetreuung der Grundschule in Homberg (Ohm) getan. Nach und nach wurden die R\u00e4ume mit neuen M\u00f6beln und Materialien ausgestattet und eingerichtet. Dabei hat der ein oder andere aus dem Team sein Talent beim M\u00f6belzusammenbauen erkennen k\u00f6nnen. Nun sind leider die R\u00e4umlichkeiten &#8211; in dieser besonderen und au\u00dfergew\u00f6hnlichen Zeit &#8211; den Eltern nicht zug\u00e4nglich und aus diesem Grund wollen wir Bilder sprechen lassen.<\/p>\n<p>&nbsp;<\/p>\n<p><a href=\"https:\/\/i0.wp.com\/grundschule-homberg.de\/wp\/wp-content\/uploads\/2021\/02\/IMG_20210204_121917-scaled.jpg?ssl=1\"><img data-recalc-dims=\"1\" loading=\"lazy\" decoding=\"async\" class=\"wp-image-223009 alignright\" src=\"https:\/\/i0.wp.com\/grundschule-homberg.de\/wp\/wp-content\/uploads\/2021\/02\/IMG_20210204_121917.jpg?resize=193%2C417&#038;ssl=1\" alt=\"\" width=\"193\" height=\"417\" srcset=\"https:\/\/i0.wp.com\/grundschule-homberg.de\/wp\/wp-content\/uploads\/2021\/02\/IMG_20210204_121917-scaled.jpg?resize=139%2C300&amp;ssl=1 139w, https:\/\/i0.wp.com\/grundschule-homberg.de\/wp\/wp-content\/uploads\/2021\/02\/IMG_20210204_121917-scaled.jpg?resize=474%2C1024&amp;ssl=1 474w, https:\/\/i0.wp.com\/grundschule-homberg.de\/wp\/wp-content\/uploads\/2021\/02\/IMG_20210204_121917-scaled.jpg?resize=69%2C150&amp;ssl=1 69w, https:\/\/i0.wp.com\/grundschule-homberg.de\/wp\/wp-content\/uploads\/2021\/02\/IMG_20210204_121917-scaled.jpg?resize=768%2C1661&amp;ssl=1 768w, https:\/\/i0.wp.com\/grundschule-homberg.de\/wp\/wp-content\/uploads\/2021\/02\/IMG_20210204_121917-scaled.jpg?resize=710%2C1536&amp;ssl=1 710w, https:\/\/i0.wp.com\/grundschule-homberg.de\/wp\/wp-content\/uploads\/2021\/02\/IMG_20210204_121917-scaled.jpg?resize=947%2C2048&amp;ssl=1 947w, https:\/\/i0.wp.com\/grundschule-homberg.de\/wp\/wp-content\/uploads\/2021\/02\/IMG_20210204_121917-scaled.jpg?w=1184&amp;ssl=1 1184w\" sizes=\"auto, (max-width: 193px) 100vw, 193px\" \/><\/a><\/p>\n<p>&nbsp;<\/p>\n<p><a href=\"https:\/\/i0.wp.com\/grundschule-homberg.de\/wp\/wp-content\/uploads\/2021\/02\/IMG_20210204_122056-scaled.jpg?ssl=1\"><img data-recalc-dims=\"1\" loading=\"lazy\" decoding=\"async\" class=\"wp-image-223011 alignleft\" src=\"https:\/\/i0.wp.com\/grundschule-homberg.de\/wp\/wp-content\/uploads\/2021\/02\/IMG_20210204_122056.jpg?resize=341%2C157&#038;ssl=1\" alt=\"\" width=\"341\" height=\"157\" srcset=\"https:\/\/i0.wp.com\/grundschule-homberg.de\/wp\/wp-content\/uploads\/2021\/02\/IMG_20210204_122056-scaled.jpg?resize=300%2C138&amp;ssl=1 300w, https:\/\/i0.wp.com\/grundschule-homberg.de\/wp\/wp-content\/uploads\/2021\/02\/IMG_20210204_122056-scaled.jpg?resize=1024%2C472&amp;ssl=1 1024w, https:\/\/i0.wp.com\/grundschule-homberg.de\/wp\/wp-content\/uploads\/2021\/02\/IMG_20210204_122056-scaled.jpg?resize=150%2C69&amp;ssl=1 150w, https:\/\/i0.wp.com\/grundschule-homberg.de\/wp\/wp-content\/uploads\/2021\/02\/IMG_20210204_122056-scaled.jpg?resize=768%2C354&amp;ssl=1 768w, https:\/\/i0.wp.com\/grundschule-homberg.de\/wp\/wp-content\/uploads\/2021\/02\/IMG_20210204_122056-scaled.jpg?resize=1536%2C707&amp;ssl=1 1536w, https:\/\/i0.wp.com\/grundschule-homberg.de\/wp\/wp-content\/uploads\/2021\/02\/IMG_20210204_122056-scaled.jpg?resize=2048%2C943&amp;ssl=1 2048w, https:\/\/i0.wp.com\/grundschule-homberg.de\/wp\/wp-content\/uploads\/2021\/02\/IMG_20210204_122056-scaled.jpg?w=1208&amp;ssl=1 1208w, https:\/\/i0.wp.com\/grundschule-homberg.de\/wp\/wp-content\/uploads\/2021\/02\/IMG_20210204_122056-scaled.jpg?w=1812&amp;ssl=1 1812w\" sizes=\"auto, (max-width: 341px) 100vw, 341px\" \/><\/a><\/p>\n<p>&nbsp;<\/p>\n<p>&nbsp;<\/p>\n<p>&nbsp;<\/p>\n<p>&nbsp;<\/p>\n<p>In unserem gro\u00dfen <strong>Flur<\/strong> im Eingangsbereich der Betreuung, wurde ein gro\u00dfes Ranzenregal eingebaut, in das die Kinder ihre Schulranzen und pers\u00f6nlichen Sachen in einem eigenen Fach unterbringen k\u00f6nnen. Des Weiteren befinden sich unser neuer Mitarbeiterraum und das Verwaltungsb\u00fcro in diesem Flur.<\/p>\n<p><a href=\"https:\/\/i0.wp.com\/grundschule-homberg.de\/wp\/wp-content\/uploads\/2021\/02\/IMG_20210204_122045-scaled.jpg?ssl=1\"><img data-recalc-dims=\"1\" loading=\"lazy\" decoding=\"async\" class=\" wp-image-223010 aligncenter\" src=\"https:\/\/i0.wp.com\/grundschule-homberg.de\/wp\/wp-content\/uploads\/2021\/02\/IMG_20210204_122045.jpg?resize=324%2C150&#038;ssl=1\" alt=\"\" width=\"324\" height=\"150\" srcset=\"https:\/\/i0.wp.com\/grundschule-homberg.de\/wp\/wp-content\/uploads\/2021\/02\/IMG_20210204_122045-scaled.jpg?resize=300%2C139&amp;ssl=1 300w, https:\/\/i0.wp.com\/grundschule-homberg.de\/wp\/wp-content\/uploads\/2021\/02\/IMG_20210204_122045-scaled.jpg?resize=1024%2C474&amp;ssl=1 1024w, https:\/\/i0.wp.com\/grundschule-homberg.de\/wp\/wp-content\/uploads\/2021\/02\/IMG_20210204_122045-scaled.jpg?resize=150%2C69&amp;ssl=1 150w, https:\/\/i0.wp.com\/grundschule-homberg.de\/wp\/wp-content\/uploads\/2021\/02\/IMG_20210204_122045-scaled.jpg?resize=768%2C355&amp;ssl=1 768w, https:\/\/i0.wp.com\/grundschule-homberg.de\/wp\/wp-content\/uploads\/2021\/02\/IMG_20210204_122045-scaled.jpg?resize=1536%2C710&amp;ssl=1 1536w, https:\/\/i0.wp.com\/grundschule-homberg.de\/wp\/wp-content\/uploads\/2021\/02\/IMG_20210204_122045-scaled.jpg?resize=2048%2C947&amp;ssl=1 2048w, https:\/\/i0.wp.com\/grundschule-homberg.de\/wp\/wp-content\/uploads\/2021\/02\/IMG_20210204_122045-scaled.jpg?w=1208&amp;ssl=1 1208w, https:\/\/i0.wp.com\/grundschule-homberg.de\/wp\/wp-content\/uploads\/2021\/02\/IMG_20210204_122045-scaled.jpg?w=1812&amp;ssl=1 1812w\" sizes=\"auto, (max-width: 324px) 100vw, 324px\" \/><\/a><\/p>\n<p><a href=\"https:\/\/i0.wp.com\/grundschule-homberg.de\/wp\/wp-content\/uploads\/2021\/02\/IMG-20210208-WA0024.jpg?ssl=1\"><img data-recalc-dims=\"1\" loading=\"lazy\" decoding=\"async\" class=\" wp-image-223026 alignright\" src=\"https:\/\/i0.wp.com\/grundschule-homberg.de\/wp\/wp-content\/uploads\/2021\/02\/IMG-20210208-WA0024.jpg?resize=331%2C248&#038;ssl=1\" alt=\"\" width=\"331\" height=\"248\" srcset=\"https:\/\/i0.wp.com\/grundschule-homberg.de\/wp\/wp-content\/uploads\/2021\/02\/IMG-20210208-WA0024.jpg?resize=300%2C225&amp;ssl=1 300w, https:\/\/i0.wp.com\/grundschule-homberg.de\/wp\/wp-content\/uploads\/2021\/02\/IMG-20210208-WA0024.jpg?resize=1024%2C768&amp;ssl=1 1024w, https:\/\/i0.wp.com\/grundschule-homberg.de\/wp\/wp-content\/uploads\/2021\/02\/IMG-20210208-WA0024.jpg?resize=150%2C113&amp;ssl=1 150w, https:\/\/i0.wp.com\/grundschule-homberg.de\/wp\/wp-content\/uploads\/2021\/02\/IMG-20210208-WA0024.jpg?resize=768%2C576&amp;ssl=1 768w, https:\/\/i0.wp.com\/grundschule-homberg.de\/wp\/wp-content\/uploads\/2021\/02\/IMG-20210208-WA0024.jpg?resize=1536%2C1153&amp;ssl=1 1536w, https:\/\/i0.wp.com\/grundschule-homberg.de\/wp\/wp-content\/uploads\/2021\/02\/IMG-20210208-WA0024.jpg?w=1599&amp;ssl=1 1599w, https:\/\/i0.wp.com\/grundschule-homberg.de\/wp\/wp-content\/uploads\/2021\/02\/IMG-20210208-WA0024.jpg?w=1208&amp;ssl=1 1208w\" sizes=\"auto, (max-width: 331px) 100vw, 331px\" \/><\/a><\/p>\n<p>&nbsp;<\/p>\n<p>&nbsp;<\/p>\n<p>&nbsp;<\/p>\n<p>&nbsp;<\/p>\n<p>&nbsp;<\/p>\n<p>&nbsp;<\/p>\n<p>In unserem \u201e<strong>Bastel- und Kreativraum\u201c<\/strong> \u2013 ein gro\u00dfer Licht durchfluteter Raum &#8211; k\u00f6nnen sich die Kinder auf vielf\u00e4ltige Weise besch\u00e4ftigen. Inspiriert durch verschiedene Materialien, k\u00f6nnen sie selber kreativ werden oder auf eines der Bastelangebote zur\u00fcckgreifen. Die Kinder haben dabei viel Spa\u00df, mit gebastelten Dekorationen die R\u00e4ume der Betreuung zu versch\u00f6nern oder aber auch mit nach Hause zu nehmen.<\/p>\n<p><a href=\"https:\/\/i0.wp.com\/grundschule-homberg.de\/wp\/wp-content\/uploads\/2021\/02\/IMG_20210122_160346-scaled.jpg?ssl=1\"><img data-recalc-dims=\"1\" loading=\"lazy\" decoding=\"async\" class=\"wp-image-223002 alignright\" src=\"https:\/\/i0.wp.com\/grundschule-homberg.de\/wp\/wp-content\/uploads\/2021\/02\/IMG_20210122_160346.jpg?resize=455%2C211&#038;ssl=1\" alt=\"\" width=\"455\" height=\"211\" srcset=\"https:\/\/i0.wp.com\/grundschule-homberg.de\/wp\/wp-content\/uploads\/2021\/02\/IMG_20210122_160346-scaled.jpg?resize=300%2C139&amp;ssl=1 300w, https:\/\/i0.wp.com\/grundschule-homberg.de\/wp\/wp-content\/uploads\/2021\/02\/IMG_20210122_160346-scaled.jpg?resize=1024%2C474&amp;ssl=1 1024w, https:\/\/i0.wp.com\/grundschule-homberg.de\/wp\/wp-content\/uploads\/2021\/02\/IMG_20210122_160346-scaled.jpg?resize=150%2C69&amp;ssl=1 150w, https:\/\/i0.wp.com\/grundschule-homberg.de\/wp\/wp-content\/uploads\/2021\/02\/IMG_20210122_160346-scaled.jpg?resize=768%2C355&amp;ssl=1 768w, https:\/\/i0.wp.com\/grundschule-homberg.de\/wp\/wp-content\/uploads\/2021\/02\/IMG_20210122_160346-scaled.jpg?resize=1536%2C710&amp;ssl=1 1536w, https:\/\/i0.wp.com\/grundschule-homberg.de\/wp\/wp-content\/uploads\/2021\/02\/IMG_20210122_160346-scaled.jpg?resize=2048%2C947&amp;ssl=1 2048w, https:\/\/i0.wp.com\/grundschule-homberg.de\/wp\/wp-content\/uploads\/2021\/02\/IMG_20210122_160346-scaled.jpg?w=1208&amp;ssl=1 1208w, https:\/\/i0.wp.com\/grundschule-homberg.de\/wp\/wp-content\/uploads\/2021\/02\/IMG_20210122_160346-scaled.jpg?w=1812&amp;ssl=1 1812w\" sizes=\"auto, (max-width: 455px) 100vw, 455px\" \/><\/a><\/p>\n<p>In einem gro\u00dfen Regal, das als Raumteiler dient, finden die Kinder Gesellschaftsspiele, Memorys, Malutensilien und vieles mehr.<\/p>\n<p>&nbsp;<\/p>\n<p><a href=\"https:\/\/i0.wp.com\/grundschule-homberg.de\/wp\/wp-content\/uploads\/2021\/02\/IMG-20210208-WA0022.jpg?ssl=1\"><img data-recalc-dims=\"1\" loading=\"lazy\" decoding=\"async\" class=\"wp-image-223024 alignleft\" src=\"https:\/\/i0.wp.com\/grundschule-homberg.de\/wp\/wp-content\/uploads\/2021\/02\/IMG-20210208-WA0022.jpg?resize=369%2C277&#038;ssl=1\" alt=\"\" width=\"369\" height=\"277\" srcset=\"https:\/\/i0.wp.com\/grundschule-homberg.de\/wp\/wp-content\/uploads\/2021\/02\/IMG-20210208-WA0022.jpg?resize=300%2C225&amp;ssl=1 300w, https:\/\/i0.wp.com\/grundschule-homberg.de\/wp\/wp-content\/uploads\/2021\/02\/IMG-20210208-WA0022.jpg?resize=1024%2C768&amp;ssl=1 1024w, https:\/\/i0.wp.com\/grundschule-homberg.de\/wp\/wp-content\/uploads\/2021\/02\/IMG-20210208-WA0022.jpg?resize=150%2C113&amp;ssl=1 150w, https:\/\/i0.wp.com\/grundschule-homberg.de\/wp\/wp-content\/uploads\/2021\/02\/IMG-20210208-WA0022.jpg?resize=768%2C576&amp;ssl=1 768w, https:\/\/i0.wp.com\/grundschule-homberg.de\/wp\/wp-content\/uploads\/2021\/02\/IMG-20210208-WA0022.jpg?resize=1536%2C1153&amp;ssl=1 1536w, https:\/\/i0.wp.com\/grundschule-homberg.de\/wp\/wp-content\/uploads\/2021\/02\/IMG-20210208-WA0022.jpg?w=1599&amp;ssl=1 1599w, https:\/\/i0.wp.com\/grundschule-homberg.de\/wp\/wp-content\/uploads\/2021\/02\/IMG-20210208-WA0022.jpg?w=1208&amp;ssl=1 1208w\" sizes=\"auto, (max-width: 369px) 100vw, 369px\" \/><\/a><\/p>\n<p>&nbsp;<\/p>\n<p>Es macht viel Freude mit anzusehen, mit welchem Spa\u00df die Kinder die erlernten Spiele gemeinsam oder auch mit einem Betreuer spielen.<\/p>\n<p>&nbsp;<\/p>\n<p>&nbsp;<\/p>\n<p><a href=\"https:\/\/i0.wp.com\/grundschule-homberg.de\/wp\/wp-content\/uploads\/2021\/02\/IMG-20210208-WA0021.jpg?ssl=1\"><img data-recalc-dims=\"1\" loading=\"lazy\" decoding=\"async\" class=\" wp-image-223023 alignright\" src=\"https:\/\/i0.wp.com\/grundschule-homberg.de\/wp\/wp-content\/uploads\/2021\/02\/IMG-20210208-WA0021.jpg?resize=411%2C308&#038;ssl=1\" alt=\"\" width=\"411\" height=\"308\" srcset=\"https:\/\/i0.wp.com\/grundschule-homberg.de\/wp\/wp-content\/uploads\/2021\/02\/IMG-20210208-WA0021.jpg?resize=300%2C225&amp;ssl=1 300w, https:\/\/i0.wp.com\/grundschule-homberg.de\/wp\/wp-content\/uploads\/2021\/02\/IMG-20210208-WA0021.jpg?resize=1024%2C768&amp;ssl=1 1024w, https:\/\/i0.wp.com\/grundschule-homberg.de\/wp\/wp-content\/uploads\/2021\/02\/IMG-20210208-WA0021.jpg?resize=150%2C113&amp;ssl=1 150w, https:\/\/i0.wp.com\/grundschule-homberg.de\/wp\/wp-content\/uploads\/2021\/02\/IMG-20210208-WA0021.jpg?resize=768%2C576&amp;ssl=1 768w, https:\/\/i0.wp.com\/grundschule-homberg.de\/wp\/wp-content\/uploads\/2021\/02\/IMG-20210208-WA0021.jpg?resize=1536%2C1153&amp;ssl=1 1536w, https:\/\/i0.wp.com\/grundschule-homberg.de\/wp\/wp-content\/uploads\/2021\/02\/IMG-20210208-WA0021.jpg?w=1599&amp;ssl=1 1599w, https:\/\/i0.wp.com\/grundschule-homberg.de\/wp\/wp-content\/uploads\/2021\/02\/IMG-20210208-WA0021.jpg?w=1208&amp;ssl=1 1208w\" sizes=\"auto, (max-width: 411px) 100vw, 411px\" \/><\/a><\/p>\n<p>&nbsp;<\/p>\n<p>&nbsp;<\/p>\n<p>&nbsp;<\/p>\n<p>Kreativbereich<\/p>\n<p>&nbsp;<\/p>\n<p>&nbsp;<\/p>\n<p>&nbsp;<\/p>\n<p>&nbsp;<\/p>\n<p>Einen kleinen <a href=\"https:\/\/i0.wp.com\/grundschule-homberg.de\/wp\/wp-content\/uploads\/2021\/02\/IMG-20210208-WA0017.jpg?ssl=1\"><img data-recalc-dims=\"1\" loading=\"lazy\" decoding=\"async\" class=\"size-medium wp-image-223030 alignright\" src=\"https:\/\/i0.wp.com\/grundschule-homberg.de\/wp\/wp-content\/uploads\/2021\/02\/IMG-20210208-WA0017.jpg?resize=300%2C225&#038;ssl=1\" alt=\"\" width=\"300\" height=\"225\" srcset=\"https:\/\/i0.wp.com\/grundschule-homberg.de\/wp\/wp-content\/uploads\/2021\/02\/IMG-20210208-WA0017.jpg?resize=300%2C225&amp;ssl=1 300w, https:\/\/i0.wp.com\/grundschule-homberg.de\/wp\/wp-content\/uploads\/2021\/02\/IMG-20210208-WA0017.jpg?resize=1024%2C768&amp;ssl=1 1024w, https:\/\/i0.wp.com\/grundschule-homberg.de\/wp\/wp-content\/uploads\/2021\/02\/IMG-20210208-WA0017.jpg?resize=150%2C113&amp;ssl=1 150w, https:\/\/i0.wp.com\/grundschule-homberg.de\/wp\/wp-content\/uploads\/2021\/02\/IMG-20210208-WA0017.jpg?resize=768%2C576&amp;ssl=1 768w, https:\/\/i0.wp.com\/grundschule-homberg.de\/wp\/wp-content\/uploads\/2021\/02\/IMG-20210208-WA0017.jpg?resize=1536%2C1153&amp;ssl=1 1536w, https:\/\/i0.wp.com\/grundschule-homberg.de\/wp\/wp-content\/uploads\/2021\/02\/IMG-20210208-WA0017.jpg?w=1599&amp;ssl=1 1599w, https:\/\/i0.wp.com\/grundschule-homberg.de\/wp\/wp-content\/uploads\/2021\/02\/IMG-20210208-WA0017.jpg?w=1208&amp;ssl=1 1208w\" sizes=\"auto, (max-width: 300px) 100vw, 300px\" \/><\/a>R\u00fcckzugsort findet man auf der grau\/gr\u00fcnen Sofalandschaft. Hier k\u00f6nnen die Kinder ausspannen. Durch das gro\u00dfe Puppenhaus, einen Kaufmannsladen und andere Spielmaterialien kann dieser Teil auch zum freien Spiel sowie Rollenspielen genutzt werden.<\/p>\n<p>&nbsp;<\/p>\n<p><a href=\"https:\/\/i0.wp.com\/grundschule-homberg.de\/wp\/wp-content\/uploads\/2021\/02\/IMG-20210208-WA0018.jpg?ssl=1\"><img data-recalc-dims=\"1\" loading=\"lazy\" decoding=\"async\" class=\" wp-image-223031 aligncenter\" src=\"https:\/\/i0.wp.com\/grundschule-homberg.de\/wp\/wp-content\/uploads\/2021\/02\/IMG-20210208-WA0018.jpg?resize=411%2C308&#038;ssl=1\" alt=\"\" width=\"411\" height=\"308\" srcset=\"https:\/\/i0.wp.com\/grundschule-homberg.de\/wp\/wp-content\/uploads\/2021\/02\/IMG-20210208-WA0018.jpg?resize=300%2C225&amp;ssl=1 300w, https:\/\/i0.wp.com\/grundschule-homberg.de\/wp\/wp-content\/uploads\/2021\/02\/IMG-20210208-WA0018.jpg?resize=1024%2C768&amp;ssl=1 1024w, https:\/\/i0.wp.com\/grundschule-homberg.de\/wp\/wp-content\/uploads\/2021\/02\/IMG-20210208-WA0018.jpg?resize=150%2C113&amp;ssl=1 150w, https:\/\/i0.wp.com\/grundschule-homberg.de\/wp\/wp-content\/uploads\/2021\/02\/IMG-20210208-WA0018.jpg?resize=768%2C576&amp;ssl=1 768w, https:\/\/i0.wp.com\/grundschule-homberg.de\/wp\/wp-content\/uploads\/2021\/02\/IMG-20210208-WA0018.jpg?resize=1536%2C1153&amp;ssl=1 1536w, https:\/\/i0.wp.com\/grundschule-homberg.de\/wp\/wp-content\/uploads\/2021\/02\/IMG-20210208-WA0018.jpg?w=1599&amp;ssl=1 1599w, https:\/\/i0.wp.com\/grundschule-homberg.de\/wp\/wp-content\/uploads\/2021\/02\/IMG-20210208-WA0018.jpg?w=1208&amp;ssl=1 1208w\" sizes=\"auto, (max-width: 411px) 100vw, 411px\" \/><\/a><\/p>\n<p>Der <strong>\u201eLegoraum\u201c<\/strong> ist ein besonderes Highlight f\u00fcr die Kinder. Hier k\u00f6nnen sie mit einer Riesenauswahl an Legosteinen nach Lust und Laune verschiedenste Spielszenen mit Lego- <a href=\"https:\/\/i0.wp.com\/grundschule-homberg.de\/wp\/wp-content\/uploads\/2021\/02\/IMG-20210208-WA0014.jpg?ssl=1\"><img data-recalc-dims=\"1\" loading=\"lazy\" decoding=\"async\" class=\"size-medium wp-image-223029 alignright\" src=\"https:\/\/i0.wp.com\/grundschule-homberg.de\/wp\/wp-content\/uploads\/2021\/02\/IMG-20210208-WA0014.jpg?resize=300%2C225&#038;ssl=1\" alt=\"\" width=\"300\" height=\"225\" srcset=\"https:\/\/i0.wp.com\/grundschule-homberg.de\/wp\/wp-content\/uploads\/2021\/02\/IMG-20210208-WA0014.jpg?resize=300%2C225&amp;ssl=1 300w, https:\/\/i0.wp.com\/grundschule-homberg.de\/wp\/wp-content\/uploads\/2021\/02\/IMG-20210208-WA0014.jpg?resize=1024%2C768&amp;ssl=1 1024w, https:\/\/i0.wp.com\/grundschule-homberg.de\/wp\/wp-content\/uploads\/2021\/02\/IMG-20210208-WA0014.jpg?resize=150%2C113&amp;ssl=1 150w, https:\/\/i0.wp.com\/grundschule-homberg.de\/wp\/wp-content\/uploads\/2021\/02\/IMG-20210208-WA0014.jpg?resize=768%2C576&amp;ssl=1 768w, https:\/\/i0.wp.com\/grundschule-homberg.de\/wp\/wp-content\/uploads\/2021\/02\/IMG-20210208-WA0014.jpg?resize=1536%2C1153&amp;ssl=1 1536w, https:\/\/i0.wp.com\/grundschule-homberg.de\/wp\/wp-content\/uploads\/2021\/02\/IMG-20210208-WA0014.jpg?w=1599&amp;ssl=1 1599w, https:\/\/i0.wp.com\/grundschule-homberg.de\/wp\/wp-content\/uploads\/2021\/02\/IMG-20210208-WA0014.jpg?w=1208&amp;ssl=1 1208w\" sizes=\"auto, (max-width: 300px) 100vw, 300px\" \/><\/a>oder Playmobilteilen zusammenbauen, der Fantasie sind keine Grenzen gesetzt. Neben Lego und Playmobil stehen den Kindern in diesem Raum aber noch andere Spielmaterialien wie Autos, Riesenpuzzle und verschiedene Baumaterialien zur Verf\u00fcgung. &nbsp;<\/p>\n<p>&nbsp;<\/p>\n<p>&nbsp;<\/p>\n<p><a href=\"https:\/\/i0.wp.com\/grundschule-homberg.de\/wp\/wp-content\/uploads\/2021\/02\/IMG_20210120_111441-scaled.jpg?ssl=1\"><img data-recalc-dims=\"1\" loading=\"lazy\" decoding=\"async\" class=\"wp-image-223015 alignleft\" src=\"https:\/\/i0.wp.com\/grundschule-homberg.de\/wp\/wp-content\/uploads\/2021\/02\/IMG_20210120_111441.jpg?resize=451%2C209&#038;ssl=1\" alt=\"\" width=\"451\" height=\"209\" srcset=\"https:\/\/i0.wp.com\/grundschule-homberg.de\/wp\/wp-content\/uploads\/2021\/02\/IMG_20210120_111441-scaled.jpg?resize=300%2C139&amp;ssl=1 300w, https:\/\/i0.wp.com\/grundschule-homberg.de\/wp\/wp-content\/uploads\/2021\/02\/IMG_20210120_111441-scaled.jpg?resize=1024%2C474&amp;ssl=1 1024w, https:\/\/i0.wp.com\/grundschule-homberg.de\/wp\/wp-content\/uploads\/2021\/02\/IMG_20210120_111441-scaled.jpg?resize=150%2C69&amp;ssl=1 150w, https:\/\/i0.wp.com\/grundschule-homberg.de\/wp\/wp-content\/uploads\/2021\/02\/IMG_20210120_111441-scaled.jpg?resize=768%2C355&amp;ssl=1 768w, https:\/\/i0.wp.com\/grundschule-homberg.de\/wp\/wp-content\/uploads\/2021\/02\/IMG_20210120_111441-scaled.jpg?resize=1536%2C710&amp;ssl=1 1536w, https:\/\/i0.wp.com\/grundschule-homberg.de\/wp\/wp-content\/uploads\/2021\/02\/IMG_20210120_111441-scaled.jpg?resize=2048%2C947&amp;ssl=1 2048w, https:\/\/i0.wp.com\/grundschule-homberg.de\/wp\/wp-content\/uploads\/2021\/02\/IMG_20210120_111441-scaled.jpg?w=1208&amp;ssl=1 1208w, https:\/\/i0.wp.com\/grundschule-homberg.de\/wp\/wp-content\/uploads\/2021\/02\/IMG_20210120_111441-scaled.jpg?w=1812&amp;ssl=1 1812w\" sizes=\"auto, (max-width: 451px) 100vw, 451px\" \/><\/a><\/p>\n<p>&nbsp;<\/p>\n<p>&nbsp;<\/p>\n<p>&nbsp;<\/p>\n<p>&nbsp;<\/p>\n<p>&nbsp;<\/p>\n<p>&nbsp;<\/p>\n<p>&nbsp;<\/p>\n<p><img data-recalc-dims=\"1\" loading=\"lazy\" decoding=\"async\" class=\"wp-image-222999 size-medium alignright\" src=\"https:\/\/i0.wp.com\/grundschule-homberg.de\/wp\/wp-content\/uploads\/2021\/02\/IMG_20210120_111512-scaled-e1612537698701-300x207.jpg?resize=300%2C207&#038;ssl=1\" alt=\"\" width=\"300\" height=\"207\" srcset=\"https:\/\/i0.wp.com\/grundschule-homberg.de\/wp\/wp-content\/uploads\/2021\/02\/IMG_20210120_111512-scaled-e1612537698701.jpg?resize=300%2C207&amp;ssl=1 300w, https:\/\/i0.wp.com\/grundschule-homberg.de\/wp\/wp-content\/uploads\/2021\/02\/IMG_20210120_111512-scaled-e1612537698701.jpg?resize=1024%2C707&amp;ssl=1 1024w, https:\/\/i0.wp.com\/grundschule-homberg.de\/wp\/wp-content\/uploads\/2021\/02\/IMG_20210120_111512-scaled-e1612537698701.jpg?resize=150%2C104&amp;ssl=1 150w, https:\/\/i0.wp.com\/grundschule-homberg.de\/wp\/wp-content\/uploads\/2021\/02\/IMG_20210120_111512-scaled-e1612537698701.jpg?resize=768%2C530&amp;ssl=1 768w, https:\/\/i0.wp.com\/grundschule-homberg.de\/wp\/wp-content\/uploads\/2021\/02\/IMG_20210120_111512-scaled-e1612537698701.jpg?resize=1536%2C1060&amp;ssl=1 1536w, https:\/\/i0.wp.com\/grundschule-homberg.de\/wp\/wp-content\/uploads\/2021\/02\/IMG_20210120_111512-scaled-e1612537698701.jpg?w=1682&amp;ssl=1 1682w, https:\/\/i0.wp.com\/grundschule-homberg.de\/wp\/wp-content\/uploads\/2021\/02\/IMG_20210120_111512-scaled-e1612537698701.jpg?w=1208&amp;ssl=1 1208w\" sizes=\"auto, (max-width: 300px) 100vw, 300px\" \/><\/p>\n<p>&nbsp;<\/p>\n<p>Unsere neuen Mitbewohner, die <strong>Stabheuschrecken<\/strong>, f\u00fchlen sich hier wohl und werden von den Kindern liebevoll betreut und beobachtet.<\/p>\n<p>&nbsp;<\/p>\n<p>&nbsp;<\/p>\n<p>Unsere <strong>\u201eRuheoase\u201c<\/strong> ist ein Entspannungs-und R\u00fcckzugsraum, <a href=\"https:\/\/i0.wp.com\/grundschule-homberg.de\/wp\/wp-content\/uploads\/2021\/02\/IMG_20210120_160534-scaled.jpg?ssl=1\"><img data-recalc-dims=\"1\" loading=\"lazy\" decoding=\"async\" class=\" wp-image-223000 alignright\" src=\"https:\/\/i0.wp.com\/grundschule-homberg.de\/wp\/wp-content\/uploads\/2021\/02\/IMG_20210120_160534.jpg?resize=382%2C177&#038;ssl=1\" alt=\"\" width=\"382\" height=\"177\" srcset=\"https:\/\/i0.wp.com\/grundschule-homberg.de\/wp\/wp-content\/uploads\/2021\/02\/IMG_20210120_160534-scaled.jpg?resize=300%2C139&amp;ssl=1 300w, https:\/\/i0.wp.com\/grundschule-homberg.de\/wp\/wp-content\/uploads\/2021\/02\/IMG_20210120_160534-scaled.jpg?resize=1024%2C474&amp;ssl=1 1024w, https:\/\/i0.wp.com\/grundschule-homberg.de\/wp\/wp-content\/uploads\/2021\/02\/IMG_20210120_160534-scaled.jpg?resize=150%2C69&amp;ssl=1 150w, https:\/\/i0.wp.com\/grundschule-homberg.de\/wp\/wp-content\/uploads\/2021\/02\/IMG_20210120_160534-scaled.jpg?resize=768%2C355&amp;ssl=1 768w, https:\/\/i0.wp.com\/grundschule-homberg.de\/wp\/wp-content\/uploads\/2021\/02\/IMG_20210120_160534-scaled.jpg?resize=1536%2C710&amp;ssl=1 1536w, https:\/\/i0.wp.com\/grundschule-homberg.de\/wp\/wp-content\/uploads\/2021\/02\/IMG_20210120_160534-scaled.jpg?resize=2048%2C947&amp;ssl=1 2048w, https:\/\/i0.wp.com\/grundschule-homberg.de\/wp\/wp-content\/uploads\/2021\/02\/IMG_20210120_160534-scaled.jpg?w=1208&amp;ssl=1 1208w, https:\/\/i0.wp.com\/grundschule-homberg.de\/wp\/wp-content\/uploads\/2021\/02\/IMG_20210120_160534-scaled.jpg?w=1812&amp;ssl=1 1812w\" sizes=\"auto, (max-width: 382px) 100vw, 382px\" \/><\/a>in dem sich die Kinder nach einem langen Schulvormittag eine Auszeit nehmen k\u00f6nnen. Ausgestattet mit einem gro\u00dfen, weichen Kissen, einem Sitzsack und besonderen Lichteffekten, k\u00f6nnen sie hier H\u00f6rspiele anh\u00f6ren, ein Buch lesen oder einfach ihren Gedanken nachh\u00e4ngen und entspannen.<\/p>\n<p>&nbsp;<\/p>\n<p><a href=\"https:\/\/i0.wp.com\/grundschule-homberg.de\/wp\/wp-content\/uploads\/2021\/02\/IMG_20210120_160604-scaled.jpg?ssl=1\"><img data-recalc-dims=\"1\" loading=\"lazy\" decoding=\"async\" class=\" wp-image-223001 alignleft\" src=\"https:\/\/i0.wp.com\/grundschule-homberg.de\/wp\/wp-content\/uploads\/2021\/02\/IMG_20210120_160604.jpg?resize=399%2C185&#038;ssl=1\" alt=\"\" width=\"399\" height=\"185\" srcset=\"https:\/\/i0.wp.com\/grundschule-homberg.de\/wp\/wp-content\/uploads\/2021\/02\/IMG_20210120_160604-scaled.jpg?resize=300%2C139&amp;ssl=1 300w, https:\/\/i0.wp.com\/grundschule-homberg.de\/wp\/wp-content\/uploads\/2021\/02\/IMG_20210120_160604-scaled.jpg?resize=1024%2C474&amp;ssl=1 1024w, https:\/\/i0.wp.com\/grundschule-homberg.de\/wp\/wp-content\/uploads\/2021\/02\/IMG_20210120_160604-scaled.jpg?resize=150%2C69&amp;ssl=1 150w, https:\/\/i0.wp.com\/grundschule-homberg.de\/wp\/wp-content\/uploads\/2021\/02\/IMG_20210120_160604-scaled.jpg?resize=768%2C355&amp;ssl=1 768w, https:\/\/i0.wp.com\/grundschule-homberg.de\/wp\/wp-content\/uploads\/2021\/02\/IMG_20210120_160604-scaled.jpg?resize=1536%2C710&amp;ssl=1 1536w, https:\/\/i0.wp.com\/grundschule-homberg.de\/wp\/wp-content\/uploads\/2021\/02\/IMG_20210120_160604-scaled.jpg?resize=2048%2C947&amp;ssl=1 2048w, https:\/\/i0.wp.com\/grundschule-homberg.de\/wp\/wp-content\/uploads\/2021\/02\/IMG_20210120_160604-scaled.jpg?w=1208&amp;ssl=1 1208w, https:\/\/i0.wp.com\/grundschule-homberg.de\/wp\/wp-content\/uploads\/2021\/02\/IMG_20210120_160604-scaled.jpg?w=1812&amp;ssl=1 1812w\" sizes=\"auto, (max-width: 399px) 100vw, 399px\" \/><\/a>\u201e<strong>Die B\u00fchne\u201c <\/strong>ist ein Raum, in dem immer wieder gerne musikalische Darbietungen sowie kleine Theaterst\u00fccke auf der B\u00fchne dargeboten werden, es bietet sich ein gro\u00dfer Handlungsspielraum f\u00fcr die Kinder. Eine Menge Kost\u00fcme, H\u00fcte, T\u00fccher und&nbsp;Decken regen die Kinder zu fantasievollen Spielen an.<\/p>\n<p>&nbsp;<\/p>\n<p><a href=\"https:\/\/i0.wp.com\/grundschule-homberg.de\/wp\/wp-content\/uploads\/2021\/02\/IMG_20210204_121344-scaled-e1612537279725.jpg?ssl=1\"><img data-recalc-dims=\"1\" loading=\"lazy\" decoding=\"async\" class=\"alignleft wp-image-223008 \" src=\"https:\/\/i0.wp.com\/grundschule-homberg.de\/wp\/wp-content\/uploads\/2021\/02\/IMG_20210204_121344-scaled-e1612537279725-173x300.jpg?resize=186%2C323&#038;ssl=1\" alt=\"\" width=\"186\" height=\"323\" srcset=\"https:\/\/i0.wp.com\/grundschule-homberg.de\/wp\/wp-content\/uploads\/2021\/02\/IMG_20210204_121344-scaled-e1612537279725.jpg?resize=173%2C300&amp;ssl=1 173w, https:\/\/i0.wp.com\/grundschule-homberg.de\/wp\/wp-content\/uploads\/2021\/02\/IMG_20210204_121344-scaled-e1612537279725.jpg?resize=592%2C1024&amp;ssl=1 592w, https:\/\/i0.wp.com\/grundschule-homberg.de\/wp\/wp-content\/uploads\/2021\/02\/IMG_20210204_121344-scaled-e1612537279725.jpg?resize=87%2C150&amp;ssl=1 87w, https:\/\/i0.wp.com\/grundschule-homberg.de\/wp\/wp-content\/uploads\/2021\/02\/IMG_20210204_121344-scaled-e1612537279725.jpg?resize=768%2C1328&amp;ssl=1 768w, https:\/\/i0.wp.com\/grundschule-homberg.de\/wp\/wp-content\/uploads\/2021\/02\/IMG_20210204_121344-scaled-e1612537279725.jpg?resize=888%2C1536&amp;ssl=1 888w, https:\/\/i0.wp.com\/grundschule-homberg.de\/wp\/wp-content\/uploads\/2021\/02\/IMG_20210204_121344-scaled-e1612537279725.jpg?w=1158&amp;ssl=1 1158w\" sizes=\"auto, (max-width: 186px) 100vw, 186px\" \/><\/a><\/p>\n<p>&nbsp;<\/p>\n<p>&nbsp;<\/p>\n<p>Im Anschluss befindet sich unsere <strong>K\u00fcche<\/strong>, in der Koch- und Backaktivit\u00e4ten mit den Kindern durchgef\u00fchrt werden (zurzeit finden coronabedingt keine Aktionen statt). Die K\u00fcche ist \u2013 wie auch zu Hause \u2013 ein Raum zum Wohlf\u00fchlen, zum Essen und zum Quatschen.<\/p>\n<p>&nbsp;<\/p>\n<p>&nbsp;<\/p>\n<p>&nbsp;<\/p>\n<p>Unser <strong>\u201eToberaum\u201c<\/strong><\/p>\n<p><a href=\"https:\/\/i0.wp.com\/grundschule-homberg.de\/wp\/wp-content\/uploads\/2021\/02\/IMG_20210204_114929-scaled.jpg?ssl=1\"><img data-recalc-dims=\"1\" loading=\"lazy\" decoding=\"async\" class=\" wp-image-223003 alignright\" src=\"https:\/\/i0.wp.com\/grundschule-homberg.de\/wp\/wp-content\/uploads\/2021\/02\/IMG_20210204_114929.jpg?resize=406%2C188&#038;ssl=1\" alt=\"\" width=\"406\" height=\"188\" srcset=\"https:\/\/i0.wp.com\/grundschule-homberg.de\/wp\/wp-content\/uploads\/2021\/02\/IMG_20210204_114929-scaled.jpg?resize=300%2C139&amp;ssl=1 300w, https:\/\/i0.wp.com\/grundschule-homberg.de\/wp\/wp-content\/uploads\/2021\/02\/IMG_20210204_114929-scaled.jpg?resize=1024%2C474&amp;ssl=1 1024w, https:\/\/i0.wp.com\/grundschule-homberg.de\/wp\/wp-content\/uploads\/2021\/02\/IMG_20210204_114929-scaled.jpg?resize=150%2C69&amp;ssl=1 150w, https:\/\/i0.wp.com\/grundschule-homberg.de\/wp\/wp-content\/uploads\/2021\/02\/IMG_20210204_114929-scaled.jpg?resize=768%2C355&amp;ssl=1 768w, https:\/\/i0.wp.com\/grundschule-homberg.de\/wp\/wp-content\/uploads\/2021\/02\/IMG_20210204_114929-scaled.jpg?resize=1536%2C710&amp;ssl=1 1536w, https:\/\/i0.wp.com\/grundschule-homberg.de\/wp\/wp-content\/uploads\/2021\/02\/IMG_20210204_114929-scaled.jpg?resize=2048%2C947&amp;ssl=1 2048w, https:\/\/i0.wp.com\/grundschule-homberg.de\/wp\/wp-content\/uploads\/2021\/02\/IMG_20210204_114929-scaled.jpg?w=1208&amp;ssl=1 1208w, https:\/\/i0.wp.com\/grundschule-homberg.de\/wp\/wp-content\/uploads\/2021\/02\/IMG_20210204_114929-scaled.jpg?w=1812&amp;ssl=1 1812w\" sizes=\"auto, (max-width: 406px) 100vw, 406px\" \/><\/a><\/p>\n<p>Hier haben die Kinder viel Platz und M\u00f6glichkeiten, nach einem langen Schultag ihrem Bewegungsdrang nachzugehen. Hier wird getobt, geturnt, getanzt, Ball gespielt, gebaut und und und. Wir haben den kompletten Boden mit weichen Kampfsportmatten ausgelegt und einen gro\u00dfen Spiegel an der Wand befestigt, der nat\u00fcrlich ein Highlight besonders f\u00fcr Tanzbegeisterte ist. Die Kinder studieren hier T\u00e4nze oder sportliche Aktivit\u00e4ten ein und es kommt oft vor, dass wir zur Auff\u00fchrung eingeladen werden.<\/p>\n<p>&nbsp;<\/p>\n<p>Ein weiterer gro\u00dfer Raum, die \u201e<strong>Spielh\u00f6hle\u201c , <\/strong>ist der hintere Bereich der Aula, der von der Schule zurzeit nicht genutzt wird. &nbsp;Er bietet den Kindern die M\u00f6glichkeit, sich am Tischkicker, Billard, der Dartscheibe, anderen Aktionsspielen und nat\u00fcrlich auch im freiem Spiel, zu bet\u00e4tigen.<a href=\"https:\/\/i0.wp.com\/grundschule-homberg.de\/wp\/wp-content\/uploads\/2021\/02\/IMG_20210204_120936-scaled.jpg?ssl=1\"><img data-recalc-dims=\"1\" loading=\"lazy\" decoding=\"async\" class=\" wp-image-223006 aligncenter\" src=\"https:\/\/i0.wp.com\/grundschule-homberg.de\/wp\/wp-content\/uploads\/2021\/02\/IMG_20210204_120936.jpg?resize=388%2C180&#038;ssl=1\" alt=\"\" width=\"388\" height=\"180\" srcset=\"https:\/\/i0.wp.com\/grundschule-homberg.de\/wp\/wp-content\/uploads\/2021\/02\/IMG_20210204_120936-scaled.jpg?resize=300%2C139&amp;ssl=1 300w, https:\/\/i0.wp.com\/grundschule-homberg.de\/wp\/wp-content\/uploads\/2021\/02\/IMG_20210204_120936-scaled.jpg?resize=1024%2C474&amp;ssl=1 1024w, https:\/\/i0.wp.com\/grundschule-homberg.de\/wp\/wp-content\/uploads\/2021\/02\/IMG_20210204_120936-scaled.jpg?resize=150%2C69&amp;ssl=1 150w, https:\/\/i0.wp.com\/grundschule-homberg.de\/wp\/wp-content\/uploads\/2021\/02\/IMG_20210204_120936-scaled.jpg?resize=768%2C355&amp;ssl=1 768w, https:\/\/i0.wp.com\/grundschule-homberg.de\/wp\/wp-content\/uploads\/2021\/02\/IMG_20210204_120936-scaled.jpg?resize=1536%2C710&amp;ssl=1 1536w, https:\/\/i0.wp.com\/grundschule-homberg.de\/wp\/wp-content\/uploads\/2021\/02\/IMG_20210204_120936-scaled.jpg?resize=2048%2C947&amp;ssl=1 2048w, https:\/\/i0.wp.com\/grundschule-homberg.de\/wp\/wp-content\/uploads\/2021\/02\/IMG_20210204_120936-scaled.jpg?w=1208&amp;ssl=1 1208w, https:\/\/i0.wp.com\/grundschule-homberg.de\/wp\/wp-content\/uploads\/2021\/02\/IMG_20210204_120936-scaled.jpg?w=1812&amp;ssl=1 1812w\" sizes=\"auto, (max-width: 388px) 100vw, 388px\" \/><\/a><\/p>\n<p>&nbsp;<\/p>\n<p>Den Flur, der in der Vergangenheit als Eingang sowie Garderobe genutzt wurde, haben wir in einen <strong>Spielflur <\/strong>umgewandelt. Hier haben die Kinder vielf\u00e4ltige M\u00f6glichkeiten f\u00fcr Rollenspiele und freies Spiel, aber auch Raum f\u00fcr Experimente und Spiele an unserer Riesenmurmelbahn. Des Weiteren stehen den Kindern gro\u00dfe Tischspiele sowie verschiedene Spielteppiche und ein gro\u00dfes \u201e4-Gewinnt\u201c zur Verf\u00fcgung.<\/p>\n<p><a href=\"https:\/\/i0.wp.com\/grundschule-homberg.de\/wp\/wp-content\/uploads\/2021\/02\/IMG_20210204_120656-scaled.jpg?ssl=1\"><img data-recalc-dims=\"1\" loading=\"lazy\" decoding=\"async\" class=\"alignleft wp-image-223005\" src=\"https:\/\/i0.wp.com\/grundschule-homberg.de\/wp\/wp-content\/uploads\/2021\/02\/IMG_20210204_120656.jpg?resize=373%2C173&#038;ssl=1\" alt=\"\" width=\"373\" height=\"173\" srcset=\"https:\/\/i0.wp.com\/grundschule-homberg.de\/wp\/wp-content\/uploads\/2021\/02\/IMG_20210204_120656-scaled.jpg?resize=300%2C139&amp;ssl=1 300w, https:\/\/i0.wp.com\/grundschule-homberg.de\/wp\/wp-content\/uploads\/2021\/02\/IMG_20210204_120656-scaled.jpg?resize=1024%2C474&amp;ssl=1 1024w, https:\/\/i0.wp.com\/grundschule-homberg.de\/wp\/wp-content\/uploads\/2021\/02\/IMG_20210204_120656-scaled.jpg?resize=150%2C69&amp;ssl=1 150w, https:\/\/i0.wp.com\/grundschule-homberg.de\/wp\/wp-content\/uploads\/2021\/02\/IMG_20210204_120656-scaled.jpg?resize=768%2C355&amp;ssl=1 768w, https:\/\/i0.wp.com\/grundschule-homberg.de\/wp\/wp-content\/uploads\/2021\/02\/IMG_20210204_120656-scaled.jpg?resize=1536%2C710&amp;ssl=1 1536w, https:\/\/i0.wp.com\/grundschule-homberg.de\/wp\/wp-content\/uploads\/2021\/02\/IMG_20210204_120656-scaled.jpg?resize=2048%2C947&amp;ssl=1 2048w, https:\/\/i0.wp.com\/grundschule-homberg.de\/wp\/wp-content\/uploads\/2021\/02\/IMG_20210204_120656-scaled.jpg?w=1208&amp;ssl=1 1208w, https:\/\/i0.wp.com\/grundschule-homberg.de\/wp\/wp-content\/uploads\/2021\/02\/IMG_20210204_120656-scaled.jpg?w=1812&amp;ssl=1 1812w\" sizes=\"auto, (max-width: 373px) 100vw, 373px\" \/><\/a><\/p>\n<p>&nbsp;<\/p>\n<p><a href=\"https:\/\/i0.wp.com\/grundschule-homberg.de\/wp\/wp-content\/uploads\/2021\/02\/IMG_20210204_121009-scaled.jpg?ssl=1\"><img data-recalc-dims=\"1\" loading=\"lazy\" decoding=\"async\" class=\" wp-image-223007 alignright\" src=\"https:\/\/i0.wp.com\/grundschule-homberg.de\/wp\/wp-content\/uploads\/2021\/02\/IMG_20210204_121009.jpg?resize=395%2C183&#038;ssl=1\" alt=\"\" width=\"395\" height=\"183\" srcset=\"https:\/\/i0.wp.com\/grundschule-homberg.de\/wp\/wp-content\/uploads\/2021\/02\/IMG_20210204_121009-scaled.jpg?resize=300%2C139&amp;ssl=1 300w, https:\/\/i0.wp.com\/grundschule-homberg.de\/wp\/wp-content\/uploads\/2021\/02\/IMG_20210204_121009-scaled.jpg?resize=1024%2C474&amp;ssl=1 1024w, https:\/\/i0.wp.com\/grundschule-homberg.de\/wp\/wp-content\/uploads\/2021\/02\/IMG_20210204_121009-scaled.jpg?resize=150%2C69&amp;ssl=1 150w, https:\/\/i0.wp.com\/grundschule-homberg.de\/wp\/wp-content\/uploads\/2021\/02\/IMG_20210204_121009-scaled.jpg?resize=768%2C355&amp;ssl=1 768w, https:\/\/i0.wp.com\/grundschule-homberg.de\/wp\/wp-content\/uploads\/2021\/02\/IMG_20210204_121009-scaled.jpg?resize=1536%2C710&amp;ssl=1 1536w, https:\/\/i0.wp.com\/grundschule-homberg.de\/wp\/wp-content\/uploads\/2021\/02\/IMG_20210204_121009-scaled.jpg?resize=2048%2C947&amp;ssl=1 2048w, https:\/\/i0.wp.com\/grundschule-homberg.de\/wp\/wp-content\/uploads\/2021\/02\/IMG_20210204_121009-scaled.jpg?w=1208&amp;ssl=1 1208w, https:\/\/i0.wp.com\/grundschule-homberg.de\/wp\/wp-content\/uploads\/2021\/02\/IMG_20210204_121009-scaled.jpg?w=1812&amp;ssl=1 1812w\" sizes=\"auto, (max-width: 395px) 100vw, 395px\" \/><\/a><\/p>\n<p>&nbsp;<\/p>\n<p>Murmelbahn<\/p>\n<p>&nbsp;<\/p>\n<p>&nbsp;<\/p>\n<p>&nbsp; &nbsp; &nbsp; &nbsp; &nbsp; &nbsp; &nbsp; &nbsp; &nbsp; &nbsp; &nbsp; &nbsp; &nbsp; &nbsp; &nbsp; &nbsp;Spielflur<\/p>\n<p><a href=\"https:\/\/i0.wp.com\/grundschule-homberg.de\/wp\/wp-content\/uploads\/2021\/02\/IMG_20210204_120455-scaled-e1612537375166.jpg?ssl=1\"><img data-recalc-dims=\"1\" loading=\"lazy\" decoding=\"async\" class=\"alignleft wp-image-223004 \" src=\"https:\/\/i0.wp.com\/grundschule-homberg.de\/wp\/wp-content\/uploads\/2021\/02\/IMG_20210204_120455-scaled-e1612537375166-190x300.jpg?resize=170%2C268&#038;ssl=1\" alt=\"\" width=\"170\" height=\"268\" srcset=\"https:\/\/i0.wp.com\/grundschule-homberg.de\/wp\/wp-content\/uploads\/2021\/02\/IMG_20210204_120455-scaled-e1612537375166.jpg?resize=190%2C300&amp;ssl=1 190w, https:\/\/i0.wp.com\/grundschule-homberg.de\/wp\/wp-content\/uploads\/2021\/02\/IMG_20210204_120455-scaled-e1612537375166.jpg?resize=650%2C1024&amp;ssl=1 650w, https:\/\/i0.wp.com\/grundschule-homberg.de\/wp\/wp-content\/uploads\/2021\/02\/IMG_20210204_120455-scaled-e1612537375166.jpg?resize=95%2C150&amp;ssl=1 95w, https:\/\/i0.wp.com\/grundschule-homberg.de\/wp\/wp-content\/uploads\/2021\/02\/IMG_20210204_120455-scaled-e1612537375166.jpg?resize=768%2C1210&amp;ssl=1 768w, https:\/\/i0.wp.com\/grundschule-homberg.de\/wp\/wp-content\/uploads\/2021\/02\/IMG_20210204_120455-scaled-e1612537375166.jpg?resize=975%2C1536&amp;ssl=1 975w, https:\/\/i0.wp.com\/grundschule-homberg.de\/wp\/wp-content\/uploads\/2021\/02\/IMG_20210204_120455-scaled-e1612537375166.jpg?w=1158&amp;ssl=1 1158w\" sizes=\"auto, (max-width: 170px) 100vw, 170px\" \/><\/a><\/p>\n<p>&nbsp;<\/p>\n<p>&nbsp;<\/p>\n<p>&nbsp;<\/p>\n<p>Im diesem Flur haben wir ein B\u00fccherregal eingerichtet, aus dem sich die Kinder B\u00fccher ausleihen und auch mit nach Hause nehmen k\u00f6nnen.<\/p>\n<p>&nbsp;<\/p>\n<p>&nbsp;<\/p>\n<p>&nbsp;<\/p>\n<p>Alles in allem, haben wir einen Ort f\u00fcr die Kinder geschaffen, an dem sie sich nach dem anstrengenden Schulvormittag wohlf\u00fchlen, Spa\u00df haben k\u00f6nnen und in Gemeinschaft mit anderen Kinder den Nachmittag verbringen k\u00f6nnen.<\/p>\n<p><a href=\"https:\/\/i0.wp.com\/grundschule-homberg.de\/wp\/wp-content\/uploads\/2021\/02\/IMG-20210208-WA0025.jpg?ssl=1\"><img data-recalc-dims=\"1\" loading=\"lazy\" decoding=\"async\" class=\" wp-image-223027 aligncenter\" src=\"https:\/\/i0.wp.com\/grundschule-homberg.de\/wp\/wp-content\/uploads\/2021\/02\/IMG-20210208-WA0025.jpg?resize=301%2C401&#038;ssl=1\" alt=\"\" width=\"301\" height=\"401\" srcset=\"https:\/\/i0.wp.com\/grundschule-homberg.de\/wp\/wp-content\/uploads\/2021\/02\/IMG-20210208-WA0025.jpg?resize=225%2C300&amp;ssl=1 225w, https:\/\/i0.wp.com\/grundschule-homberg.de\/wp\/wp-content\/uploads\/2021\/02\/IMG-20210208-WA0025.jpg?resize=768%2C1023&amp;ssl=1 768w, https:\/\/i0.wp.com\/grundschule-homberg.de\/wp\/wp-content\/uploads\/2021\/02\/IMG-20210208-WA0025.jpg?resize=113%2C150&amp;ssl=1 113w, https:\/\/i0.wp.com\/grundschule-homberg.de\/wp\/wp-content\/uploads\/2021\/02\/IMG-20210208-WA0025.jpg?resize=1153%2C1536&amp;ssl=1 1153w, https:\/\/i0.wp.com\/grundschule-homberg.de\/wp\/wp-content\/uploads\/2021\/02\/IMG-20210208-WA0025.jpg?w=1200&amp;ssl=1 1200w\" sizes=\"auto, (max-width: 301px) 100vw, 301px\" \/><\/a><\/p>\n<p>&nbsp;<\/p>\n","protected":false},"excerpt":{"rendered":"<p>In den letzten Monaten hat sich viel in den R\u00e4umen der Ganztagsbetreuung der Grundschule in Homberg (Ohm) getan. Nach und nach wurden die R\u00e4ume mit neuen M\u00f6beln und Materialien ausgestattet und eingerichtet. Dabei hat der ein oder andere aus dem Team sein Talent beim M\u00f6belzusammenbauen erkennen k\u00f6nnen. Nun sind leider die R\u00e4umlichkeiten &#8211; in dieser &hellip; <a href=\"https:\/\/grundschule-homberg.de\/wp\/?p=222998\" class=\"more-link\"><span class=\"screen-reader-text\">Neue Betreuungsr\u00e4ume nach Umbau<\/span> weiterlesen <span class=\"meta-nav\">&rarr;<\/span><\/a><\/p>\n","protected":false},"author":2,"featured_media":223011,"comment_status":"closed","ping_status":"closed","sticky":false,"template":"","format":"standard","meta":{"ngg_post_thumbnail":0,"_jetpack_memberships_contains_paid_content":false,"footnotes":""},"categories":[1,15],"tags":[],"class_list":["post-222998","post","type-post","status-publish","format-standard","has-post-thumbnail","hentry","category-allgemein","category-betreuung"],"jetpack_featured_media_url":"https:\/\/i0.wp.com\/grundschule-homberg.de\/wp\/wp-content\/uploads\/2021\/02\/IMG_20210204_122056-scaled.jpg?fit=2560%2C1179&ssl=1?v=1612535682","jetpack_shortlink":"https:\/\/wp.me\/p3XuEZ-W0K","jetpack-related-posts":[],"jetpack_sharing_enabled":true,"_links":{"self":[{"href":"https:\/\/grundschule-homberg.de\/wp\/index.php?rest_route=\/wp\/v2\/posts\/222998","targetHints":{"allow":["GET"]}}],"collection":[{"href":"https:\/\/grundschule-homberg.de\/wp\/index.php?rest_route=\/wp\/v2\/posts"}],"about":[{"href":"https:\/\/grundschule-homberg.de\/wp\/index.php?rest_route=\/wp\/v2\/types\/post"}],"author":[{"embeddable":true,"href":"https:\/\/grundschule-homberg.de\/wp\/index.php?rest_route=\/wp\/v2\/users\/2"}],"replies":[{"embeddable":true,"href":"https:\/\/grundschule-homberg.de\/wp\/index.php?rest_route=%2Fwp%2Fv2%2Fcomments&post=222998"}],"version-history":[{"count":11,"href":"https:\/\/grundschule-homberg.de\/wp\/index.php?rest_route=\/wp\/v2\/posts\/222998\/revisions"}],"predecessor-version":[{"id":223036,"href":"https:\/\/grundschule-homberg.de\/wp\/index.php?rest_route=\/wp\/v2\/posts\/222998\/revisions\/223036"}],"wp:featuredmedia":[{"embeddable":true,"href":"https:\/\/grundschule-homberg.de\/wp\/index.php?rest_route=\/wp\/v2\/media\/223011"}],"wp:attachment":[{"href":"https:\/\/grundschule-homberg.de\/wp\/index.php?rest_route=%2Fwp%2Fv2%2Fmedia&parent=222998"}],"wp:term":[{"taxonomy":"category","embeddable":true,"href":"https:\/\/grundschule-homberg.de\/wp\/index.php?rest_route=%2Fwp%2Fv2%2Fcategories&post=222998"},{"taxonomy":"post_tag","embeddable":true,"href":"https:\/\/grundschule-homberg.de\/wp\/index.php?rest_route=%2Fwp%2Fv2%2Ftags&post=222998"}],"curies":[{"name":"wp","href":"https:\/\/api.w.org\/{rel}","templated":true}]}}