{"id":223086,"date":"2021-04-15T17:18:50","date_gmt":"2021-04-15T15:18:50","guid":{"rendered":"https:\/\/grundschule-homberg.de\/wp\/?p=223086"},"modified":"2021-04-15T17:50:45","modified_gmt":"2021-04-15T15:50:45","slug":"coronatests-in-der-grundschule","status":"publish","type":"post","link":"https:\/\/grundschule-homberg.de\/wp\/?p=223086","title":{"rendered":"Coronatests in der Grundschule"},"content":{"rendered":"<p>Ab Montag, den 19.4. 2021 gilt eine Testpflicht f\u00fcr alle Schulkinder und alle in der Schule T\u00e4tigen!<br \/>\nWir sind ausdr\u00fccklich darauf hingewiesen worden, dass f\u00fcr Kinder, die keinen aktuellen Test nachweisen k\u00f6nnen bzw. nicht am schulischen Selbsttest teilnehmen,&nbsp;<strong>kein Pr\u00e4senzunterricht stattfindet!<\/strong> D.h. wenn ein Kind am ersten Schultag keinen der geforderten Nachweise erbringt, wird es nicht ins Schulhaus hineingelassen und muss abgeholt werden oder nach Hause gehen.<\/p>\n<p>Eltern sind daher aufgerufen,&nbsp; <strong>umgehend<\/strong> die Einwilligungserkl\u00e4rung im Anhang an die jeweilige Klassenlehrerin zu senden.&nbsp;<\/p>\n<p>Sollten Eltern die Tests generell ablehnen und damit Distanzunterricht f\u00fcr ihr Kind beanspruchen, muss dies ebenfalls der Klassenlehrerin schriftlich mitgeteilt werden.&nbsp;<\/p>\n<p>Gleichzeitig m\u00f6chten wir noch einmal f\u00fcr die Testungen in der Schule werben. Sie sind ein wichtiges Instrument, um das Infektionsgeschehen an den Schulen im Auge zu behalten. Und damit sind sie unabl\u00e4ssig f\u00fcr die Sicherheit Ihrer Kinder und letztlich auch Ihrer Familie.&nbsp;&nbsp;<br \/>\nZudem haben die Schultests riesige Vorteile f\u00fcr Eltern: Sie m\u00fcssen sich nicht mehrfach um Testtermine k\u00fcmmern und es entstehen auch keine Kosten. Au\u00dferdem sind die Selbsttests viel weniger unangenehm als die &#8222;B\u00fcrgertests&#8220;, die ja im hinteren Nasenbereich genommen werden. Beim Schultest m\u00fcssen die Kinder ihr Testst\u00e4bchen nicht weiter in die Nase stecken als beim &#8222;Nasebohren&#8220; ihren Finger.&nbsp;<\/p>\n<p>Links zu den Erkl\u00e4rvideos:<\/p>\n<p><a href=\"https:\/\/www.youtube.com\/watch?v=A0EqaSBurX0&amp;t=47s\">https:\/\/www.youtube.com\/watch?v=A0EqaSBurX0&amp;t=47s<\/a><\/p>\n<p><a href=\"https:\/\/www.hamburg.de\/bsb\/14961744\/torben-erklaert-den-coronatest\/\">https:\/\/www.hamburg.de\/bsb\/14961744\/torben-erklaert-den-coronatest\/<\/a><\/p>\n<p><a href=\"https:\/\/www.bundesregierung.de\/breg.de\/mediathek\/video-selbsttests-1873982\">https:\/\/www.bundesregierung.de\/breg.de\/mediathek\/video-selbsttests-1873982<\/a><\/p>\n<p>&nbsp;<\/p>\n<p>&nbsp;F\u00fcr uns alle ist diese Situation nicht einfach. Aber wenn wir zusammenarbeiten und uns gegenseitig vertrauen, werden wir auch diese ungew\u00f6hnliche Zeit \u00fcberstehen.&nbsp;<\/p>\n<p>&nbsp;<\/p>\n<div class=\"ead-preview\"><div class=\"ead-document\" style=\"position: relative;\"><div class=\"ead-iframe-wrapper\"><iframe src=\"\/\/docs.google.com\/viewer?url=https%3A%2F%2Fgrundschule-homberg.de%2Fwp%2Fwp-content%2Fuploads%2F2021%2F04%2FEinwilligungserklaerung.pdf&amp;embedded=true&amp;hl=en\" title=\"Eingebettetes Dokument\" class=\"ead-iframe\" style=\"width: 100%;height: 500px;border: none;visibility: hidden;\"><\/iframe><\/div>\t\t\t<div class=\"ead-document-loading\" style=\"width:100%;height:100%;position:absolute;left:0;top:0;z-index:10;\">\n\t\t\t\t<div class=\"ead-loading-wrap\">\n\t\t\t\t\t<div class=\"ead-loading-main\">\n\t\t\t\t\t\t<div class=\"ead-loading\">\n\t\t\t\t\t\t\t<img loading=\"lazy\" decoding=\"async\" src=\"https:\/\/grundschule-homberg.de\/wp\/wp-content\/plugins\/embed-any-document\/images\/loading.svg\" width=\"55\" height=\"55\" alt=\"Loader\">\n\t\t\t\t\t\t\t<span>Wird geladen\u00a0\u2026<\/span>\n\t\t\t\t\t\t<\/div>\n\t\t\t\t\t<\/div>\n\t\t\t\t\t<div class=\"ead-loading-foot\">\n\t\t\t\t\t\t<div class=\"ead-loading-foot-title\">\n\t\t\t\t\t\t\t<img loading=\"lazy\" decoding=\"async\" src=\"https:\/\/grundschule-homberg.de\/wp\/wp-content\/plugins\/embed-any-document\/images\/EAD-logo.svg\" alt=\"EAD-Logo\" width=\"36\" height=\"23\"\/>\n\t\t\t\t\t\t\t<span>Es dauert zu lange?<\/span>\n\t\t\t\t\t\t<\/div>\n\t\t\t\t\t\t<p>\n\t\t\t\t\t\t\t<div class=\"ead-document-btn ead-reload-btn\" role=\"button\">\n\t\t\t\t\t\t\t\t<img loading=\"lazy\" decoding=\"async\" src=\"https:\/\/grundschule-homberg.de\/wp\/wp-content\/plugins\/embed-any-document\/images\/reload.svg\" alt=\"Neu laden\" width=\"12\" height=\"12\"\/> Dokument neu laden\t\t\t\t\t\t\t<\/div>\n\t\t\t\t\t\t\t<span>|<\/span>\n\t\t\t\t\t\t\t<a href=\"https:\/\/grundschule-homberg.de\/wp\/wp-content\/uploads\/2021\/04\/Einwilligungserklaerung.pdf\" class=\"ead-document-btn\" target=\"_blank\">\n\t\t\t\t\t\t\t\t<img loading=\"lazy\" decoding=\"async\" src=\"https:\/\/grundschule-homberg.de\/wp\/wp-content\/plugins\/embed-any-document\/images\/open.svg\" alt=\"\u00d6ffnen\" width=\"12\" height=\"12\"\/> In neuem Tab \u00f6ffnen\t\t\t\t\t\t\t<\/a>\n\t\t\t\t\t<\/div>\n\t\t\t\t<\/div>\n\t\t\t<\/div>\n\t\t<\/div><p class=\"embed_download\"><a href=\"https:\/\/grundschule-homberg.de\/wp\/wp-content\/uploads\/2021\/04\/Einwilligungserklaerung.pdf\" download>Download [70.97 KB] <\/a><\/p><\/div>\n","protected":false},"excerpt":{"rendered":"<p>Ab Montag, den 19.4. 2021 gilt eine Testpflicht f\u00fcr alle Schulkinder und alle in der Schule T\u00e4tigen! Wir sind ausdr\u00fccklich darauf hingewiesen worden, dass f\u00fcr Kinder, die keinen aktuellen Test nachweisen k\u00f6nnen bzw. nicht am schulischen Selbsttest teilnehmen,&nbsp;kein Pr\u00e4senzunterricht stattfindet! D.h. wenn ein Kind am ersten Schultag keinen der geforderten Nachweise erbringt, wird es nicht &hellip; <a href=\"https:\/\/grundschule-homberg.de\/wp\/?p=223086\" class=\"more-link\"><span class=\"screen-reader-text\">Coronatests in der Grundschule<\/span> weiterlesen <span class=\"meta-nav\">&rarr;<\/span><\/a><\/p>\n","protected":false},"author":2,"featured_media":222615,"comment_status":"closed","ping_status":"closed","sticky":false,"template":"","format":"standard","meta":{"ngg_post_thumbnail":0,"_jetpack_memberships_contains_paid_content":false,"footnotes":""},"categories":[1],"tags":[],"class_list":["post-223086","post","type-post","status-publish","format-standard","has-post-thumbnail","hentry","category-allgemein"],"jetpack_featured_media_url":"https:\/\/i0.wp.com\/grundschule-homberg.de\/wp\/wp-content\/uploads\/2020\/03\/hessen.png?fit=154%2C195&ssl=1","jetpack_shortlink":"https:\/\/wp.me\/p3XuEZ-W2a","jetpack-related-posts":[],"jetpack_sharing_enabled":true,"_links":{"self":[{"href":"https:\/\/grundschule-homberg.de\/wp\/index.php?rest_route=\/wp\/v2\/posts\/223086","targetHints":{"allow":["GET"]}}],"collection":[{"href":"https:\/\/grundschule-homberg.de\/wp\/index.php?rest_route=\/wp\/v2\/posts"}],"about":[{"href":"https:\/\/grundschule-homberg.de\/wp\/index.php?rest_route=\/wp\/v2\/types\/post"}],"author":[{"embeddable":true,"href":"https:\/\/grundschule-homberg.de\/wp\/index.php?rest_route=\/wp\/v2\/users\/2"}],"replies":[{"embeddable":true,"href":"https:\/\/grundschule-homberg.de\/wp\/index.php?rest_route=%2Fwp%2Fv2%2Fcomments&post=223086"}],"version-history":[{"count":4,"href":"https:\/\/grundschule-homberg.de\/wp\/index.php?rest_route=\/wp\/v2\/posts\/223086\/revisions"}],"predecessor-version":[{"id":223092,"href":"https:\/\/grundschule-homberg.de\/wp\/index.php?rest_route=\/wp\/v2\/posts\/223086\/revisions\/223092"}],"wp:featuredmedia":[{"embeddable":true,"href":"https:\/\/grundschule-homberg.de\/wp\/index.php?rest_route=\/wp\/v2\/media\/222615"}],"wp:attachment":[{"href":"https:\/\/grundschule-homberg.de\/wp\/index.php?rest_route=%2Fwp%2Fv2%2Fmedia&parent=223086"}],"wp:term":[{"taxonomy":"category","embeddable":true,"href":"https:\/\/grundschule-homberg.de\/wp\/index.php?rest_route=%2Fwp%2Fv2%2Fcategories&post=223086"},{"taxonomy":"post_tag","embeddable":true,"href":"https:\/\/grundschule-homberg.de\/wp\/index.php?rest_route=%2Fwp%2Fv2%2Ftags&post=223086"}],"curies":[{"name":"wp","href":"https:\/\/api.w.org\/{rel}","templated":true}]}}