{"id":223093,"date":"2021-04-15T17:44:23","date_gmt":"2021-04-15T15:44:23","guid":{"rendered":"https:\/\/grundschule-homberg.de\/wp\/?p=223093"},"modified":"2021-04-15T17:52:52","modified_gmt":"2021-04-15T15:52:52","slug":"schulschliessung-wegen-zu-hoher-inzidenzzahl-im-vogelsbergkreis","status":"publish","type":"post","link":"https:\/\/grundschule-homberg.de\/wp\/?p=223093","title":{"rendered":"Schulschlie\u00dfung wegen zu hoher Inzidenzzahl im Vogelsbergkreis"},"content":{"rendered":"<p>Wegen der hohen Zahl der Corona-Infizierten und der kritische Lage in den Krankenh\u00e4usern k\u00f6nnen die Schulen im Vogelsbergkreis am Montag nicht wie geplant \u00f6ffnen! F\u00fcr alle Kinder wird mit Ausnahme der Abschlussklassen Distanzunterricht angeboten.&nbsp;<\/p>\n<p>Die Grundschule Homberg wird wieder eine <strong>Notbetreuung<\/strong> anbieten. Dazu m\u00fcssen die Berechtigten erneut eine Bescheinigung des Arbeitgebers (Anlage) vorlegen.<\/p>\n<p>Berechtigt sind Kinder:<br \/>\n&#8211; von berufst\u00e4tigen Elternpaaren (Studenten etc.), sofern beide arbeiten!<br \/>\n&#8211; von berufst\u00e4tigen Alleinerziehenden<br \/>\n&#8211; mit sonderp\u00e4dagogischem F\u00f6rderbedarf<br \/>\n&#8211; bei denen dies das Jugendamt vorschreibt<br \/>\n&#8211; in besonderen H\u00e4rtef\u00e4llen (individuell zu regeln!)<\/p>\n<p>Ebenso muss die Notbetreuung&nbsp;<strong>schriftlich angemeldet<\/strong>&nbsp;werden (siehe Anlage),&nbsp;<strong>bitte umgehend zur\u00fcckschicken<\/strong>&nbsp;an:<\/p>\n<p>ganztag@schule-homberg.de<\/p>\n<p>F\u00fcr die Aufnahme in die Notbetreuung ist die <strong>Einwilligung zum Corona-Selbsttest<\/strong> erforderlich oder ein negatives Testergebnis!<\/p>\n<p><strong><div class=\"ead-preview\"><div class=\"ead-document\" style=\"position: relative;\"><iframe src=\"\/\/view.officeapps.live.com\/op\/embed.aspx?src=https%3A%2F%2Fgrundschule-homberg.de%2Fwp%2Fwp-content%2Fuploads%2F2021%2F04%2FAnmeldung-zur-Notbetreuung-APR-21.docx\" title=\"Eingebettetes Dokument\" class=\"ead-iframe\" style=\"width: 100%;height: 500px;border: none;\"><\/iframe><\/div><p class=\"embed_download\"><a href=\"https:\/\/grundschule-homberg.de\/wp\/wp-content\/uploads\/2021\/04\/Anmeldung-zur-Notbetreuung-APR-21.docx\" download>Download [13.24 KB] <\/a><\/p><\/div><div class=\"ead-preview\"><div class=\"ead-document\" style=\"position: relative;\"><iframe src=\"\/\/view.officeapps.live.com\/op\/embed.aspx?src=https%3A%2F%2Fgrundschule-homberg.de%2Fwp%2Fwp-content%2Fuploads%2F2021%2F04%2FMuster-Arbeitgeberbescheinigung-1.docx\" title=\"Eingebettetes Dokument\" class=\"ead-iframe\" style=\"width: 100%;height: 500px;border: none;\"><\/iframe><\/div><p class=\"embed_download\"><a href=\"https:\/\/grundschule-homberg.de\/wp\/wp-content\/uploads\/2021\/04\/Muster-Arbeitgeberbescheinigung-1.docx\" download>Download [16.06 KB] <\/a><\/p><\/div><\/strong>&nbsp;<\/p>\n","protected":false},"excerpt":{"rendered":"<p>Wegen der hohen Zahl der Corona-Infizierten und der kritische Lage in den Krankenh\u00e4usern k\u00f6nnen die Schulen im Vogelsbergkreis am Montag nicht wie geplant \u00f6ffnen! F\u00fcr alle Kinder wird mit Ausnahme der Abschlussklassen Distanzunterricht angeboten.&nbsp; Die Grundschule Homberg wird wieder eine Notbetreuung anbieten. Dazu m\u00fcssen die Berechtigten erneut eine Bescheinigung des Arbeitgebers (Anlage) vorlegen. Berechtigt sind &hellip; <a href=\"https:\/\/grundschule-homberg.de\/wp\/?p=223093\" class=\"more-link\"><span class=\"screen-reader-text\">Schulschlie\u00dfung wegen zu hoher Inzidenzzahl im Vogelsbergkreis<\/span> weiterlesen <span class=\"meta-nav\">&rarr;<\/span><\/a><\/p>\n","protected":false},"author":2,"featured_media":223098,"comment_status":"closed","ping_status":"closed","sticky":false,"template":"","format":"standard","meta":{"ngg_post_thumbnail":0,"_jetpack_memberships_contains_paid_content":false,"footnotes":""},"categories":[1],"tags":[],"class_list":["post-223093","post","type-post","status-publish","format-standard","has-post-thumbnail","hentry","category-allgemein"],"jetpack_featured_media_url":"https:\/\/i0.wp.com\/grundschule-homberg.de\/wp\/wp-content\/uploads\/2021\/04\/Screenshot_20210415-1745353.png?fit=757%2C695&ssl=1?v=1618501762","jetpack_shortlink":"https:\/\/wp.me\/p3XuEZ-W2h","jetpack-related-posts":[],"jetpack_sharing_enabled":true,"_links":{"self":[{"href":"https:\/\/grundschule-homberg.de\/wp\/index.php?rest_route=\/wp\/v2\/posts\/223093","targetHints":{"allow":["GET"]}}],"collection":[{"href":"https:\/\/grundschule-homberg.de\/wp\/index.php?rest_route=\/wp\/v2\/posts"}],"about":[{"href":"https:\/\/grundschule-homberg.de\/wp\/index.php?rest_route=\/wp\/v2\/types\/post"}],"author":[{"embeddable":true,"href":"https:\/\/grundschule-homberg.de\/wp\/index.php?rest_route=\/wp\/v2\/users\/2"}],"replies":[{"embeddable":true,"href":"https:\/\/grundschule-homberg.de\/wp\/index.php?rest_route=%2Fwp%2Fv2%2Fcomments&post=223093"}],"version-history":[{"count":2,"href":"https:\/\/grundschule-homberg.de\/wp\/index.php?rest_route=\/wp\/v2\/posts\/223093\/revisions"}],"predecessor-version":[{"id":223099,"href":"https:\/\/grundschule-homberg.de\/wp\/index.php?rest_route=\/wp\/v2\/posts\/223093\/revisions\/223099"}],"wp:featuredmedia":[{"embeddable":true,"href":"https:\/\/grundschule-homberg.de\/wp\/index.php?rest_route=\/wp\/v2\/media\/223098"}],"wp:attachment":[{"href":"https:\/\/grundschule-homberg.de\/wp\/index.php?rest_route=%2Fwp%2Fv2%2Fmedia&parent=223093"}],"wp:term":[{"taxonomy":"category","embeddable":true,"href":"https:\/\/grundschule-homberg.de\/wp\/index.php?rest_route=%2Fwp%2Fv2%2Fcategories&post=223093"},{"taxonomy":"post_tag","embeddable":true,"href":"https:\/\/grundschule-homberg.de\/wp\/index.php?rest_route=%2Fwp%2Fv2%2Ftags&post=223093"}],"curies":[{"name":"wp","href":"https:\/\/api.w.org\/{rel}","templated":true}]}}