{"id":223102,"date":"2021-06-14T09:27:15","date_gmt":"2021-06-14T07:27:15","guid":{"rendered":"https:\/\/grundschule-homberg.de\/wp\/?p=223102"},"modified":"2021-06-14T09:27:15","modified_gmt":"2021-06-14T07:27:15","slug":"das-500-tage-fest-der-klasse-3a","status":"publish","type":"post","link":"https:\/\/grundschule-homberg.de\/wp\/?p=223102","title":{"rendered":"Das 500-Tage-Fest der Klasse 3a"},"content":{"rendered":"<p>Wir sind am Mittwoch, den 2.6.2021 mit unserer Klasse nach Ober-Ofleiden gelaufen. Dort sind wir zum Garten unseres Klassenkameraden gegangen. Dieser hat ganz kleine K\u00fcken, die er uns zeigen wollte. Er hat auch einen gro\u00dfen Pool, der aber abgedeckt war. Leider durften wir nicht hinein. Wir haben aber dennoch mit Wasser eine Wasserschlacht gemacht und am Ende waren wir richtig nass. Anschlie\u00dfend&nbsp; haben wir uns die K\u00fcken angeschaut. Sie waren total s\u00fc\u00df und ganz weich. Wir durften sogar ein K\u00fcken halten. Zum Schluss, als wir gehen mussten, gab es noch Eis. Wir durften auch den Hund streicheln.<\/p>\n<p>Anschlie\u00dfend sind wir in Ober-Ofleiden zum Spielplatz gelaufen beim MGH. Dort haben wir gespielt. Zum Schluss sind wir zur Bushaltestelle gelaufen, wo uns dann ein Bus abgeholt hat. Als wir in der Schule ankamen, war der Schultag schon zu Ende. Trotz Corona war es ein sehr sch\u00f6nes 500-Tage-Fest. Wir hatten \u00fcbrigens auch sehr viel Gl\u00fcck mit dem Wetter.<\/p>\n<p>&nbsp;<\/p>\n<p>&nbsp;Von Lena Pfeil und Paul Unzeitig<\/p>\n<p><a href=\"https:\/\/i0.wp.com\/grundschule-homberg.de\/wp\/wp-content\/uploads\/2021\/06\/20210602_102449-scaled.jpg?ssl=1\"><img data-recalc-dims=\"1\" loading=\"lazy\" decoding=\"async\" class=\"alignleft size-medium wp-image-223103\" src=\"https:\/\/i0.wp.com\/grundschule-homberg.de\/wp\/wp-content\/uploads\/2021\/06\/20210602_102449.jpg?resize=300%2C225&#038;ssl=1\" alt=\"\" width=\"300\" height=\"225\" srcset=\"https:\/\/i0.wp.com\/grundschule-homberg.de\/wp\/wp-content\/uploads\/2021\/06\/20210602_102449-scaled.jpg?resize=300%2C225&amp;ssl=1 300w, https:\/\/i0.wp.com\/grundschule-homberg.de\/wp\/wp-content\/uploads\/2021\/06\/20210602_102449-scaled.jpg?resize=1024%2C768&amp;ssl=1 1024w, https:\/\/i0.wp.com\/grundschule-homberg.de\/wp\/wp-content\/uploads\/2021\/06\/20210602_102449-scaled.jpg?resize=150%2C113&amp;ssl=1 150w, https:\/\/i0.wp.com\/grundschule-homberg.de\/wp\/wp-content\/uploads\/2021\/06\/20210602_102449-scaled.jpg?resize=768%2C576&amp;ssl=1 768w, https:\/\/i0.wp.com\/grundschule-homberg.de\/wp\/wp-content\/uploads\/2021\/06\/20210602_102449-scaled.jpg?resize=1536%2C1152&amp;ssl=1 1536w, https:\/\/i0.wp.com\/grundschule-homberg.de\/wp\/wp-content\/uploads\/2021\/06\/20210602_102449-scaled.jpg?resize=2048%2C1536&amp;ssl=1 2048w, https:\/\/i0.wp.com\/grundschule-homberg.de\/wp\/wp-content\/uploads\/2021\/06\/20210602_102449-scaled.jpg?w=1208&amp;ssl=1 1208w, https:\/\/i0.wp.com\/grundschule-homberg.de\/wp\/wp-content\/uploads\/2021\/06\/20210602_102449-scaled.jpg?w=1812&amp;ssl=1 1812w\" sizes=\"auto, (max-width: 300px) 100vw, 300px\" \/><\/a><\/p>\n","protected":false},"excerpt":{"rendered":"<p>Wir sind am Mittwoch, den 2.6.2021 mit unserer Klasse nach Ober-Ofleiden gelaufen. Dort sind wir zum Garten unseres Klassenkameraden gegangen. Dieser hat ganz kleine K\u00fcken, die er uns zeigen wollte. Er hat auch einen gro\u00dfen Pool, der aber abgedeckt war. Leider durften wir nicht hinein. Wir haben aber dennoch mit Wasser eine Wasserschlacht gemacht und &hellip; <a href=\"https:\/\/grundschule-homberg.de\/wp\/?p=223102\" class=\"more-link\"><span class=\"screen-reader-text\">Das 500-Tage-Fest der Klasse 3a<\/span> weiterlesen <span class=\"meta-nav\">&rarr;<\/span><\/a><\/p>\n","protected":false},"author":2,"featured_media":223103,"comment_status":"closed","ping_status":"closed","sticky":false,"template":"","format":"standard","meta":{"ngg_post_thumbnail":0,"_jetpack_memberships_contains_paid_content":false,"footnotes":""},"categories":[1],"tags":[],"class_list":["post-223102","post","type-post","status-publish","format-standard","has-post-thumbnail","hentry","category-allgemein"],"jetpack_featured_media_url":"https:\/\/i0.wp.com\/grundschule-homberg.de\/wp\/wp-content\/uploads\/2021\/06\/20210602_102449-scaled.jpg?fit=2560%2C1920&ssl=1?v=1623655574","jetpack_shortlink":"https:\/\/wp.me\/p3XuEZ-W2q","jetpack-related-posts":[],"jetpack_sharing_enabled":true,"_links":{"self":[{"href":"https:\/\/grundschule-homberg.de\/wp\/index.php?rest_route=\/wp\/v2\/posts\/223102","targetHints":{"allow":["GET"]}}],"collection":[{"href":"https:\/\/grundschule-homberg.de\/wp\/index.php?rest_route=\/wp\/v2\/posts"}],"about":[{"href":"https:\/\/grundschule-homberg.de\/wp\/index.php?rest_route=\/wp\/v2\/types\/post"}],"author":[{"embeddable":true,"href":"https:\/\/grundschule-homberg.de\/wp\/index.php?rest_route=\/wp\/v2\/users\/2"}],"replies":[{"embeddable":true,"href":"https:\/\/grundschule-homberg.de\/wp\/index.php?rest_route=%2Fwp%2Fv2%2Fcomments&post=223102"}],"version-history":[{"count":1,"href":"https:\/\/grundschule-homberg.de\/wp\/index.php?rest_route=\/wp\/v2\/posts\/223102\/revisions"}],"predecessor-version":[{"id":223104,"href":"https:\/\/grundschule-homberg.de\/wp\/index.php?rest_route=\/wp\/v2\/posts\/223102\/revisions\/223104"}],"wp:featuredmedia":[{"embeddable":true,"href":"https:\/\/grundschule-homberg.de\/wp\/index.php?rest_route=\/wp\/v2\/media\/223103"}],"wp:attachment":[{"href":"https:\/\/grundschule-homberg.de\/wp\/index.php?rest_route=%2Fwp%2Fv2%2Fmedia&parent=223102"}],"wp:term":[{"taxonomy":"category","embeddable":true,"href":"https:\/\/grundschule-homberg.de\/wp\/index.php?rest_route=%2Fwp%2Fv2%2Fcategories&post=223102"},{"taxonomy":"post_tag","embeddable":true,"href":"https:\/\/grundschule-homberg.de\/wp\/index.php?rest_route=%2Fwp%2Fv2%2Ftags&post=223102"}],"curies":[{"name":"wp","href":"https:\/\/api.w.org\/{rel}","templated":true}]}}