{"id":223166,"date":"2021-09-01T14:25:17","date_gmt":"2021-09-01T12:25:17","guid":{"rendered":"https:\/\/grundschule-homberg.de\/wp\/?p=223166"},"modified":"2021-09-01T14:25:17","modified_gmt":"2021-09-01T12:25:17","slug":"ein-herzliches-willkommen-den-neuen","status":"publish","type":"post","link":"https:\/\/grundschule-homberg.de\/wp\/?p=223166","title":{"rendered":"Ein herzliches Willkommen den &#8222;Neuen&#8220;"},"content":{"rendered":"<p>In diesem Schuljahr wurden 53 neue Schulkinder an der Grundschule Homberg aufgenommen. Sie verteilen dich auf drei Klassen, die Vorklasse, 1a und 1b.<\/p>\n<p>Bereits am Montagnachmittag fand der Einschulungsgottesdienst unter freiem Himmel und ohne Regen an der katholischen Kirche statt.<\/p>\n<p><a href=\"https:\/\/i0.wp.com\/grundschule-homberg.de\/wp\/wp-content\/uploads\/2021\/09\/IMG_20210830_165337-scaled.jpg?ssl=1\"><img data-recalc-dims=\"1\" loading=\"lazy\" decoding=\"async\" class=\"alignleft  wp-image-223167\" src=\"https:\/\/i0.wp.com\/grundschule-homberg.de\/wp\/wp-content\/uploads\/2021\/09\/IMG_20210830_165337.jpg?resize=487%2C365&#038;ssl=1\" alt=\"\" width=\"487\" height=\"365\" srcset=\"https:\/\/i0.wp.com\/grundschule-homberg.de\/wp\/wp-content\/uploads\/2021\/09\/IMG_20210830_165337-scaled.jpg?resize=300%2C225&amp;ssl=1 300w, https:\/\/i0.wp.com\/grundschule-homberg.de\/wp\/wp-content\/uploads\/2021\/09\/IMG_20210830_165337-scaled.jpg?resize=1024%2C768&amp;ssl=1 1024w, https:\/\/i0.wp.com\/grundschule-homberg.de\/wp\/wp-content\/uploads\/2021\/09\/IMG_20210830_165337-scaled.jpg?resize=150%2C113&amp;ssl=1 150w, https:\/\/i0.wp.com\/grundschule-homberg.de\/wp\/wp-content\/uploads\/2021\/09\/IMG_20210830_165337-scaled.jpg?resize=768%2C576&amp;ssl=1 768w, https:\/\/i0.wp.com\/grundschule-homberg.de\/wp\/wp-content\/uploads\/2021\/09\/IMG_20210830_165337-scaled.jpg?resize=1536%2C1152&amp;ssl=1 1536w, https:\/\/i0.wp.com\/grundschule-homberg.de\/wp\/wp-content\/uploads\/2021\/09\/IMG_20210830_165337-scaled.jpg?resize=2048%2C1536&amp;ssl=1 2048w, https:\/\/i0.wp.com\/grundschule-homberg.de\/wp\/wp-content\/uploads\/2021\/09\/IMG_20210830_165337-scaled.jpg?w=1208&amp;ssl=1 1208w, https:\/\/i0.wp.com\/grundschule-homberg.de\/wp\/wp-content\/uploads\/2021\/09\/IMG_20210830_165337-scaled.jpg?w=1812&amp;ssl=1 1812w\" sizes=\"auto, (max-width: 487px) 100vw, 487px\" \/><\/a>&nbsp;<\/p>\n<p>&nbsp;<\/p>\n<p>&nbsp;<\/p>\n<p>&nbsp;<\/p>\n<p>&nbsp;<\/p>\n<p>&nbsp;<\/p>\n<p>&nbsp;<\/p>\n<p>&nbsp;<\/p>\n<p>Am Dienstag trafen sich dann die Schulanf\u00e4ngerkinder auf der Wiese hinter der Turnhalle zur kleinen Schulaufnahmefeier. Coronabedingt durften sie nur von zwei Erwachsenen begleitet werde. Die Schulleiterin begr\u00fc\u00dfte alle herzlich und startete das Programm.<\/p>\n<p><a href=\"https:\/\/i0.wp.com\/grundschule-homberg.de\/wp\/wp-content\/uploads\/2021\/09\/IMG-20210831-WA0011.jpg?ssl=1\"><img data-recalc-dims=\"1\" loading=\"lazy\" decoding=\"async\" class=\"size-medium wp-image-223169 aligncenter\" src=\"https:\/\/i0.wp.com\/grundschule-homberg.de\/wp\/wp-content\/uploads\/2021\/09\/IMG-20210831-WA0011.jpg?resize=300%2C225&#038;ssl=1\" alt=\"\" width=\"300\" height=\"225\" srcset=\"https:\/\/i0.wp.com\/grundschule-homberg.de\/wp\/wp-content\/uploads\/2021\/09\/IMG-20210831-WA0011.jpg?resize=300%2C225&amp;ssl=1 300w, https:\/\/i0.wp.com\/grundschule-homberg.de\/wp\/wp-content\/uploads\/2021\/09\/IMG-20210831-WA0011.jpg?resize=1024%2C768&amp;ssl=1 1024w, https:\/\/i0.wp.com\/grundschule-homberg.de\/wp\/wp-content\/uploads\/2021\/09\/IMG-20210831-WA0011.jpg?resize=150%2C113&amp;ssl=1 150w, https:\/\/i0.wp.com\/grundschule-homberg.de\/wp\/wp-content\/uploads\/2021\/09\/IMG-20210831-WA0011.jpg?resize=768%2C576&amp;ssl=1 768w, https:\/\/i0.wp.com\/grundschule-homberg.de\/wp\/wp-content\/uploads\/2021\/09\/IMG-20210831-WA0011.jpg?resize=1536%2C1152&amp;ssl=1 1536w, https:\/\/i0.wp.com\/grundschule-homberg.de\/wp\/wp-content\/uploads\/2021\/09\/IMG-20210831-WA0011.jpg?w=1600&amp;ssl=1 1600w, https:\/\/i0.wp.com\/grundschule-homberg.de\/wp\/wp-content\/uploads\/2021\/09\/IMG-20210831-WA0011.jpg?w=1208&amp;ssl=1 1208w\" sizes=\"auto, (max-width: 300px) 100vw, 300px\" \/><\/a>Als erstes f\u00fchrten die Kinder der Klasse 2a einen Tanz zum Musikst\u00fcck &#8222;Wir werden immer gr\u00f6\u00dfer&#8220; vor und zeigten dabei, dass man auch mit Abstand gut tanzen kann.<\/p>\n<p><a href=\"https:\/\/i0.wp.com\/grundschule-homberg.de\/wp\/wp-content\/uploads\/2021\/09\/IMG-20210831-WA0032.jpg?ssl=1\"><img data-recalc-dims=\"1\" loading=\"lazy\" decoding=\"async\" class=\"size-medium wp-image-223173 alignnone\" src=\"https:\/\/i0.wp.com\/grundschule-homberg.de\/wp\/wp-content\/uploads\/2021\/09\/IMG-20210831-WA0032.jpg?resize=300%2C188&#038;ssl=1\" alt=\"\" width=\"300\" height=\"188\" srcset=\"https:\/\/i0.wp.com\/grundschule-homberg.de\/wp\/wp-content\/uploads\/2021\/09\/IMG-20210831-WA0032.jpg?resize=300%2C188&amp;ssl=1 300w, https:\/\/i0.wp.com\/grundschule-homberg.de\/wp\/wp-content\/uploads\/2021\/09\/IMG-20210831-WA0032.jpg?resize=1024%2C643&amp;ssl=1 1024w, https:\/\/i0.wp.com\/grundschule-homberg.de\/wp\/wp-content\/uploads\/2021\/09\/IMG-20210831-WA0032.jpg?resize=150%2C94&amp;ssl=1 150w, https:\/\/i0.wp.com\/grundschule-homberg.de\/wp\/wp-content\/uploads\/2021\/09\/IMG-20210831-WA0032.jpg?resize=768%2C482&amp;ssl=1 768w, https:\/\/i0.wp.com\/grundschule-homberg.de\/wp\/wp-content\/uploads\/2021\/09\/IMG-20210831-WA0032.jpg?resize=1536%2C965&amp;ssl=1 1536w, https:\/\/i0.wp.com\/grundschule-homberg.de\/wp\/wp-content\/uploads\/2021\/09\/IMG-20210831-WA0032.jpg?w=2048&amp;ssl=1 2048w, https:\/\/i0.wp.com\/grundschule-homberg.de\/wp\/wp-content\/uploads\/2021\/09\/IMG-20210831-WA0032.jpg?w=1208&amp;ssl=1 1208w, https:\/\/i0.wp.com\/grundschule-homberg.de\/wp\/wp-content\/uploads\/2021\/09\/IMG-20210831-WA0032.jpg?w=1812&amp;ssl=1 1812w\" sizes=\"auto, (max-width: 300px) 100vw, 300px\" \/><\/a><a href=\"https:\/\/i0.wp.com\/grundschule-homberg.de\/wp\/wp-content\/uploads\/2021\/09\/IMG-20210831-WA0030.jpg?ssl=1\"><img data-recalc-dims=\"1\" loading=\"lazy\" decoding=\"async\" class=\"size-medium wp-image-223172 alignright\" src=\"https:\/\/i0.wp.com\/grundschule-homberg.de\/wp\/wp-content\/uploads\/2021\/09\/IMG-20210831-WA0030.jpg?resize=300%2C186&#038;ssl=1\" alt=\"\" width=\"300\" height=\"186\" srcset=\"https:\/\/i0.wp.com\/grundschule-homberg.de\/wp\/wp-content\/uploads\/2021\/09\/IMG-20210831-WA0030.jpg?resize=300%2C186&amp;ssl=1 300w, https:\/\/i0.wp.com\/grundschule-homberg.de\/wp\/wp-content\/uploads\/2021\/09\/IMG-20210831-WA0030.jpg?resize=1024%2C634&amp;ssl=1 1024w, https:\/\/i0.wp.com\/grundschule-homberg.de\/wp\/wp-content\/uploads\/2021\/09\/IMG-20210831-WA0030.jpg?resize=150%2C93&amp;ssl=1 150w, https:\/\/i0.wp.com\/grundschule-homberg.de\/wp\/wp-content\/uploads\/2021\/09\/IMG-20210831-WA0030.jpg?resize=768%2C476&amp;ssl=1 768w, https:\/\/i0.wp.com\/grundschule-homberg.de\/wp\/wp-content\/uploads\/2021\/09\/IMG-20210831-WA0030.jpg?resize=1536%2C951&amp;ssl=1 1536w, https:\/\/i0.wp.com\/grundschule-homberg.de\/wp\/wp-content\/uploads\/2021\/09\/IMG-20210831-WA0030.jpg?w=2048&amp;ssl=1 2048w, https:\/\/i0.wp.com\/grundschule-homberg.de\/wp\/wp-content\/uploads\/2021\/09\/IMG-20210831-WA0030.jpg?w=1208&amp;ssl=1 1208w, https:\/\/i0.wp.com\/grundschule-homberg.de\/wp\/wp-content\/uploads\/2021\/09\/IMG-20210831-WA0030.jpg?w=1812&amp;ssl=1 1812w\" sizes=\"auto, (max-width: 300px) 100vw, 300px\" \/><\/a><\/p>\n<p>Danach trugen die gro\u00dfen Geschwisterkinder, die auch an der Grundschule unterrichtet werden, ein lustiges Gedicht &#8222;Wenn der L\u00f6we in die Schule geht&#8220; vor.&nbsp;<\/p>\n<p>&nbsp;<\/p>\n<p>Nach einer kurzen Rede der Schulleiterin wurden die Kinder namentlich aufgerufen und gingen dann zum ersten Mal gemeinsam mit ihren neuen Lehrerinnen in die Klassen. Dabei wurden sie auf dem Schulhof von den anderen Schulkindern mit lautem Applaus begleitet. Vor dem Gang ins Geb\u00e4ude durften sie noch einen Segensbogen passieren.&nbsp;<\/p>\n<p><a href=\"https:\/\/i0.wp.com\/grundschule-homberg.de\/wp\/wp-content\/uploads\/2021\/09\/IMG-20210831-WA0028.jpg?ssl=1\"><img data-recalc-dims=\"1\" loading=\"lazy\" decoding=\"async\" class=\"alignleft size-medium wp-image-223171\" src=\"https:\/\/i0.wp.com\/grundschule-homberg.de\/wp\/wp-content\/uploads\/2021\/09\/IMG-20210831-WA0028.jpg?resize=200%2C300&#038;ssl=1\" alt=\"\" width=\"200\" height=\"300\" srcset=\"https:\/\/i0.wp.com\/grundschule-homberg.de\/wp\/wp-content\/uploads\/2021\/09\/IMG-20210831-WA0028.jpg?resize=200%2C300&amp;ssl=1 200w, https:\/\/i0.wp.com\/grundschule-homberg.de\/wp\/wp-content\/uploads\/2021\/09\/IMG-20210831-WA0028.jpg?resize=681%2C1024&amp;ssl=1 681w, https:\/\/i0.wp.com\/grundschule-homberg.de\/wp\/wp-content\/uploads\/2021\/09\/IMG-20210831-WA0028.jpg?resize=100%2C150&amp;ssl=1 100w, https:\/\/i0.wp.com\/grundschule-homberg.de\/wp\/wp-content\/uploads\/2021\/09\/IMG-20210831-WA0028.jpg?resize=768%2C1155&amp;ssl=1 768w, https:\/\/i0.wp.com\/grundschule-homberg.de\/wp\/wp-content\/uploads\/2021\/09\/IMG-20210831-WA0028.jpg?resize=1021%2C1536&amp;ssl=1 1021w, https:\/\/i0.wp.com\/grundschule-homberg.de\/wp\/wp-content\/uploads\/2021\/09\/IMG-20210831-WA0028.jpg?w=1064&amp;ssl=1 1064w\" sizes=\"auto, (max-width: 200px) 100vw, 200px\" \/><\/a><\/p>\n<p>&nbsp;<\/p>\n<p>Am Ende des aufregenden ersten Tagen wurden die Kinder wieder von ihren Eltern abgeholt. Viele hatten eine Schult\u00fcte als \u00dcberraschung dabei.&nbsp;&nbsp;<\/p>\n<p><a href=\"https:\/\/i0.wp.com\/grundschule-homberg.de\/wp\/wp-content\/uploads\/2021\/09\/IMG-20210831-WA0007.jpg?ssl=1\"><img data-recalc-dims=\"1\" loading=\"lazy\" decoding=\"async\" class=\"alignleft  wp-image-223168\" src=\"https:\/\/i0.wp.com\/grundschule-homberg.de\/wp\/wp-content\/uploads\/2021\/09\/IMG-20210831-WA0007.jpg?resize=349%2C156&#038;ssl=1\" alt=\"\" width=\"349\" height=\"156\" srcset=\"https:\/\/i0.wp.com\/grundschule-homberg.de\/wp\/wp-content\/uploads\/2021\/09\/IMG-20210831-WA0007.jpg?resize=300%2C134&amp;ssl=1 300w, https:\/\/i0.wp.com\/grundschule-homberg.de\/wp\/wp-content\/uploads\/2021\/09\/IMG-20210831-WA0007.jpg?resize=1024%2C457&amp;ssl=1 1024w, https:\/\/i0.wp.com\/grundschule-homberg.de\/wp\/wp-content\/uploads\/2021\/09\/IMG-20210831-WA0007.jpg?resize=150%2C67&amp;ssl=1 150w, https:\/\/i0.wp.com\/grundschule-homberg.de\/wp\/wp-content\/uploads\/2021\/09\/IMG-20210831-WA0007.jpg?resize=768%2C343&amp;ssl=1 768w, https:\/\/i0.wp.com\/grundschule-homberg.de\/wp\/wp-content\/uploads\/2021\/09\/IMG-20210831-WA0007.jpg?resize=1536%2C685&amp;ssl=1 1536w, https:\/\/i0.wp.com\/grundschule-homberg.de\/wp\/wp-content\/uploads\/2021\/09\/IMG-20210831-WA0007.jpg?resize=604%2C270&amp;ssl=1 604w, https:\/\/i0.wp.com\/grundschule-homberg.de\/wp\/wp-content\/uploads\/2021\/09\/IMG-20210831-WA0007.jpg?w=1600&amp;ssl=1 1600w, https:\/\/i0.wp.com\/grundschule-homberg.de\/wp\/wp-content\/uploads\/2021\/09\/IMG-20210831-WA0007.jpg?w=1208&amp;ssl=1 1208w\" sizes=\"auto, (max-width: 349px) 100vw, 349px\" \/><\/a><\/p>\n<p>&nbsp;<\/p>\n","protected":false},"excerpt":{"rendered":"<p>In diesem Schuljahr wurden 53 neue Schulkinder an der Grundschule Homberg aufgenommen. Sie verteilen dich auf drei Klassen, die Vorklasse, 1a und 1b. Bereits am Montagnachmittag fand der Einschulungsgottesdienst unter freiem Himmel und ohne Regen an der katholischen Kirche statt. &nbsp; &nbsp; &nbsp; &nbsp; &nbsp; &nbsp; &nbsp; &nbsp; Am Dienstag trafen sich dann die Schulanf\u00e4ngerkinder &hellip; <a href=\"https:\/\/grundschule-homberg.de\/wp\/?p=223166\" class=\"more-link\"><span class=\"screen-reader-text\">Ein herzliches Willkommen den &#8222;Neuen&#8220;<\/span> weiterlesen <span class=\"meta-nav\">&rarr;<\/span><\/a><\/p>\n","protected":false},"author":2,"featured_media":223169,"comment_status":"closed","ping_status":"closed","sticky":false,"template":"","format":"standard","meta":{"ngg_post_thumbnail":0,"_jetpack_memberships_contains_paid_content":false,"footnotes":""},"categories":[1],"tags":[],"class_list":["post-223166","post","type-post","status-publish","format-standard","has-post-thumbnail","hentry","category-allgemein"],"jetpack_featured_media_url":"https:\/\/i0.wp.com\/grundschule-homberg.de\/wp\/wp-content\/uploads\/2021\/09\/IMG-20210831-WA0011.jpg?fit=1600%2C1200&ssl=1?v=1630498287","jetpack_shortlink":"https:\/\/wp.me\/p3XuEZ-W3s","jetpack-related-posts":[],"jetpack_sharing_enabled":true,"_links":{"self":[{"href":"https:\/\/grundschule-homberg.de\/wp\/index.php?rest_route=\/wp\/v2\/posts\/223166","targetHints":{"allow":["GET"]}}],"collection":[{"href":"https:\/\/grundschule-homberg.de\/wp\/index.php?rest_route=\/wp\/v2\/posts"}],"about":[{"href":"https:\/\/grundschule-homberg.de\/wp\/index.php?rest_route=\/wp\/v2\/types\/post"}],"author":[{"embeddable":true,"href":"https:\/\/grundschule-homberg.de\/wp\/index.php?rest_route=\/wp\/v2\/users\/2"}],"replies":[{"embeddable":true,"href":"https:\/\/grundschule-homberg.de\/wp\/index.php?rest_route=%2Fwp%2Fv2%2Fcomments&post=223166"}],"version-history":[{"count":1,"href":"https:\/\/grundschule-homberg.de\/wp\/index.php?rest_route=\/wp\/v2\/posts\/223166\/revisions"}],"predecessor-version":[{"id":223174,"href":"https:\/\/grundschule-homberg.de\/wp\/index.php?rest_route=\/wp\/v2\/posts\/223166\/revisions\/223174"}],"wp:featuredmedia":[{"embeddable":true,"href":"https:\/\/grundschule-homberg.de\/wp\/index.php?rest_route=\/wp\/v2\/media\/223169"}],"wp:attachment":[{"href":"https:\/\/grundschule-homberg.de\/wp\/index.php?rest_route=%2Fwp%2Fv2%2Fmedia&parent=223166"}],"wp:term":[{"taxonomy":"category","embeddable":true,"href":"https:\/\/grundschule-homberg.de\/wp\/index.php?rest_route=%2Fwp%2Fv2%2Fcategories&post=223166"},{"taxonomy":"post_tag","embeddable":true,"href":"https:\/\/grundschule-homberg.de\/wp\/index.php?rest_route=%2Fwp%2Fv2%2Ftags&post=223166"}],"curies":[{"name":"wp","href":"https:\/\/api.w.org\/{rel}","templated":true}]}}