{"id":223201,"date":"2021-09-15T13:58:15","date_gmt":"2021-09-15T11:58:15","guid":{"rendered":"https:\/\/grundschule-homberg.de\/wp\/?p=223201"},"modified":"2021-09-15T14:12:09","modified_gmt":"2021-09-15T12:12:09","slug":"elterninitiative-und-familienzentrum-uebergeben-spende-an-den-foerderverein-der-grundschule-homberg","status":"publish","type":"post","link":"https:\/\/grundschule-homberg.de\/wp\/?p=223201","title":{"rendered":"Elterninitiative und Familienzentrum \u00fcbergeben Spende an den F\u00f6rderverein der Grundschule Homberg"},"content":{"rendered":"<p>Trotz des schlechten Wetters konnte die Elterninitiative in Kooperation mit dem Familienzentrum Homberg ihren ersten Outdoor-Flohmarkt an der Grundschule in Homberg als Erfolg verbuchen.<\/p>\n<p>Aufgrund des Regens hatten am Morgen noch viele Verk\u00e4ufer*innen kurzfristig ihren Stand abgemeldet. Dennoch fanden sich rund 20 Verk\u00e4ufer*innen auf dem Schulhof ein und verkauften erfolgreich unter Pavillons, Zelten und Schirmen ihre Kleidung, Spiele, B\u00fccher und viele weitere Kinder- und Babyartikel.<\/p>\n<p>\u00dcber 200 K\u00e4ufer*innen fanden den Weg nach Homberg, um unter den aktuell geltenden Hygienema\u00dfnahmen endlich wieder \u00fcber die St\u00e4nde zu st\u00f6bern.<\/p>\n<p>Hei\u00dfe Waffeln und Kaffee luden den\/die Besucher*innen im Anschluss ein sich aufzuw\u00e4rmen.<\/p>\n<p><a href=\"https:\/\/i0.wp.com\/grundschule-homberg.de\/wp\/wp-content\/uploads\/2021\/09\/IMG-20210829-WA0003.jpg?ssl=1\"><img data-recalc-dims=\"1\" loading=\"lazy\" decoding=\"async\" class=\"alignleft size-medium wp-image-223203\" src=\"https:\/\/i0.wp.com\/grundschule-homberg.de\/wp\/wp-content\/uploads\/2021\/09\/IMG-20210829-WA0003.jpg?resize=300%2C169&#038;ssl=1\" alt=\"\" width=\"300\" height=\"169\" srcset=\"https:\/\/i0.wp.com\/grundschule-homberg.de\/wp\/wp-content\/uploads\/2021\/09\/IMG-20210829-WA0003.jpg?resize=300%2C169&amp;ssl=1 300w, https:\/\/i0.wp.com\/grundschule-homberg.de\/wp\/wp-content\/uploads\/2021\/09\/IMG-20210829-WA0003.jpg?resize=1024%2C576&amp;ssl=1 1024w, https:\/\/i0.wp.com\/grundschule-homberg.de\/wp\/wp-content\/uploads\/2021\/09\/IMG-20210829-WA0003.jpg?resize=150%2C84&amp;ssl=1 150w, https:\/\/i0.wp.com\/grundschule-homberg.de\/wp\/wp-content\/uploads\/2021\/09\/IMG-20210829-WA0003.jpg?resize=768%2C432&amp;ssl=1 768w, https:\/\/i0.wp.com\/grundschule-homberg.de\/wp\/wp-content\/uploads\/2021\/09\/IMG-20210829-WA0003.jpg?w=1280&amp;ssl=1 1280w, https:\/\/i0.wp.com\/grundschule-homberg.de\/wp\/wp-content\/uploads\/2021\/09\/IMG-20210829-WA0003.jpg?w=1208&amp;ssl=1 1208w\" sizes=\"auto, (max-width: 300px) 100vw, 300px\" \/><\/a><\/p>\n<p>&nbsp;<\/p>\n<p>&nbsp;<\/p>\n<p>&nbsp;<\/p>\n<p>&nbsp;<\/p>\n<p>Am Ende konnten somit \u00fcber die Standgeb\u00fchr und den Verzehrverkauf eine Spende von 343,60 Euro an den F\u00f6rderverein der Grundschule \u00fcbergeben werden, der diese Spende in die Neugestaltung des Schulhofes einbringen will.<\/p>\n<p><a href=\"https:\/\/i0.wp.com\/grundschule-homberg.de\/wp\/wp-content\/uploads\/2021\/09\/IMG_0123-scaled.jpg?ssl=1\"><img data-recalc-dims=\"1\" loading=\"lazy\" decoding=\"async\" class=\" wp-image-223202 aligncenter\" src=\"https:\/\/i0.wp.com\/grundschule-homberg.de\/wp\/wp-content\/uploads\/2021\/09\/IMG_0123.jpg?resize=372%2C248&#038;ssl=1\" alt=\"\" width=\"372\" height=\"248\" srcset=\"https:\/\/i0.wp.com\/grundschule-homberg.de\/wp\/wp-content\/uploads\/2021\/09\/IMG_0123-scaled.jpg?resize=300%2C200&amp;ssl=1 300w, https:\/\/i0.wp.com\/grundschule-homberg.de\/wp\/wp-content\/uploads\/2021\/09\/IMG_0123-scaled.jpg?resize=1024%2C683&amp;ssl=1 1024w, https:\/\/i0.wp.com\/grundschule-homberg.de\/wp\/wp-content\/uploads\/2021\/09\/IMG_0123-scaled.jpg?resize=150%2C100&amp;ssl=1 150w, https:\/\/i0.wp.com\/grundschule-homberg.de\/wp\/wp-content\/uploads\/2021\/09\/IMG_0123-scaled.jpg?resize=768%2C512&amp;ssl=1 768w, https:\/\/i0.wp.com\/grundschule-homberg.de\/wp\/wp-content\/uploads\/2021\/09\/IMG_0123-scaled.jpg?resize=1536%2C1024&amp;ssl=1 1536w, https:\/\/i0.wp.com\/grundschule-homberg.de\/wp\/wp-content\/uploads\/2021\/09\/IMG_0123-scaled.jpg?resize=2048%2C1365&amp;ssl=1 2048w, https:\/\/i0.wp.com\/grundschule-homberg.de\/wp\/wp-content\/uploads\/2021\/09\/IMG_0123-scaled.jpg?w=1208&amp;ssl=1 1208w, https:\/\/i0.wp.com\/grundschule-homberg.de\/wp\/wp-content\/uploads\/2021\/09\/IMG_0123-scaled.jpg?w=1812&amp;ssl=1 1812w\" sizes=\"auto, (max-width: 372px) 100vw, 372px\" \/><br \/>\n<\/a><\/p>\n<p><strong>Der n\u00e4chste vorsortierte Kinderflohmarkt findet am 07.11.2021 in der Stadthalle Homberg statt. Anmeldung l\u00e4uft. Es gelten die aktuellen Hygienema\u00dfnahmen.<\/strong><\/p>\n<p><a href=\"https:\/\/i0.wp.com\/grundschule-homberg.de\/wp\/wp-content\/uploads\/2021\/09\/IMG-20210912-WA0005.jpg?ssl=1\"><img data-recalc-dims=\"1\" loading=\"lazy\" decoding=\"async\" class=\"wp-image-223204 aligncenter\" src=\"https:\/\/i0.wp.com\/grundschule-homberg.de\/wp\/wp-content\/uploads\/2021\/09\/IMG-20210912-WA0005.jpg?resize=280%2C396&#038;ssl=1\" alt=\"\" width=\"280\" height=\"396\" srcset=\"https:\/\/i0.wp.com\/grundschule-homberg.de\/wp\/wp-content\/uploads\/2021\/09\/IMG-20210912-WA0005.jpg?resize=212%2C300&amp;ssl=1 212w, https:\/\/i0.wp.com\/grundschule-homberg.de\/wp\/wp-content\/uploads\/2021\/09\/IMG-20210912-WA0005.jpg?resize=724%2C1024&amp;ssl=1 724w, https:\/\/i0.wp.com\/grundschule-homberg.de\/wp\/wp-content\/uploads\/2021\/09\/IMG-20210912-WA0005.jpg?resize=106%2C150&amp;ssl=1 106w, https:\/\/i0.wp.com\/grundschule-homberg.de\/wp\/wp-content\/uploads\/2021\/09\/IMG-20210912-WA0005.jpg?resize=768%2C1086&amp;ssl=1 768w, https:\/\/i0.wp.com\/grundschule-homberg.de\/wp\/wp-content\/uploads\/2021\/09\/IMG-20210912-WA0005.jpg?w=905&amp;ssl=1 905w\" sizes=\"auto, (max-width: 280px) 100vw, 280px\" \/><\/a><\/p>\n","protected":false},"excerpt":{"rendered":"<p>Trotz des schlechten Wetters konnte die Elterninitiative in Kooperation mit dem Familienzentrum Homberg ihren ersten Outdoor-Flohmarkt an der Grundschule in Homberg als Erfolg verbuchen. Aufgrund des Regens hatten am Morgen noch viele Verk\u00e4ufer*innen kurzfristig ihren Stand abgemeldet. Dennoch fanden sich rund 20 Verk\u00e4ufer*innen auf dem Schulhof ein und verkauften erfolgreich unter Pavillons, Zelten und Schirmen &hellip; <a href=\"https:\/\/grundschule-homberg.de\/wp\/?p=223201\" class=\"more-link\"><span class=\"screen-reader-text\">Elterninitiative und Familienzentrum \u00fcbergeben Spende an den F\u00f6rderverein der Grundschule Homberg<\/span> weiterlesen <span class=\"meta-nav\">&rarr;<\/span><\/a><\/p>\n","protected":false},"author":2,"featured_media":221045,"comment_status":"closed","ping_status":"closed","sticky":false,"template":"","format":"standard","meta":{"ngg_post_thumbnail":0,"_jetpack_memberships_contains_paid_content":false,"footnotes":""},"categories":[1],"tags":[],"class_list":["post-223201","post","type-post","status-publish","format-standard","has-post-thumbnail","hentry","category-allgemein"],"jetpack_featured_media_url":"https:\/\/i0.wp.com\/grundschule-homberg.de\/wp\/wp-content\/uploads\/2017\/04\/F%C3%96-Logo.jpg?fit=300%2C300&ssl=1","jetpack_shortlink":"https:\/\/wp.me\/p3XuEZ-W41","jetpack-related-posts":[],"jetpack_sharing_enabled":true,"_links":{"self":[{"href":"https:\/\/grundschule-homberg.de\/wp\/index.php?rest_route=\/wp\/v2\/posts\/223201","targetHints":{"allow":["GET"]}}],"collection":[{"href":"https:\/\/grundschule-homberg.de\/wp\/index.php?rest_route=\/wp\/v2\/posts"}],"about":[{"href":"https:\/\/grundschule-homberg.de\/wp\/index.php?rest_route=\/wp\/v2\/types\/post"}],"author":[{"embeddable":true,"href":"https:\/\/grundschule-homberg.de\/wp\/index.php?rest_route=\/wp\/v2\/users\/2"}],"replies":[{"embeddable":true,"href":"https:\/\/grundschule-homberg.de\/wp\/index.php?rest_route=%2Fwp%2Fv2%2Fcomments&post=223201"}],"version-history":[{"count":3,"href":"https:\/\/grundschule-homberg.de\/wp\/index.php?rest_route=\/wp\/v2\/posts\/223201\/revisions"}],"predecessor-version":[{"id":223207,"href":"https:\/\/grundschule-homberg.de\/wp\/index.php?rest_route=\/wp\/v2\/posts\/223201\/revisions\/223207"}],"wp:featuredmedia":[{"embeddable":true,"href":"https:\/\/grundschule-homberg.de\/wp\/index.php?rest_route=\/wp\/v2\/media\/221045"}],"wp:attachment":[{"href":"https:\/\/grundschule-homberg.de\/wp\/index.php?rest_route=%2Fwp%2Fv2%2Fmedia&parent=223201"}],"wp:term":[{"taxonomy":"category","embeddable":true,"href":"https:\/\/grundschule-homberg.de\/wp\/index.php?rest_route=%2Fwp%2Fv2%2Fcategories&post=223201"},{"taxonomy":"post_tag","embeddable":true,"href":"https:\/\/grundschule-homberg.de\/wp\/index.php?rest_route=%2Fwp%2Fv2%2Ftags&post=223201"}],"curies":[{"name":"wp","href":"https:\/\/api.w.org\/{rel}","templated":true}]}}