{"id":223211,"date":"2021-09-20T10:29:32","date_gmt":"2021-09-20T08:29:32","guid":{"rendered":"https:\/\/grundschule-homberg.de\/wp\/?p=223211"},"modified":"2021-10-14T08:44:59","modified_gmt":"2021-10-14T06:44:59","slug":"foerderverein-mit-neuem-vorstand-2","status":"publish","type":"post","link":"https:\/\/grundschule-homberg.de\/wp\/?p=223211","title":{"rendered":"F\u00f6rderverein mit neuem Vorstand"},"content":{"rendered":"<p>An der Jahreshauptversammlung 2021 wurde der Vorstand unseres F\u00f6rdervereins neu gew\u00e4hlt. Vier Vorstandsmitglieder schieden aus: Ramona Berben, Yvonne Jung, Ina Moser und Daniela Weber.<\/p>\n<p>Nach den Neuwahlen geh\u00f6ren dem Vorstand an:<\/p>\n<p>Julia Braun-Seibert (1. Vorsitzende)<\/p>\n<p>Steffi Gr\u00fcnewald (2. Vorsitzende)<\/p>\n<p>Christina Nau (Rechnerin)&nbsp;<\/p>\n<p>Brigitte Biedenkapp (Schriftf\u00fchrerin)<\/p>\n<p>Carla Naumann (Beisitzerin)<\/p>\n<p>Nadine Gr\u00fcnberg (Beisitzerin)<\/p>\n<p>Eva Sartorius (Beisitzerin)<\/p>\n<p>Wir bedanken uns beim scheidenden Vorstand und w\u00fcnschen den neuen Mitgliedern viel Freude und Erfolg bei der neuen Aufgabe!<\/p>\n<p><a href=\"https:\/\/i0.wp.com\/grundschule-homberg.de\/wp\/wp-content\/uploads\/2021\/09\/IMG_20210910_213212-scaled.jpg?ssl=1\"><img data-recalc-dims=\"1\" loading=\"lazy\" decoding=\"async\" class=\"alignleft size-medium wp-image-223212\" src=\"https:\/\/i0.wp.com\/grundschule-homberg.de\/wp\/wp-content\/uploads\/2021\/09\/IMG_20210910_213212.jpg?resize=300%2C194&#038;ssl=1\" alt=\"\" width=\"300\" height=\"194\" srcset=\"https:\/\/i0.wp.com\/grundschule-homberg.de\/wp\/wp-content\/uploads\/2021\/09\/IMG_20210910_213212-scaled.jpg?resize=300%2C194&amp;ssl=1 300w, https:\/\/i0.wp.com\/grundschule-homberg.de\/wp\/wp-content\/uploads\/2021\/09\/IMG_20210910_213212-scaled.jpg?resize=1024%2C662&amp;ssl=1 1024w, https:\/\/i0.wp.com\/grundschule-homberg.de\/wp\/wp-content\/uploads\/2021\/09\/IMG_20210910_213212-scaled.jpg?resize=150%2C97&amp;ssl=1 150w, https:\/\/i0.wp.com\/grundschule-homberg.de\/wp\/wp-content\/uploads\/2021\/09\/IMG_20210910_213212-scaled.jpg?resize=768%2C497&amp;ssl=1 768w, https:\/\/i0.wp.com\/grundschule-homberg.de\/wp\/wp-content\/uploads\/2021\/09\/IMG_20210910_213212-scaled.jpg?resize=1536%2C993&amp;ssl=1 1536w, https:\/\/i0.wp.com\/grundschule-homberg.de\/wp\/wp-content\/uploads\/2021\/09\/IMG_20210910_213212-scaled.jpg?resize=2048%2C1324&amp;ssl=1 2048w, https:\/\/i0.wp.com\/grundschule-homberg.de\/wp\/wp-content\/uploads\/2021\/09\/IMG_20210910_213212-scaled.jpg?w=1208&amp;ssl=1 1208w, https:\/\/i0.wp.com\/grundschule-homberg.de\/wp\/wp-content\/uploads\/2021\/09\/IMG_20210910_213212-scaled.jpg?w=1812&amp;ssl=1 1812w\" sizes=\"auto, (max-width: 300px) 100vw, 300px\" \/><\/a><\/p>\n","protected":false},"excerpt":{"rendered":"<p>An der Jahreshauptversammlung 2021 wurde der Vorstand unseres F\u00f6rdervereins neu gew\u00e4hlt. Vier Vorstandsmitglieder schieden aus: Ramona Berben, Yvonne Jung, Ina Moser und Daniela Weber. Nach den Neuwahlen geh\u00f6ren dem Vorstand an: Julia Braun-Seibert (1. Vorsitzende) Steffi Gr\u00fcnewald (2. Vorsitzende) Christina Nau (Rechnerin)&nbsp; Brigitte Biedenkapp (Schriftf\u00fchrerin) Carla Naumann (Beisitzerin) Nadine Gr\u00fcnberg (Beisitzerin) Eva Sartorius (Beisitzerin) Wir &hellip; <a href=\"https:\/\/grundschule-homberg.de\/wp\/?p=223211\" class=\"more-link\"><span class=\"screen-reader-text\">F\u00f6rderverein mit neuem Vorstand<\/span> weiterlesen <span class=\"meta-nav\">&rarr;<\/span><\/a><\/p>\n","protected":false},"author":2,"featured_media":223212,"comment_status":"closed","ping_status":"closed","sticky":false,"template":"","format":"standard","meta":{"ngg_post_thumbnail":0,"_jetpack_memberships_contains_paid_content":false,"footnotes":""},"categories":[1],"tags":[],"class_list":["post-223211","post","type-post","status-publish","format-standard","has-post-thumbnail","hentry","category-allgemein"],"jetpack_featured_media_url":"https:\/\/i0.wp.com\/grundschule-homberg.de\/wp\/wp-content\/uploads\/2021\/09\/IMG_20210910_213212-scaled.jpg?fit=2560%2C1655&ssl=1?v=1632126531","jetpack_shortlink":"https:\/\/wp.me\/p3XuEZ-W4b","jetpack-related-posts":[],"jetpack_sharing_enabled":true,"_links":{"self":[{"href":"https:\/\/grundschule-homberg.de\/wp\/index.php?rest_route=\/wp\/v2\/posts\/223211","targetHints":{"allow":["GET"]}}],"collection":[{"href":"https:\/\/grundschule-homberg.de\/wp\/index.php?rest_route=\/wp\/v2\/posts"}],"about":[{"href":"https:\/\/grundschule-homberg.de\/wp\/index.php?rest_route=\/wp\/v2\/types\/post"}],"author":[{"embeddable":true,"href":"https:\/\/grundschule-homberg.de\/wp\/index.php?rest_route=\/wp\/v2\/users\/2"}],"replies":[{"embeddable":true,"href":"https:\/\/grundschule-homberg.de\/wp\/index.php?rest_route=%2Fwp%2Fv2%2Fcomments&post=223211"}],"version-history":[{"count":2,"href":"https:\/\/grundschule-homberg.de\/wp\/index.php?rest_route=\/wp\/v2\/posts\/223211\/revisions"}],"predecessor-version":[{"id":223314,"href":"https:\/\/grundschule-homberg.de\/wp\/index.php?rest_route=\/wp\/v2\/posts\/223211\/revisions\/223314"}],"wp:featuredmedia":[{"embeddable":true,"href":"https:\/\/grundschule-homberg.de\/wp\/index.php?rest_route=\/wp\/v2\/media\/223212"}],"wp:attachment":[{"href":"https:\/\/grundschule-homberg.de\/wp\/index.php?rest_route=%2Fwp%2Fv2%2Fmedia&parent=223211"}],"wp:term":[{"taxonomy":"category","embeddable":true,"href":"https:\/\/grundschule-homberg.de\/wp\/index.php?rest_route=%2Fwp%2Fv2%2Fcategories&post=223211"},{"taxonomy":"post_tag","embeddable":true,"href":"https:\/\/grundschule-homberg.de\/wp\/index.php?rest_route=%2Fwp%2Fv2%2Ftags&post=223211"}],"curies":[{"name":"wp","href":"https:\/\/api.w.org\/{rel}","templated":true}]}}