{"id":223305,"date":"2021-10-07T09:24:35","date_gmt":"2021-10-07T07:24:35","guid":{"rendered":"https:\/\/grundschule-homberg.de\/wp\/?p=223305"},"modified":"2021-10-07T09:32:21","modified_gmt":"2021-10-07T07:32:21","slug":"ausflug-zum-maislabyrinth","status":"publish","type":"post","link":"https:\/\/grundschule-homberg.de\/wp\/?p=223305","title":{"rendered":"Ausflug zum Maislabyrinth"},"content":{"rendered":"<p>Am 17.9.2021 haben wir einen Ausflug in das Maislabyrinth gemacht. Wir sind mit dem Bus nach Mardorf gefahren. Dort angekommen haben alle Kinder und Lehrerinnen erst mal das Maislabyrinth erkundet. Als dann alle Kinder und Lehrerinnen wieder drau\u00dfen waren, haben die Klassen 4a und 4b zusammen gefr\u00fchst\u00fcckt. Danach haben wir den Landwirt Alexander Rhiel getroffen und durften ihm ein paar Fragen zu seinem Maisfeld stellen z. B wie ein Maislabyrinth entsteht oder wie er auf die Idee gekommen ist, ein Maislabyrinth zu machen. Er hat uns alles sehr ausf\u00fchrlich erkl\u00e4rt und wir haben viel gelernt. Anschlie\u00dfend sind wir zur\u00fcck nach Schweinsberg gelaufen und haben zum Gl\u00fcck den Bus rechtzeitig erreicht. Dann sind wir mit dem Bus in die Schule gefahren.<\/p>\n<p>Es war ein sch\u00f6ner Tag!<\/p>\n<p>&nbsp;&nbsp;&nbsp;&nbsp;&nbsp;&nbsp;&nbsp;&nbsp;&nbsp;&nbsp;&nbsp;&nbsp;&nbsp;&nbsp;&nbsp;&nbsp;&nbsp;&nbsp;&nbsp;&nbsp;&nbsp;&nbsp;&nbsp;&nbsp;&nbsp;&nbsp;&nbsp;&nbsp;&nbsp;&nbsp;&nbsp;&nbsp;&nbsp;&nbsp;&nbsp;&nbsp;&nbsp;&nbsp;&nbsp;&nbsp;&nbsp;&nbsp;&nbsp;&nbsp;&nbsp;&nbsp;&nbsp;&nbsp;&nbsp;&nbsp;&nbsp;&nbsp;&nbsp;&nbsp;&nbsp;&nbsp;&nbsp;&nbsp;&nbsp;&nbsp;&nbsp;&nbsp;&nbsp;&nbsp;&nbsp;&nbsp;&nbsp;&nbsp;&nbsp;&nbsp;&nbsp;&nbsp;&nbsp;&nbsp;&nbsp;&nbsp;&nbsp;&nbsp; Lara-Lee Nitzel (4b) &amp; Kathleen M\u00fcller (4a)<a href=\"https:\/\/i0.wp.com\/grundschule-homberg.de\/wp\/wp-content\/uploads\/2021\/10\/2FC17CDD-DE68-42C7-B181-92AF0B629ECB-scaled.jpeg?ssl=1\"><img data-recalc-dims=\"1\" loading=\"lazy\" decoding=\"async\" class=\"size-medium wp-image-223306 aligncenter\" src=\"https:\/\/i0.wp.com\/grundschule-homberg.de\/wp\/wp-content\/uploads\/2021\/10\/2FC17CDD-DE68-42C7-B181-92AF0B629ECB.jpeg?resize=300%2C225&#038;ssl=1\" alt=\"\" width=\"300\" height=\"225\" srcset=\"https:\/\/i0.wp.com\/grundschule-homberg.de\/wp\/wp-content\/uploads\/2021\/10\/2FC17CDD-DE68-42C7-B181-92AF0B629ECB-scaled.jpeg?resize=300%2C225&amp;ssl=1 300w, https:\/\/i0.wp.com\/grundschule-homberg.de\/wp\/wp-content\/uploads\/2021\/10\/2FC17CDD-DE68-42C7-B181-92AF0B629ECB-scaled.jpeg?resize=1024%2C768&amp;ssl=1 1024w, https:\/\/i0.wp.com\/grundschule-homberg.de\/wp\/wp-content\/uploads\/2021\/10\/2FC17CDD-DE68-42C7-B181-92AF0B629ECB-scaled.jpeg?resize=150%2C113&amp;ssl=1 150w, https:\/\/i0.wp.com\/grundschule-homberg.de\/wp\/wp-content\/uploads\/2021\/10\/2FC17CDD-DE68-42C7-B181-92AF0B629ECB-scaled.jpeg?resize=768%2C576&amp;ssl=1 768w, https:\/\/i0.wp.com\/grundschule-homberg.de\/wp\/wp-content\/uploads\/2021\/10\/2FC17CDD-DE68-42C7-B181-92AF0B629ECB-scaled.jpeg?resize=1536%2C1152&amp;ssl=1 1536w, https:\/\/i0.wp.com\/grundschule-homberg.de\/wp\/wp-content\/uploads\/2021\/10\/2FC17CDD-DE68-42C7-B181-92AF0B629ECB-scaled.jpeg?resize=2048%2C1536&amp;ssl=1 2048w, https:\/\/i0.wp.com\/grundschule-homberg.de\/wp\/wp-content\/uploads\/2021\/10\/2FC17CDD-DE68-42C7-B181-92AF0B629ECB-scaled.jpeg?w=1208&amp;ssl=1 1208w, https:\/\/i0.wp.com\/grundschule-homberg.de\/wp\/wp-content\/uploads\/2021\/10\/2FC17CDD-DE68-42C7-B181-92AF0B629ECB-scaled.jpeg?w=1812&amp;ssl=1 1812w\" sizes=\"auto, (max-width: 300px) 100vw, 300px\" \/><\/a><\/p>\n","protected":false},"excerpt":{"rendered":"<p>Am 17.9.2021 haben wir einen Ausflug in das Maislabyrinth gemacht. Wir sind mit dem Bus nach Mardorf gefahren. Dort angekommen haben alle Kinder und Lehrerinnen erst mal das Maislabyrinth erkundet. Als dann alle Kinder und Lehrerinnen wieder drau\u00dfen waren, haben die Klassen 4a und 4b zusammen gefr\u00fchst\u00fcckt. Danach haben wir den Landwirt Alexander Rhiel getroffen &hellip; <a href=\"https:\/\/grundschule-homberg.de\/wp\/?p=223305\" class=\"more-link\"><span class=\"screen-reader-text\">Ausflug zum Maislabyrinth<\/span> weiterlesen <span class=\"meta-nav\">&rarr;<\/span><\/a><\/p>\n","protected":false},"author":2,"featured_media":223306,"comment_status":"closed","ping_status":"closed","sticky":false,"template":"","format":"standard","meta":{"ngg_post_thumbnail":0,"_jetpack_memberships_contains_paid_content":false,"footnotes":""},"categories":[1],"tags":[],"class_list":["post-223305","post","type-post","status-publish","format-standard","has-post-thumbnail","hentry","category-allgemein"],"jetpack_featured_media_url":"https:\/\/i0.wp.com\/grundschule-homberg.de\/wp\/wp-content\/uploads\/2021\/10\/2FC17CDD-DE68-42C7-B181-92AF0B629ECB-scaled.jpeg?fit=2560%2C1920&ssl=1?v=1633591360","jetpack_shortlink":"https:\/\/wp.me\/p3XuEZ-W5H","jetpack-related-posts":[],"jetpack_sharing_enabled":true,"_links":{"self":[{"href":"https:\/\/grundschule-homberg.de\/wp\/index.php?rest_route=\/wp\/v2\/posts\/223305","targetHints":{"allow":["GET"]}}],"collection":[{"href":"https:\/\/grundschule-homberg.de\/wp\/index.php?rest_route=\/wp\/v2\/posts"}],"about":[{"href":"https:\/\/grundschule-homberg.de\/wp\/index.php?rest_route=\/wp\/v2\/types\/post"}],"author":[{"embeddable":true,"href":"https:\/\/grundschule-homberg.de\/wp\/index.php?rest_route=\/wp\/v2\/users\/2"}],"replies":[{"embeddable":true,"href":"https:\/\/grundschule-homberg.de\/wp\/index.php?rest_route=%2Fwp%2Fv2%2Fcomments&post=223305"}],"version-history":[{"count":2,"href":"https:\/\/grundschule-homberg.de\/wp\/index.php?rest_route=\/wp\/v2\/posts\/223305\/revisions"}],"predecessor-version":[{"id":223308,"href":"https:\/\/grundschule-homberg.de\/wp\/index.php?rest_route=\/wp\/v2\/posts\/223305\/revisions\/223308"}],"wp:featuredmedia":[{"embeddable":true,"href":"https:\/\/grundschule-homberg.de\/wp\/index.php?rest_route=\/wp\/v2\/media\/223306"}],"wp:attachment":[{"href":"https:\/\/grundschule-homberg.de\/wp\/index.php?rest_route=%2Fwp%2Fv2%2Fmedia&parent=223305"}],"wp:term":[{"taxonomy":"category","embeddable":true,"href":"https:\/\/grundschule-homberg.de\/wp\/index.php?rest_route=%2Fwp%2Fv2%2Fcategories&post=223305"},{"taxonomy":"post_tag","embeddable":true,"href":"https:\/\/grundschule-homberg.de\/wp\/index.php?rest_route=%2Fwp%2Fv2%2Ftags&post=223305"}],"curies":[{"name":"wp","href":"https:\/\/api.w.org\/{rel}","templated":true}]}}