{"id":223412,"date":"2022-03-18T13:49:33","date_gmt":"2022-03-18T12:49:33","guid":{"rendered":"https:\/\/grundschule-homberg.de\/wp\/?p=223412"},"modified":"2022-03-18T13:49:33","modified_gmt":"2022-03-18T12:49:33","slug":"fundsachen-4","status":"publish","type":"post","link":"https:\/\/grundschule-homberg.de\/wp\/?p=223412","title":{"rendered":"Fundsachen"},"content":{"rendered":"<p>Es hat sich wieder eine enorme Menge an Fundsachen in unserer Grundschule und der Betreuung angesammelt. Alle Fundsachen (Kleidung, Schuhe, Sportbeutel etc.) liegen im Foyer der Grundschule aus.&nbsp;<\/p>\n<p><a href=\"https:\/\/i0.wp.com\/grundschule-homberg.de\/wp\/wp-content\/uploads\/2022\/03\/IMG_20220318_132544-scaled.jpg?ssl=1\"><img data-recalc-dims=\"1\" loading=\"lazy\" decoding=\"async\" class=\"alignright size-medium wp-image-223414\" src=\"https:\/\/i0.wp.com\/grundschule-homberg.de\/wp\/wp-content\/uploads\/2022\/03\/IMG_20220318_132544.jpg?resize=225%2C300&#038;ssl=1\" alt=\"\" width=\"225\" height=\"300\" srcset=\"https:\/\/i0.wp.com\/grundschule-homberg.de\/wp\/wp-content\/uploads\/2022\/03\/IMG_20220318_132544-scaled.jpg?resize=225%2C300&amp;ssl=1 225w, https:\/\/i0.wp.com\/grundschule-homberg.de\/wp\/wp-content\/uploads\/2022\/03\/IMG_20220318_132544-scaled.jpg?resize=768%2C1024&amp;ssl=1 768w, https:\/\/i0.wp.com\/grundschule-homberg.de\/wp\/wp-content\/uploads\/2022\/03\/IMG_20220318_132544-scaled.jpg?resize=113%2C150&amp;ssl=1 113w, https:\/\/i0.wp.com\/grundschule-homberg.de\/wp\/wp-content\/uploads\/2022\/03\/IMG_20220318_132544-scaled.jpg?resize=1152%2C1536&amp;ssl=1 1152w, https:\/\/i0.wp.com\/grundschule-homberg.de\/wp\/wp-content\/uploads\/2022\/03\/IMG_20220318_132544-scaled.jpg?resize=1536%2C2048&amp;ssl=1 1536w, https:\/\/i0.wp.com\/grundschule-homberg.de\/wp\/wp-content\/uploads\/2022\/03\/IMG_20220318_132544-scaled.jpg?w=1920&amp;ssl=1 1920w, https:\/\/i0.wp.com\/grundschule-homberg.de\/wp\/wp-content\/uploads\/2022\/03\/IMG_20220318_132544-scaled.jpg?w=1208&amp;ssl=1 1208w, https:\/\/i0.wp.com\/grundschule-homberg.de\/wp\/wp-content\/uploads\/2022\/03\/IMG_20220318_132544-scaled.jpg?w=1812&amp;ssl=1 1812w\" sizes=\"auto, (max-width: 225px) 100vw, 225px\" \/><\/a><\/p>\n<p>Bis Freitag, den 25.3.2022 k\u00f6nnen dort die eigenen Sachen abgeholt werden.&nbsp;<\/p>\n<p>Ab Montag. den 28.3.22 werden die \u00fcbrig gebliebenen St\u00fccke der Altkleidersammlung \u00fcbergeben.&nbsp;&nbsp;<\/p>\n","protected":false},"excerpt":{"rendered":"<p>Es hat sich wieder eine enorme Menge an Fundsachen in unserer Grundschule und der Betreuung angesammelt. Alle Fundsachen (Kleidung, Schuhe, Sportbeutel etc.) liegen im Foyer der Grundschule aus.&nbsp; Bis Freitag, den 25.3.2022 k\u00f6nnen dort die eigenen Sachen abgeholt werden.&nbsp; Ab Montag. den 28.3.22 werden die \u00fcbrig gebliebenen St\u00fccke der Altkleidersammlung \u00fcbergeben.&nbsp;&nbsp;<\/p>\n","protected":false},"author":2,"featured_media":223413,"comment_status":"closed","ping_status":"closed","sticky":false,"template":"","format":"standard","meta":{"ngg_post_thumbnail":0,"_jetpack_memberships_contains_paid_content":false,"footnotes":""},"categories":[1],"tags":[],"class_list":["post-223412","post","type-post","status-publish","format-standard","has-post-thumbnail","hentry","category-allgemein"],"jetpack_featured_media_url":"https:\/\/i0.wp.com\/grundschule-homberg.de\/wp\/wp-content\/uploads\/2022\/03\/IMG_20220318_132503-scaled.jpg?fit=2560%2C1920&ssl=1?v=1647607411","jetpack_shortlink":"https:\/\/wp.me\/p3XuEZ-W7q","jetpack-related-posts":[],"jetpack_sharing_enabled":true,"_links":{"self":[{"href":"https:\/\/grundschule-homberg.de\/wp\/index.php?rest_route=\/wp\/v2\/posts\/223412","targetHints":{"allow":["GET"]}}],"collection":[{"href":"https:\/\/grundschule-homberg.de\/wp\/index.php?rest_route=\/wp\/v2\/posts"}],"about":[{"href":"https:\/\/grundschule-homberg.de\/wp\/index.php?rest_route=\/wp\/v2\/types\/post"}],"author":[{"embeddable":true,"href":"https:\/\/grundschule-homberg.de\/wp\/index.php?rest_route=\/wp\/v2\/users\/2"}],"replies":[{"embeddable":true,"href":"https:\/\/grundschule-homberg.de\/wp\/index.php?rest_route=%2Fwp%2Fv2%2Fcomments&post=223412"}],"version-history":[{"count":1,"href":"https:\/\/grundschule-homberg.de\/wp\/index.php?rest_route=\/wp\/v2\/posts\/223412\/revisions"}],"predecessor-version":[{"id":223415,"href":"https:\/\/grundschule-homberg.de\/wp\/index.php?rest_route=\/wp\/v2\/posts\/223412\/revisions\/223415"}],"wp:featuredmedia":[{"embeddable":true,"href":"https:\/\/grundschule-homberg.de\/wp\/index.php?rest_route=\/wp\/v2\/media\/223413"}],"wp:attachment":[{"href":"https:\/\/grundschule-homberg.de\/wp\/index.php?rest_route=%2Fwp%2Fv2%2Fmedia&parent=223412"}],"wp:term":[{"taxonomy":"category","embeddable":true,"href":"https:\/\/grundschule-homberg.de\/wp\/index.php?rest_route=%2Fwp%2Fv2%2Fcategories&post=223412"},{"taxonomy":"post_tag","embeddable":true,"href":"https:\/\/grundschule-homberg.de\/wp\/index.php?rest_route=%2Fwp%2Fv2%2Ftags&post=223412"}],"curies":[{"name":"wp","href":"https:\/\/api.w.org\/{rel}","templated":true}]}}