{"id":223417,"date":"2022-03-23T10:46:48","date_gmt":"2022-03-23T09:46:48","guid":{"rendered":"https:\/\/grundschule-homberg.de\/wp\/?p=223417"},"modified":"2022-04-04T11:15:30","modified_gmt":"2022-04-04T09:15:30","slug":"lesewoche-an-der-grundschule","status":"publish","type":"post","link":"https:\/\/grundschule-homberg.de\/wp\/?p=223417","title":{"rendered":"Lesewoche: 769\u20ac Erl\u00f6s vom B\u00fccherflohmarkt"},"content":{"rendered":"<p>In der Woche vom 21. &#8211; 25. M\u00e4rz 2022 steht das Lesen im Mittelpunkt an der Grundschule Homberg. Die Klassen arbeiten an eigenen Projekten zum Thema Lesen wie die Vorstellung von Lieblingsb\u00fcchern, gemeinsames Lesen und Vorlesen von Kinder- und Bilderb\u00fcchern und die Umsetzung von Literatur durch vielf\u00e4ltige Gestaltungsideen. Bei allen Projekten steht aber die Freude am Lesen im Vordergrund.&nbsp;<\/p>\n<p>Ausstellung der Projektarbeiten der vierten Klassen:<\/p>\n<p><a style=\"color: #ffffff; text-decoration-line: underline; outline: 0px;\" href=\"https:\/\/i0.wp.com\/grundschule-homberg.de\/wp\/wp-content\/uploads\/2022\/03\/48E61F1B-849C-46A0-92F8-122DFCD798F4-scaled.jpeg?ssl=1\"><img data-recalc-dims=\"1\" loading=\"lazy\" decoding=\"async\" class=\"size-medium wp-image-223455\" src=\"https:\/\/i0.wp.com\/grundschule-homberg.de\/wp\/wp-content\/uploads\/2022\/03\/48E61F1B-849C-46A0-92F8-122DFCD798F4.jpeg?resize=300%2C225&#038;ssl=1\" alt=\"\" width=\"300\" height=\"225\" srcset=\"https:\/\/i0.wp.com\/grundschule-homberg.de\/wp\/wp-content\/uploads\/2022\/03\/48E61F1B-849C-46A0-92F8-122DFCD798F4-scaled.jpeg?resize=300%2C225&amp;ssl=1 300w, https:\/\/i0.wp.com\/grundschule-homberg.de\/wp\/wp-content\/uploads\/2022\/03\/48E61F1B-849C-46A0-92F8-122DFCD798F4-scaled.jpeg?resize=1024%2C768&amp;ssl=1 1024w, https:\/\/i0.wp.com\/grundschule-homberg.de\/wp\/wp-content\/uploads\/2022\/03\/48E61F1B-849C-46A0-92F8-122DFCD798F4-scaled.jpeg?resize=150%2C113&amp;ssl=1 150w, https:\/\/i0.wp.com\/grundschule-homberg.de\/wp\/wp-content\/uploads\/2022\/03\/48E61F1B-849C-46A0-92F8-122DFCD798F4-scaled.jpeg?resize=768%2C576&amp;ssl=1 768w, https:\/\/i0.wp.com\/grundschule-homberg.de\/wp\/wp-content\/uploads\/2022\/03\/48E61F1B-849C-46A0-92F8-122DFCD798F4-scaled.jpeg?resize=1536%2C1152&amp;ssl=1 1536w, https:\/\/i0.wp.com\/grundschule-homberg.de\/wp\/wp-content\/uploads\/2022\/03\/48E61F1B-849C-46A0-92F8-122DFCD798F4-scaled.jpeg?resize=2048%2C1536&amp;ssl=1 2048w, https:\/\/i0.wp.com\/grundschule-homberg.de\/wp\/wp-content\/uploads\/2022\/03\/48E61F1B-849C-46A0-92F8-122DFCD798F4-scaled.jpeg?w=1208&amp;ssl=1 1208w, https:\/\/i0.wp.com\/grundschule-homberg.de\/wp\/wp-content\/uploads\/2022\/03\/48E61F1B-849C-46A0-92F8-122DFCD798F4-scaled.jpeg?w=1812&amp;ssl=1 1812w\" sizes=\"auto, (max-width: 300px) 100vw, 300px\" \/><\/a><a href=\"https:\/\/i0.wp.com\/grundschule-homberg.de\/wp\/wp-content\/uploads\/2022\/03\/A9F14104-12E0-4411-9280-2F64819878CF-scaled.jpeg?ssl=1\"><img data-recalc-dims=\"1\" loading=\"lazy\" decoding=\"async\" class=\"size-medium wp-image-223457 alignright\" src=\"https:\/\/i0.wp.com\/grundschule-homberg.de\/wp\/wp-content\/uploads\/2022\/03\/A9F14104-12E0-4411-9280-2F64819878CF.jpeg?resize=225%2C300&#038;ssl=1\" alt=\"\" width=\"225\" height=\"300\" srcset=\"https:\/\/i0.wp.com\/grundschule-homberg.de\/wp\/wp-content\/uploads\/2022\/03\/A9F14104-12E0-4411-9280-2F64819878CF-scaled.jpeg?resize=225%2C300&amp;ssl=1 225w, https:\/\/i0.wp.com\/grundschule-homberg.de\/wp\/wp-content\/uploads\/2022\/03\/A9F14104-12E0-4411-9280-2F64819878CF-scaled.jpeg?resize=768%2C1024&amp;ssl=1 768w, https:\/\/i0.wp.com\/grundschule-homberg.de\/wp\/wp-content\/uploads\/2022\/03\/A9F14104-12E0-4411-9280-2F64819878CF-scaled.jpeg?resize=113%2C150&amp;ssl=1 113w, https:\/\/i0.wp.com\/grundschule-homberg.de\/wp\/wp-content\/uploads\/2022\/03\/A9F14104-12E0-4411-9280-2F64819878CF-scaled.jpeg?resize=1152%2C1536&amp;ssl=1 1152w, https:\/\/i0.wp.com\/grundschule-homberg.de\/wp\/wp-content\/uploads\/2022\/03\/A9F14104-12E0-4411-9280-2F64819878CF-scaled.jpeg?resize=1536%2C2048&amp;ssl=1 1536w, https:\/\/i0.wp.com\/grundschule-homberg.de\/wp\/wp-content\/uploads\/2022\/03\/A9F14104-12E0-4411-9280-2F64819878CF-scaled.jpeg?w=1920&amp;ssl=1 1920w, https:\/\/i0.wp.com\/grundschule-homberg.de\/wp\/wp-content\/uploads\/2022\/03\/A9F14104-12E0-4411-9280-2F64819878CF-scaled.jpeg?w=1208&amp;ssl=1 1208w, https:\/\/i0.wp.com\/grundschule-homberg.de\/wp\/wp-content\/uploads\/2022\/03\/A9F14104-12E0-4411-9280-2F64819878CF-scaled.jpeg?w=1812&amp;ssl=1 1812w\" sizes=\"auto, (max-width: 225px) 100vw, 225px\" \/><\/a><\/p>\n<p>&nbsp;<\/p>\n<p><a href=\"https:\/\/i0.wp.com\/grundschule-homberg.de\/wp\/wp-content\/uploads\/2022\/03\/781DCD78-54D1-4AF8-8E6F-0B09053F3A0E-scaled.jpeg?ssl=1\"><img data-recalc-dims=\"1\" loading=\"lazy\" decoding=\"async\" class=\"size-medium wp-image-223456\" src=\"https:\/\/i0.wp.com\/grundschule-homberg.de\/wp\/wp-content\/uploads\/2022\/03\/781DCD78-54D1-4AF8-8E6F-0B09053F3A0E.jpeg?resize=300%2C225&#038;ssl=1\" alt=\"\" width=\"300\" height=\"225\" srcset=\"https:\/\/i0.wp.com\/grundschule-homberg.de\/wp\/wp-content\/uploads\/2022\/03\/781DCD78-54D1-4AF8-8E6F-0B09053F3A0E-scaled.jpeg?resize=300%2C225&amp;ssl=1 300w, https:\/\/i0.wp.com\/grundschule-homberg.de\/wp\/wp-content\/uploads\/2022\/03\/781DCD78-54D1-4AF8-8E6F-0B09053F3A0E-scaled.jpeg?resize=1024%2C768&amp;ssl=1 1024w, https:\/\/i0.wp.com\/grundschule-homberg.de\/wp\/wp-content\/uploads\/2022\/03\/781DCD78-54D1-4AF8-8E6F-0B09053F3A0E-scaled.jpeg?resize=150%2C113&amp;ssl=1 150w, https:\/\/i0.wp.com\/grundschule-homberg.de\/wp\/wp-content\/uploads\/2022\/03\/781DCD78-54D1-4AF8-8E6F-0B09053F3A0E-scaled.jpeg?resize=768%2C576&amp;ssl=1 768w, https:\/\/i0.wp.com\/grundschule-homberg.de\/wp\/wp-content\/uploads\/2022\/03\/781DCD78-54D1-4AF8-8E6F-0B09053F3A0E-scaled.jpeg?resize=1536%2C1152&amp;ssl=1 1536w, https:\/\/i0.wp.com\/grundschule-homberg.de\/wp\/wp-content\/uploads\/2022\/03\/781DCD78-54D1-4AF8-8E6F-0B09053F3A0E-scaled.jpeg?resize=2048%2C1536&amp;ssl=1 2048w, https:\/\/i0.wp.com\/grundschule-homberg.de\/wp\/wp-content\/uploads\/2022\/03\/781DCD78-54D1-4AF8-8E6F-0B09053F3A0E-scaled.jpeg?w=1208&amp;ssl=1 1208w, https:\/\/i0.wp.com\/grundschule-homberg.de\/wp\/wp-content\/uploads\/2022\/03\/781DCD78-54D1-4AF8-8E6F-0B09053F3A0E-scaled.jpeg?w=1812&amp;ssl=1 1812w\" sizes=\"auto, (max-width: 300px) 100vw, 300px\" \/><\/a><\/p>\n<p>&nbsp;<\/p>\n<p>Neben den Klassenprojekten steht f\u00fcr alle ein Besuch der Stadt- und Schulbibliothek an.<a href=\"https:\/\/i0.wp.com\/grundschule-homberg.de\/wp\/wp-content\/uploads\/2022\/03\/Bibliothek1.jpg?ssl=1\"><img data-recalc-dims=\"1\" loading=\"lazy\" decoding=\"async\" class=\"size-medium wp-image-223432 alignnone\" src=\"https:\/\/i0.wp.com\/grundschule-homberg.de\/wp\/wp-content\/uploads\/2022\/03\/Bibliothek1.jpg?resize=300%2C225&#038;ssl=1\" alt=\"\" width=\"300\" height=\"225\" srcset=\"https:\/\/i0.wp.com\/grundschule-homberg.de\/wp\/wp-content\/uploads\/2022\/03\/Bibliothek1.jpg?resize=300%2C225&amp;ssl=1 300w, https:\/\/i0.wp.com\/grundschule-homberg.de\/wp\/wp-content\/uploads\/2022\/03\/Bibliothek1.jpg?resize=1024%2C768&amp;ssl=1 1024w, https:\/\/i0.wp.com\/grundschule-homberg.de\/wp\/wp-content\/uploads\/2022\/03\/Bibliothek1.jpg?resize=150%2C113&amp;ssl=1 150w, https:\/\/i0.wp.com\/grundschule-homberg.de\/wp\/wp-content\/uploads\/2022\/03\/Bibliothek1.jpg?resize=768%2C576&amp;ssl=1 768w, https:\/\/i0.wp.com\/grundschule-homberg.de\/wp\/wp-content\/uploads\/2022\/03\/Bibliothek1.jpg?w=1280&amp;ssl=1 1280w, https:\/\/i0.wp.com\/grundschule-homberg.de\/wp\/wp-content\/uploads\/2022\/03\/Bibliothek1.jpg?w=1208&amp;ssl=1 1208w\" sizes=\"auto, (max-width: 300px) 100vw, 300px\" \/><\/a><a href=\"https:\/\/i0.wp.com\/grundschule-homberg.de\/wp\/wp-content\/uploads\/2022\/03\/Bibliothek2.jpg?ssl=1\"><img data-recalc-dims=\"1\" loading=\"lazy\" decoding=\"async\" class=\"size-medium wp-image-223433 alignright\" src=\"https:\/\/i0.wp.com\/grundschule-homberg.de\/wp\/wp-content\/uploads\/2022\/03\/Bibliothek2.jpg?resize=300%2C225&#038;ssl=1\" alt=\"\" width=\"300\" height=\"225\" srcset=\"https:\/\/i0.wp.com\/grundschule-homberg.de\/wp\/wp-content\/uploads\/2022\/03\/Bibliothek2.jpg?resize=300%2C225&amp;ssl=1 300w, https:\/\/i0.wp.com\/grundschule-homberg.de\/wp\/wp-content\/uploads\/2022\/03\/Bibliothek2.jpg?resize=1024%2C768&amp;ssl=1 1024w, https:\/\/i0.wp.com\/grundschule-homberg.de\/wp\/wp-content\/uploads\/2022\/03\/Bibliothek2.jpg?resize=150%2C113&amp;ssl=1 150w, https:\/\/i0.wp.com\/grundschule-homberg.de\/wp\/wp-content\/uploads\/2022\/03\/Bibliothek2.jpg?resize=768%2C576&amp;ssl=1 768w, https:\/\/i0.wp.com\/grundschule-homberg.de\/wp\/wp-content\/uploads\/2022\/03\/Bibliothek2.jpg?w=1280&amp;ssl=1 1280w, https:\/\/i0.wp.com\/grundschule-homberg.de\/wp\/wp-content\/uploads\/2022\/03\/Bibliothek2.jpg?w=1208&amp;ssl=1 1208w\" sizes=\"auto, (max-width: 300px) 100vw, 300px\" \/><\/a><\/p>\n<p>&nbsp;<\/p>\n<p>&nbsp;<\/p>\n<p style=\"text-align: left;\">&nbsp;<\/p>\n<p>&nbsp;<\/p>\n<p>&nbsp;<\/p>\n<p>Au\u00dferdem wurde durch reichliche B\u00fccherspenden ein gro\u00dfer B\u00fccherflohmarkt eingerichtet. Hier k\u00f6nnen sich die Kinder nach Herzenslust mit neuem Lesestoff zu kleinem Preis versorgen. Der Reinerl\u00f6s&nbsp; des B\u00fccherflohmarktes \u00fcber 769 \u20ac kommt SOS-Kinderd\u00f6rfern in der Ukraine zugute, die jetzt auch durch den Krieg bedroht sind. &nbsp; &nbsp;<a href=\"https:\/\/i0.wp.com\/grundschule-homberg.de\/wp\/wp-content\/uploads\/2022\/03\/Flag_of_Ukraine.svg.webp?ssl=1\"><img data-recalc-dims=\"1\" loading=\"lazy\" decoding=\"async\" class=\"wp-image-223409 alignnone\" src=\"https:\/\/i0.wp.com\/grundschule-homberg.de\/wp\/wp-content\/uploads\/2022\/03\/Flag_of_Ukraine.svg.webp?resize=59%2C39&#038;ssl=1\" alt=\"\" width=\"59\" height=\"39\" srcset=\"https:\/\/i0.wp.com\/grundschule-homberg.de\/wp\/wp-content\/uploads\/2022\/03\/Flag_of_Ukraine.svg.webp?resize=300%2C200&amp;ssl=1 300w, https:\/\/i0.wp.com\/grundschule-homberg.de\/wp\/wp-content\/uploads\/2022\/03\/Flag_of_Ukraine.svg.webp?resize=1024%2C683&amp;ssl=1 1024w, https:\/\/i0.wp.com\/grundschule-homberg.de\/wp\/wp-content\/uploads\/2022\/03\/Flag_of_Ukraine.svg.webp?resize=150%2C100&amp;ssl=1 150w, https:\/\/i0.wp.com\/grundschule-homberg.de\/wp\/wp-content\/uploads\/2022\/03\/Flag_of_Ukraine.svg.webp?resize=768%2C512&amp;ssl=1 768w, https:\/\/i0.wp.com\/grundschule-homberg.de\/wp\/wp-content\/uploads\/2022\/03\/Flag_of_Ukraine.svg.webp?resize=1536%2C1024&amp;ssl=1 1536w, https:\/\/i0.wp.com\/grundschule-homberg.de\/wp\/wp-content\/uploads\/2022\/03\/Flag_of_Ukraine.svg.webp?w=1920&amp;ssl=1 1920w, https:\/\/i0.wp.com\/grundschule-homberg.de\/wp\/wp-content\/uploads\/2022\/03\/Flag_of_Ukraine.svg.webp?w=1208&amp;ssl=1 1208w, https:\/\/i0.wp.com\/grundschule-homberg.de\/wp\/wp-content\/uploads\/2022\/03\/Flag_of_Ukraine.svg.webp?w=1812&amp;ssl=1 1812w\" sizes=\"auto, (max-width: 59px) 100vw, 59px\" \/><\/a><\/p>\n<p><a href=\"https:\/\/i0.wp.com\/grundschule-homberg.de\/wp\/wp-content\/uploads\/2022\/03\/Herunterladen-1.jpg?ssl=1\"><img data-recalc-dims=\"1\" loading=\"lazy\" decoding=\"async\" class=\"size-medium wp-image-223452 alignleft\" src=\"https:\/\/i0.wp.com\/grundschule-homberg.de\/wp\/wp-content\/uploads\/2022\/03\/Herunterladen-1.jpg?resize=300%2C224&#038;ssl=1\" alt=\"\" width=\"300\" height=\"224\" srcset=\"https:\/\/i0.wp.com\/grundschule-homberg.de\/wp\/wp-content\/uploads\/2022\/03\/Herunterladen-1.jpg?resize=300%2C224&amp;ssl=1 300w, https:\/\/i0.wp.com\/grundschule-homberg.de\/wp\/wp-content\/uploads\/2022\/03\/Herunterladen-1.jpg?resize=1024%2C766&amp;ssl=1 1024w, https:\/\/i0.wp.com\/grundschule-homberg.de\/wp\/wp-content\/uploads\/2022\/03\/Herunterladen-1.jpg?resize=150%2C112&amp;ssl=1 150w, https:\/\/i0.wp.com\/grundschule-homberg.de\/wp\/wp-content\/uploads\/2022\/03\/Herunterladen-1.jpg?resize=768%2C575&amp;ssl=1 768w, https:\/\/i0.wp.com\/grundschule-homberg.de\/wp\/wp-content\/uploads\/2022\/03\/Herunterladen-1.jpg?resize=1536%2C1149&amp;ssl=1 1536w, https:\/\/i0.wp.com\/grundschule-homberg.de\/wp\/wp-content\/uploads\/2022\/03\/Herunterladen-1.jpg?w=1600&amp;ssl=1 1600w, https:\/\/i0.wp.com\/grundschule-homberg.de\/wp\/wp-content\/uploads\/2022\/03\/Herunterladen-1.jpg?w=1208&amp;ssl=1 1208w\" sizes=\"auto, (max-width: 300px) 100vw, 300px\" \/><\/a><\/p>\n<p>&nbsp;<\/p>\n<p>&nbsp;<\/p>\n<p>&nbsp;<\/p>\n<p>&nbsp;<\/p>\n<p>&nbsp;<\/p>\n<p>H\u00f6hepunkt der Woche ist die Autorenlesung am Freitag. Der Kinderbuchautor Sven Gerhardt liest f\u00fcr die Kinder aus seinen neusten Kinderb\u00fcchern vor. Im Anschluss daran d\u00fcrfen die Sch\u00fclerinnen und Sch\u00fcler noch Fragen stellen und Autogramme einholen.<a href=\"https:\/\/i0.wp.com\/grundschule-homberg.de\/wp\/wp-content\/uploads\/2022\/03\/64560DC2-BE99-4FB8-953A-676A8445A109-scaled.jpeg?ssl=1\"><img data-recalc-dims=\"1\" loading=\"lazy\" decoding=\"async\" class=\"alignright size-medium wp-image-223449\" src=\"https:\/\/i0.wp.com\/grundschule-homberg.de\/wp\/wp-content\/uploads\/2022\/03\/64560DC2-BE99-4FB8-953A-676A8445A109.jpeg?resize=300%2C238&#038;ssl=1\" alt=\"\" width=\"300\" height=\"238\" srcset=\"https:\/\/i0.wp.com\/grundschule-homberg.de\/wp\/wp-content\/uploads\/2022\/03\/64560DC2-BE99-4FB8-953A-676A8445A109-scaled.jpeg?resize=300%2C238&amp;ssl=1 300w, https:\/\/i0.wp.com\/grundschule-homberg.de\/wp\/wp-content\/uploads\/2022\/03\/64560DC2-BE99-4FB8-953A-676A8445A109-scaled.jpeg?resize=1024%2C813&amp;ssl=1 1024w, https:\/\/i0.wp.com\/grundschule-homberg.de\/wp\/wp-content\/uploads\/2022\/03\/64560DC2-BE99-4FB8-953A-676A8445A109-scaled.jpeg?resize=150%2C119&amp;ssl=1 150w, https:\/\/i0.wp.com\/grundschule-homberg.de\/wp\/wp-content\/uploads\/2022\/03\/64560DC2-BE99-4FB8-953A-676A8445A109-scaled.jpeg?resize=768%2C610&amp;ssl=1 768w, https:\/\/i0.wp.com\/grundschule-homberg.de\/wp\/wp-content\/uploads\/2022\/03\/64560DC2-BE99-4FB8-953A-676A8445A109-scaled.jpeg?resize=1536%2C1220&amp;ssl=1 1536w, https:\/\/i0.wp.com\/grundschule-homberg.de\/wp\/wp-content\/uploads\/2022\/03\/64560DC2-BE99-4FB8-953A-676A8445A109-scaled.jpeg?resize=2048%2C1626&amp;ssl=1 2048w, https:\/\/i0.wp.com\/grundschule-homberg.de\/wp\/wp-content\/uploads\/2022\/03\/64560DC2-BE99-4FB8-953A-676A8445A109-scaled.jpeg?w=1208&amp;ssl=1 1208w, https:\/\/i0.wp.com\/grundschule-homberg.de\/wp\/wp-content\/uploads\/2022\/03\/64560DC2-BE99-4FB8-953A-676A8445A109-scaled.jpeg?w=1812&amp;ssl=1 1812w\" sizes=\"auto, (max-width: 300px) 100vw, 300px\" \/><\/a><\/p>\n<p><a href=\"https:\/\/i0.wp.com\/grundschule-homberg.de\/wp\/wp-content\/uploads\/2022\/03\/78554ADE-A387-4C60-8296-38319AEB7DFB-scaled.jpeg?ssl=1\"><img data-recalc-dims=\"1\" loading=\"lazy\" decoding=\"async\" class=\"size-medium wp-image-223450 alignleft\" src=\"https:\/\/i0.wp.com\/grundschule-homberg.de\/wp\/wp-content\/uploads\/2022\/03\/78554ADE-A387-4C60-8296-38319AEB7DFB.jpeg?resize=225%2C300&#038;ssl=1\" alt=\"\" width=\"225\" height=\"300\" srcset=\"https:\/\/i0.wp.com\/grundschule-homberg.de\/wp\/wp-content\/uploads\/2022\/03\/78554ADE-A387-4C60-8296-38319AEB7DFB-scaled.jpeg?resize=225%2C300&amp;ssl=1 225w, https:\/\/i0.wp.com\/grundschule-homberg.de\/wp\/wp-content\/uploads\/2022\/03\/78554ADE-A387-4C60-8296-38319AEB7DFB-scaled.jpeg?resize=768%2C1024&amp;ssl=1 768w, https:\/\/i0.wp.com\/grundschule-homberg.de\/wp\/wp-content\/uploads\/2022\/03\/78554ADE-A387-4C60-8296-38319AEB7DFB-scaled.jpeg?resize=113%2C150&amp;ssl=1 113w, https:\/\/i0.wp.com\/grundschule-homberg.de\/wp\/wp-content\/uploads\/2022\/03\/78554ADE-A387-4C60-8296-38319AEB7DFB-scaled.jpeg?resize=1152%2C1536&amp;ssl=1 1152w, https:\/\/i0.wp.com\/grundschule-homberg.de\/wp\/wp-content\/uploads\/2022\/03\/78554ADE-A387-4C60-8296-38319AEB7DFB-scaled.jpeg?resize=1536%2C2048&amp;ssl=1 1536w, https:\/\/i0.wp.com\/grundschule-homberg.de\/wp\/wp-content\/uploads\/2022\/03\/78554ADE-A387-4C60-8296-38319AEB7DFB-scaled.jpeg?w=1920&amp;ssl=1 1920w, https:\/\/i0.wp.com\/grundschule-homberg.de\/wp\/wp-content\/uploads\/2022\/03\/78554ADE-A387-4C60-8296-38319AEB7DFB-scaled.jpeg?w=1208&amp;ssl=1 1208w, https:\/\/i0.wp.com\/grundschule-homberg.de\/wp\/wp-content\/uploads\/2022\/03\/78554ADE-A387-4C60-8296-38319AEB7DFB-scaled.jpeg?w=1812&amp;ssl=1 1812w\" sizes=\"auto, (max-width: 225px) 100vw, 225px\" \/><\/a><\/p>\n<p><a href=\"https:\/\/i0.wp.com\/grundschule-homberg.de\/wp\/wp-content\/uploads\/2022\/03\/8148F983-BA0F-4FB0-A845-1C0FCAE1B92F-scaled.jpeg?ssl=1\"><img data-recalc-dims=\"1\" loading=\"lazy\" decoding=\"async\" class=\"alignright size-medium wp-image-223448\" src=\"https:\/\/i0.wp.com\/grundschule-homberg.de\/wp\/wp-content\/uploads\/2022\/03\/8148F983-BA0F-4FB0-A845-1C0FCAE1B92F.jpeg?resize=298%2C300&#038;ssl=1\" alt=\"\" width=\"298\" height=\"300\" srcset=\"https:\/\/i0.wp.com\/grundschule-homberg.de\/wp\/wp-content\/uploads\/2022\/03\/8148F983-BA0F-4FB0-A845-1C0FCAE1B92F-scaled.jpeg?resize=298%2C300&amp;ssl=1 298w, https:\/\/i0.wp.com\/grundschule-homberg.de\/wp\/wp-content\/uploads\/2022\/03\/8148F983-BA0F-4FB0-A845-1C0FCAE1B92F-scaled.jpeg?resize=1017%2C1024&amp;ssl=1 1017w, https:\/\/i0.wp.com\/grundschule-homberg.de\/wp\/wp-content\/uploads\/2022\/03\/8148F983-BA0F-4FB0-A845-1C0FCAE1B92F-scaled.jpeg?resize=150%2C150&amp;ssl=1 150w, https:\/\/i0.wp.com\/grundschule-homberg.de\/wp\/wp-content\/uploads\/2022\/03\/8148F983-BA0F-4FB0-A845-1C0FCAE1B92F-scaled.jpeg?resize=768%2C773&amp;ssl=1 768w, https:\/\/i0.wp.com\/grundschule-homberg.de\/wp\/wp-content\/uploads\/2022\/03\/8148F983-BA0F-4FB0-A845-1C0FCAE1B92F-scaled.jpeg?resize=1525%2C1536&amp;ssl=1 1525w, https:\/\/i0.wp.com\/grundschule-homberg.de\/wp\/wp-content\/uploads\/2022\/03\/8148F983-BA0F-4FB0-A845-1C0FCAE1B92F-scaled.jpeg?resize=2034%2C2048&amp;ssl=1 2034w, https:\/\/i0.wp.com\/grundschule-homberg.de\/wp\/wp-content\/uploads\/2022\/03\/8148F983-BA0F-4FB0-A845-1C0FCAE1B92F-scaled.jpeg?w=1208&amp;ssl=1 1208w, https:\/\/i0.wp.com\/grundschule-homberg.de\/wp\/wp-content\/uploads\/2022\/03\/8148F983-BA0F-4FB0-A845-1C0FCAE1B92F-scaled.jpeg?w=1812&amp;ssl=1 1812w\" sizes=\"auto, (max-width: 298px) 100vw, 298px\" \/><\/a> <a href=\"https:\/\/i0.wp.com\/grundschule-homberg.de\/wp\/wp-content\/uploads\/2022\/03\/Herunterladen.jpg?ssl=1\"><img data-recalc-dims=\"1\" loading=\"lazy\" decoding=\"async\" class=\"alignright size-medium wp-image-223453\" src=\"https:\/\/i0.wp.com\/grundschule-homberg.de\/wp\/wp-content\/uploads\/2022\/03\/Herunterladen.jpg?resize=225%2C300&#038;ssl=1\" alt=\"\" width=\"225\" height=\"300\" srcset=\"https:\/\/i0.wp.com\/grundschule-homberg.de\/wp\/wp-content\/uploads\/2022\/03\/Herunterladen.jpg?resize=225%2C300&amp;ssl=1 225w, https:\/\/i0.wp.com\/grundschule-homberg.de\/wp\/wp-content\/uploads\/2022\/03\/Herunterladen.jpg?resize=768%2C1024&amp;ssl=1 768w, https:\/\/i0.wp.com\/grundschule-homberg.de\/wp\/wp-content\/uploads\/2022\/03\/Herunterladen.jpg?resize=113%2C150&amp;ssl=1 113w, https:\/\/i0.wp.com\/grundschule-homberg.de\/wp\/wp-content\/uploads\/2022\/03\/Herunterladen.jpg?w=960&amp;ssl=1 960w\" sizes=\"auto, (max-width: 225px) 100vw, 225px\" \/><\/a><\/p>\n","protected":false},"excerpt":{"rendered":"<p>In der Woche vom 21. &#8211; 25. M\u00e4rz 2022 steht das Lesen im Mittelpunkt an der Grundschule Homberg. Die Klassen arbeiten an eigenen Projekten zum Thema Lesen wie die Vorstellung von Lieblingsb\u00fcchern, gemeinsames Lesen und Vorlesen von Kinder- und Bilderb\u00fcchern und die Umsetzung von Literatur durch vielf\u00e4ltige Gestaltungsideen. Bei allen Projekten steht aber die Freude &hellip; <a href=\"https:\/\/grundschule-homberg.de\/wp\/?p=223417\" class=\"more-link\"><span class=\"screen-reader-text\">Lesewoche: 769\u20ac Erl\u00f6s vom B\u00fccherflohmarkt<\/span> weiterlesen <span class=\"meta-nav\">&rarr;<\/span><\/a><\/p>\n","protected":false},"author":2,"featured_media":223436,"comment_status":"closed","ping_status":"closed","sticky":false,"template":"","format":"standard","meta":{"ngg_post_thumbnail":0,"_jetpack_memberships_contains_paid_content":false,"footnotes":""},"categories":[1],"tags":[],"class_list":["post-223417","post","type-post","status-publish","format-standard","has-post-thumbnail","hentry","category-allgemein"],"jetpack_featured_media_url":"https:\/\/i0.wp.com\/grundschule-homberg.de\/wp\/wp-content\/uploads\/2022\/03\/Bibliothek-3.jpg?fit=1443%2C1066&ssl=1?v=1648121056","jetpack_shortlink":"https:\/\/wp.me\/p3XuEZ-W7v","jetpack-related-posts":[],"jetpack_sharing_enabled":true,"_links":{"self":[{"href":"https:\/\/grundschule-homberg.de\/wp\/index.php?rest_route=\/wp\/v2\/posts\/223417","targetHints":{"allow":["GET"]}}],"collection":[{"href":"https:\/\/grundschule-homberg.de\/wp\/index.php?rest_route=\/wp\/v2\/posts"}],"about":[{"href":"https:\/\/grundschule-homberg.de\/wp\/index.php?rest_route=\/wp\/v2\/types\/post"}],"author":[{"embeddable":true,"href":"https:\/\/grundschule-homberg.de\/wp\/index.php?rest_route=\/wp\/v2\/users\/2"}],"replies":[{"embeddable":true,"href":"https:\/\/grundschule-homberg.de\/wp\/index.php?rest_route=%2Fwp%2Fv2%2Fcomments&post=223417"}],"version-history":[{"count":6,"href":"https:\/\/grundschule-homberg.de\/wp\/index.php?rest_route=\/wp\/v2\/posts\/223417\/revisions"}],"predecessor-version":[{"id":223466,"href":"https:\/\/grundschule-homberg.de\/wp\/index.php?rest_route=\/wp\/v2\/posts\/223417\/revisions\/223466"}],"wp:featuredmedia":[{"embeddable":true,"href":"https:\/\/grundschule-homberg.de\/wp\/index.php?rest_route=\/wp\/v2\/media\/223436"}],"wp:attachment":[{"href":"https:\/\/grundschule-homberg.de\/wp\/index.php?rest_route=%2Fwp%2Fv2%2Fmedia&parent=223417"}],"wp:term":[{"taxonomy":"category","embeddable":true,"href":"https:\/\/grundschule-homberg.de\/wp\/index.php?rest_route=%2Fwp%2Fv2%2Fcategories&post=223417"},{"taxonomy":"post_tag","embeddable":true,"href":"https:\/\/grundschule-homberg.de\/wp\/index.php?rest_route=%2Fwp%2Fv2%2Ftags&post=223417"}],"curies":[{"name":"wp","href":"https:\/\/api.w.org\/{rel}","templated":true}]}}