{"id":223419,"date":"2022-03-23T10:45:19","date_gmt":"2022-03-23T09:45:19","guid":{"rendered":"https:\/\/grundschule-homberg.de\/wp\/?p=223419"},"modified":"2022-03-23T10:45:19","modified_gmt":"2022-03-23T09:45:19","slug":"kjp-spendiert-futterhaeuschen","status":"publish","type":"post","link":"https:\/\/grundschule-homberg.de\/wp\/?p=223419","title":{"rendered":"KJP spendiert Futterh\u00e4uschen"},"content":{"rendered":"<p>Das Kreis-Jugend-Parlament hat als Nachhaltigkeitsprojekt ein Futterhaus f\u00fcr jede Gemeinde gestiftet. In Homberg darf unsere Grundschule das H\u00e4uschen aufstellen und weiterhin bewirtschaften.&nbsp; Das Futterh\u00e4uschen steht nun im Innenhof vor dem Computerraum. Dort werden die Tiere nicht so h\u00e4ufig gest\u00f6rt und k\u00f6nnen aus dem angrenzenden Klassenraum heraus dennoch gut beobachtet werden. Die Winterf\u00fctterung endet zum Beginn der Osterferien. Im Zuge der Schulhofsanierung soll die Futterstelle dann seinen endg\u00fcltigen Standort erhalten. <a href=\"https:\/\/i0.wp.com\/grundschule-homberg.de\/wp\/wp-content\/uploads\/2022\/03\/KJP-Futterhaus-2.jpg?ssl=1\"><img data-recalc-dims=\"1\" loading=\"lazy\" decoding=\"async\" class=\"size-medium wp-image-223423 aligncenter\" src=\"https:\/\/i0.wp.com\/grundschule-homberg.de\/wp\/wp-content\/uploads\/2022\/03\/KJP-Futterhaus-2.jpg?resize=300%2C225&#038;ssl=1\" alt=\"\" width=\"300\" height=\"225\" srcset=\"https:\/\/i0.wp.com\/grundschule-homberg.de\/wp\/wp-content\/uploads\/2022\/03\/KJP-Futterhaus-2.jpg?resize=300%2C225&amp;ssl=1 300w, https:\/\/i0.wp.com\/grundschule-homberg.de\/wp\/wp-content\/uploads\/2022\/03\/KJP-Futterhaus-2.jpg?resize=1024%2C768&amp;ssl=1 1024w, https:\/\/i0.wp.com\/grundschule-homberg.de\/wp\/wp-content\/uploads\/2022\/03\/KJP-Futterhaus-2.jpg?resize=150%2C113&amp;ssl=1 150w, https:\/\/i0.wp.com\/grundschule-homberg.de\/wp\/wp-content\/uploads\/2022\/03\/KJP-Futterhaus-2.jpg?resize=768%2C576&amp;ssl=1 768w, https:\/\/i0.wp.com\/grundschule-homberg.de\/wp\/wp-content\/uploads\/2022\/03\/KJP-Futterhaus-2.jpg?w=1280&amp;ssl=1 1280w, https:\/\/i0.wp.com\/grundschule-homberg.de\/wp\/wp-content\/uploads\/2022\/03\/KJP-Futterhaus-2.jpg?w=1208&amp;ssl=1 1208w\" sizes=\"auto, (max-width: 300px) 100vw, 300px\" \/><\/a><\/p>\n","protected":false},"excerpt":{"rendered":"<p>Das Kreis-Jugend-Parlament hat als Nachhaltigkeitsprojekt ein Futterhaus f\u00fcr jede Gemeinde gestiftet. In Homberg darf unsere Grundschule das H\u00e4uschen aufstellen und weiterhin bewirtschaften.&nbsp; Das Futterh\u00e4uschen steht nun im Innenhof vor dem Computerraum. Dort werden die Tiere nicht so h\u00e4ufig gest\u00f6rt und k\u00f6nnen aus dem angrenzenden Klassenraum heraus dennoch gut beobachtet werden. Die Winterf\u00fctterung endet zum Beginn &hellip; <a href=\"https:\/\/grundschule-homberg.de\/wp\/?p=223419\" class=\"more-link\"><span class=\"screen-reader-text\">KJP spendiert Futterh\u00e4uschen<\/span> weiterlesen <span class=\"meta-nav\">&rarr;<\/span><\/a><\/p>\n","protected":false},"author":2,"featured_media":223424,"comment_status":"closed","ping_status":"closed","sticky":false,"template":"","format":"standard","meta":{"ngg_post_thumbnail":0,"_jetpack_memberships_contains_paid_content":false,"footnotes":""},"categories":[1],"tags":[],"class_list":["post-223419","post","type-post","status-publish","format-standard","has-post-thumbnail","hentry","category-allgemein"],"jetpack_featured_media_url":"https:\/\/i0.wp.com\/grundschule-homberg.de\/wp\/wp-content\/uploads\/2022\/03\/KJP-Futterhaus1.jpg?fit=1280%2C960&ssl=1?v=1648028682","jetpack_shortlink":"https:\/\/wp.me\/p3XuEZ-W7x","jetpack-related-posts":[],"jetpack_sharing_enabled":true,"_links":{"self":[{"href":"https:\/\/grundschule-homberg.de\/wp\/index.php?rest_route=\/wp\/v2\/posts\/223419","targetHints":{"allow":["GET"]}}],"collection":[{"href":"https:\/\/grundschule-homberg.de\/wp\/index.php?rest_route=\/wp\/v2\/posts"}],"about":[{"href":"https:\/\/grundschule-homberg.de\/wp\/index.php?rest_route=\/wp\/v2\/types\/post"}],"author":[{"embeddable":true,"href":"https:\/\/grundschule-homberg.de\/wp\/index.php?rest_route=\/wp\/v2\/users\/2"}],"replies":[{"embeddable":true,"href":"https:\/\/grundschule-homberg.de\/wp\/index.php?rest_route=%2Fwp%2Fv2%2Fcomments&post=223419"}],"version-history":[{"count":2,"href":"https:\/\/grundschule-homberg.de\/wp\/index.php?rest_route=\/wp\/v2\/posts\/223419\/revisions"}],"predecessor-version":[{"id":223425,"href":"https:\/\/grundschule-homberg.de\/wp\/index.php?rest_route=\/wp\/v2\/posts\/223419\/revisions\/223425"}],"wp:featuredmedia":[{"embeddable":true,"href":"https:\/\/grundschule-homberg.de\/wp\/index.php?rest_route=\/wp\/v2\/media\/223424"}],"wp:attachment":[{"href":"https:\/\/grundschule-homberg.de\/wp\/index.php?rest_route=%2Fwp%2Fv2%2Fmedia&parent=223419"}],"wp:term":[{"taxonomy":"category","embeddable":true,"href":"https:\/\/grundschule-homberg.de\/wp\/index.php?rest_route=%2Fwp%2Fv2%2Fcategories&post=223419"},{"taxonomy":"post_tag","embeddable":true,"href":"https:\/\/grundschule-homberg.de\/wp\/index.php?rest_route=%2Fwp%2Fv2%2Ftags&post=223419"}],"curies":[{"name":"wp","href":"https:\/\/api.w.org\/{rel}","templated":true}]}}