{"id":223462,"date":"2022-04-04T11:12:19","date_gmt":"2022-04-04T09:12:19","guid":{"rendered":"https:\/\/grundschule-homberg.de\/wp\/?p=223462"},"modified":"2022-04-04T11:12:19","modified_gmt":"2022-04-04T09:12:19","slug":"seniorenheim-goldborn-unterstuetzt-schulhofsanierung-mit-500e","status":"publish","type":"post","link":"https:\/\/grundschule-homberg.de\/wp\/?p=223462","title":{"rendered":"Seniorenheim Goldborn unterst\u00fctzt Schulhofsanierung mit 500\u20ac"},"content":{"rendered":"<p>Mit einer gro\u00dfz\u00fcgigen Spende \u00fcberraschte dieser Tage Herr Perreira und seine Mitarbeiterin den F\u00f6rderverein der Grundschule.<\/p>\n<p><a href=\"https:\/\/i0.wp.com\/grundschule-homberg.de\/wp\/wp-content\/uploads\/2022\/04\/20220401_091817-scaled.jpg?ssl=1\"><img data-recalc-dims=\"1\" loading=\"lazy\" decoding=\"async\" class=\"alignright size-medium wp-image-223463\" src=\"https:\/\/i0.wp.com\/grundschule-homberg.de\/wp\/wp-content\/uploads\/2022\/04\/20220401_091817.jpg?resize=300%2C225&#038;ssl=1\" alt=\"\" width=\"300\" height=\"225\" srcset=\"https:\/\/i0.wp.com\/grundschule-homberg.de\/wp\/wp-content\/uploads\/2022\/04\/20220401_091817-scaled.jpg?resize=300%2C225&amp;ssl=1 300w, https:\/\/i0.wp.com\/grundschule-homberg.de\/wp\/wp-content\/uploads\/2022\/04\/20220401_091817-scaled.jpg?resize=1024%2C768&amp;ssl=1 1024w, https:\/\/i0.wp.com\/grundschule-homberg.de\/wp\/wp-content\/uploads\/2022\/04\/20220401_091817-scaled.jpg?resize=150%2C113&amp;ssl=1 150w, https:\/\/i0.wp.com\/grundschule-homberg.de\/wp\/wp-content\/uploads\/2022\/04\/20220401_091817-scaled.jpg?resize=768%2C576&amp;ssl=1 768w, https:\/\/i0.wp.com\/grundschule-homberg.de\/wp\/wp-content\/uploads\/2022\/04\/20220401_091817-scaled.jpg?resize=1536%2C1152&amp;ssl=1 1536w, https:\/\/i0.wp.com\/grundschule-homberg.de\/wp\/wp-content\/uploads\/2022\/04\/20220401_091817-scaled.jpg?resize=2048%2C1536&amp;ssl=1 2048w, https:\/\/i0.wp.com\/grundschule-homberg.de\/wp\/wp-content\/uploads\/2022\/04\/20220401_091817-scaled.jpg?w=1208&amp;ssl=1 1208w, https:\/\/i0.wp.com\/grundschule-homberg.de\/wp\/wp-content\/uploads\/2022\/04\/20220401_091817-scaled.jpg?w=1812&amp;ssl=1 1812w\" sizes=\"auto, (max-width: 300px) 100vw, 300px\" \/><\/a><\/p>\n<p>Bei der Scheck\u00fcbergabe bedankten sich Frau Christina Nau vom F\u00f6rderverein und Schulleiterin Eva Sartorius f\u00fcr das Engagement des \u00f6rtlichen Seniorenheims. Die Schulleiterin erkl\u00e4rte, welche baulichen Ma\u00dfnahmen noch in diesem Sommer in Angriff genommen werden sollen. Da die Bauma\u00dfnehme zum gr\u00f6\u00dften Teil \u00fcber den F\u00f6rderverein finanziert wird, ist jede Spende herzlich willkommen. Sie kommt den Homberger Kinder direkt wieder zugute!&nbsp;<\/p>\n<p>&nbsp;Vielen Dank!<\/p>\n","protected":false},"excerpt":{"rendered":"<p>Mit einer gro\u00dfz\u00fcgigen Spende \u00fcberraschte dieser Tage Herr Perreira und seine Mitarbeiterin den F\u00f6rderverein der Grundschule. Bei der Scheck\u00fcbergabe bedankten sich Frau Christina Nau vom F\u00f6rderverein und Schulleiterin Eva Sartorius f\u00fcr das Engagement des \u00f6rtlichen Seniorenheims. Die Schulleiterin erkl\u00e4rte, welche baulichen Ma\u00dfnahmen noch in diesem Sommer in Angriff genommen werden sollen. Da die Bauma\u00dfnehme zum &hellip; <a href=\"https:\/\/grundschule-homberg.de\/wp\/?p=223462\" class=\"more-link\"><span class=\"screen-reader-text\">Seniorenheim Goldborn unterst\u00fctzt Schulhofsanierung mit 500\u20ac<\/span> weiterlesen <span class=\"meta-nav\">&rarr;<\/span><\/a><\/p>\n","protected":false},"author":2,"featured_media":223464,"comment_status":"closed","ping_status":"closed","sticky":false,"template":"","format":"standard","meta":{"ngg_post_thumbnail":0,"_jetpack_memberships_contains_paid_content":false,"footnotes":""},"categories":[1],"tags":[],"class_list":["post-223462","post","type-post","status-publish","format-standard","has-post-thumbnail","hentry","category-allgemein"],"jetpack_featured_media_url":"https:\/\/i0.wp.com\/grundschule-homberg.de\/wp\/wp-content\/uploads\/2022\/04\/Spendenscheck.jpg?fit=1260%2C703&ssl=1?v=1649063531","jetpack_shortlink":"https:\/\/wp.me\/p3XuEZ-W8e","jetpack-related-posts":[],"jetpack_sharing_enabled":true,"_links":{"self":[{"href":"https:\/\/grundschule-homberg.de\/wp\/index.php?rest_route=\/wp\/v2\/posts\/223462","targetHints":{"allow":["GET"]}}],"collection":[{"href":"https:\/\/grundschule-homberg.de\/wp\/index.php?rest_route=\/wp\/v2\/posts"}],"about":[{"href":"https:\/\/grundschule-homberg.de\/wp\/index.php?rest_route=\/wp\/v2\/types\/post"}],"author":[{"embeddable":true,"href":"https:\/\/grundschule-homberg.de\/wp\/index.php?rest_route=\/wp\/v2\/users\/2"}],"replies":[{"embeddable":true,"href":"https:\/\/grundschule-homberg.de\/wp\/index.php?rest_route=%2Fwp%2Fv2%2Fcomments&post=223462"}],"version-history":[{"count":1,"href":"https:\/\/grundschule-homberg.de\/wp\/index.php?rest_route=\/wp\/v2\/posts\/223462\/revisions"}],"predecessor-version":[{"id":223465,"href":"https:\/\/grundschule-homberg.de\/wp\/index.php?rest_route=\/wp\/v2\/posts\/223462\/revisions\/223465"}],"wp:featuredmedia":[{"embeddable":true,"href":"https:\/\/grundschule-homberg.de\/wp\/index.php?rest_route=\/wp\/v2\/media\/223464"}],"wp:attachment":[{"href":"https:\/\/grundschule-homberg.de\/wp\/index.php?rest_route=%2Fwp%2Fv2%2Fmedia&parent=223462"}],"wp:term":[{"taxonomy":"category","embeddable":true,"href":"https:\/\/grundschule-homberg.de\/wp\/index.php?rest_route=%2Fwp%2Fv2%2Fcategories&post=223462"},{"taxonomy":"post_tag","embeddable":true,"href":"https:\/\/grundschule-homberg.de\/wp\/index.php?rest_route=%2Fwp%2Fv2%2Ftags&post=223462"}],"curies":[{"name":"wp","href":"https:\/\/api.w.org\/{rel}","templated":true}]}}