{"id":223481,"date":"2022-04-08T14:24:10","date_gmt":"2022-04-08T12:24:10","guid":{"rendered":"https:\/\/grundschule-homberg.de\/wp\/?p=223481"},"modified":"2022-04-08T14:24:10","modified_gmt":"2022-04-08T12:24:10","slug":"frohe-ostern-4","status":"publish","type":"post","link":"https:\/\/grundschule-homberg.de\/wp\/?p=223481","title":{"rendered":"Frohe Ostern!"},"content":{"rendered":"<p>Die Grundschule Homberg w\u00fcnscht frohe Ostern und erholsame Ferien! Der Unterricht beginnt wieder am 25.4.2022 nach Stundenplan.<\/p>\n<p><a href=\"https:\/\/i0.wp.com\/grundschule-homberg.de\/wp\/wp-content\/uploads\/2022\/04\/IMG_20220408_085046-scaled.jpg?ssl=1\"><img data-recalc-dims=\"1\" loading=\"lazy\" decoding=\"async\" class=\"size-medium wp-image-223482 aligncenter\" src=\"https:\/\/i0.wp.com\/grundschule-homberg.de\/wp\/wp-content\/uploads\/2022\/04\/IMG_20220408_085046.jpg?resize=300%2C225&#038;ssl=1\" alt=\"\" width=\"300\" height=\"225\" srcset=\"https:\/\/i0.wp.com\/grundschule-homberg.de\/wp\/wp-content\/uploads\/2022\/04\/IMG_20220408_085046-scaled.jpg?resize=300%2C225&amp;ssl=1 300w, https:\/\/i0.wp.com\/grundschule-homberg.de\/wp\/wp-content\/uploads\/2022\/04\/IMG_20220408_085046-scaled.jpg?resize=1024%2C768&amp;ssl=1 1024w, https:\/\/i0.wp.com\/grundschule-homberg.de\/wp\/wp-content\/uploads\/2022\/04\/IMG_20220408_085046-scaled.jpg?resize=150%2C113&amp;ssl=1 150w, https:\/\/i0.wp.com\/grundschule-homberg.de\/wp\/wp-content\/uploads\/2022\/04\/IMG_20220408_085046-scaled.jpg?resize=768%2C576&amp;ssl=1 768w, https:\/\/i0.wp.com\/grundschule-homberg.de\/wp\/wp-content\/uploads\/2022\/04\/IMG_20220408_085046-scaled.jpg?resize=1536%2C1152&amp;ssl=1 1536w, https:\/\/i0.wp.com\/grundschule-homberg.de\/wp\/wp-content\/uploads\/2022\/04\/IMG_20220408_085046-scaled.jpg?resize=2048%2C1536&amp;ssl=1 2048w, https:\/\/i0.wp.com\/grundschule-homberg.de\/wp\/wp-content\/uploads\/2022\/04\/IMG_20220408_085046-scaled.jpg?w=1208&amp;ssl=1 1208w, https:\/\/i0.wp.com\/grundschule-homberg.de\/wp\/wp-content\/uploads\/2022\/04\/IMG_20220408_085046-scaled.jpg?w=1812&amp;ssl=1 1812w\" sizes=\"auto, (max-width: 300px) 100vw, 300px\" \/><\/a>Hinweis:<br \/>\n<strong>Am Freitag, den 13. Mai 2022<\/strong>, veranstaltet die Grundschule mit dem F\u00f6rderverein&nbsp; einen <strong>Sponsorenlauf <\/strong>zugunsten unseres<strong> Schulhofprojektes<\/strong>. Dabei laufen die Kinder m\u00f6glichst viele Runden auf dem Schulgel\u00e4nde. Jedes Kind soll f\u00fcr sich vorher Sponsoren im Familien- und Freundeskreis suchen, die f\u00fcr jede gelaufene Runde einen Geldbetrag spenden. Der genaue Ablauf und die Sponsorenliste werden nach den Ferien bekannt gegeben.&nbsp;<br \/>\nAm Tag des Sponsorenlaufes werden auf dem Schulhof Getr\u00e4nke, W\u00fcrstchen und Kuchen verkauft. Sch\u00f6n w\u00e4re es, wenn m\u00f6glichst viele Eltern, Angeh\u00f6rige und Unterst\u00fctzer auf dem Schulhof und an der Strecke unsere Kinder anfeuern!<\/p>\n<p><a href=\"https:\/\/i0.wp.com\/grundschule-homberg.de\/wp\/wp-content\/uploads\/2017\/04\/F%C3%96-Logo.jpg?ssl=1\"><img data-recalc-dims=\"1\" loading=\"lazy\" decoding=\"async\" class=\" wp-image-221045 alignleft\" src=\"https:\/\/i0.wp.com\/grundschule-homberg.de\/wp\/wp-content\/uploads\/2017\/04\/F%C3%96-Logo.jpg?resize=216%2C216&#038;ssl=1\" alt=\"\" width=\"216\" height=\"216\" srcset=\"https:\/\/i0.wp.com\/grundschule-homberg.de\/wp\/wp-content\/uploads\/2017\/04\/F%C3%96-Logo.jpg?w=300&amp;ssl=1 300w, https:\/\/i0.wp.com\/grundschule-homberg.de\/wp\/wp-content\/uploads\/2017\/04\/F%C3%96-Logo.jpg?resize=150%2C150&amp;ssl=1 150w\" sizes=\"auto, (max-width: 216px) 100vw, 216px\" \/><\/a><\/p>\n","protected":false},"excerpt":{"rendered":"<p>Die Grundschule Homberg w\u00fcnscht frohe Ostern und erholsame Ferien! Der Unterricht beginnt wieder am 25.4.2022 nach Stundenplan. Hinweis: Am Freitag, den 13. Mai 2022, veranstaltet die Grundschule mit dem F\u00f6rderverein&nbsp; einen Sponsorenlauf zugunsten unseres Schulhofprojektes. Dabei laufen die Kinder m\u00f6glichst viele Runden auf dem Schulgel\u00e4nde. Jedes Kind soll f\u00fcr sich vorher Sponsoren im Familien- und &hellip; <a href=\"https:\/\/grundschule-homberg.de\/wp\/?p=223481\" class=\"more-link\"><span class=\"screen-reader-text\">Frohe Ostern!<\/span> weiterlesen <span class=\"meta-nav\">&rarr;<\/span><\/a><\/p>\n","protected":false},"author":2,"featured_media":223482,"comment_status":"closed","ping_status":"closed","sticky":false,"template":"","format":"standard","meta":{"ngg_post_thumbnail":0,"_jetpack_memberships_contains_paid_content":false,"footnotes":""},"categories":[1],"tags":[],"class_list":["post-223481","post","type-post","status-publish","format-standard","has-post-thumbnail","hentry","category-allgemein"],"jetpack_featured_media_url":"https:\/\/i0.wp.com\/grundschule-homberg.de\/wp\/wp-content\/uploads\/2022\/04\/IMG_20220408_085046-scaled.jpg?fit=2560%2C1920&ssl=1","jetpack_shortlink":"https:\/\/wp.me\/p3XuEZ-W8x","jetpack-related-posts":[],"jetpack_sharing_enabled":true,"_links":{"self":[{"href":"https:\/\/grundschule-homberg.de\/wp\/index.php?rest_route=\/wp\/v2\/posts\/223481","targetHints":{"allow":["GET"]}}],"collection":[{"href":"https:\/\/grundschule-homberg.de\/wp\/index.php?rest_route=\/wp\/v2\/posts"}],"about":[{"href":"https:\/\/grundschule-homberg.de\/wp\/index.php?rest_route=\/wp\/v2\/types\/post"}],"author":[{"embeddable":true,"href":"https:\/\/grundschule-homberg.de\/wp\/index.php?rest_route=\/wp\/v2\/users\/2"}],"replies":[{"embeddable":true,"href":"https:\/\/grundschule-homberg.de\/wp\/index.php?rest_route=%2Fwp%2Fv2%2Fcomments&post=223481"}],"version-history":[{"count":1,"href":"https:\/\/grundschule-homberg.de\/wp\/index.php?rest_route=\/wp\/v2\/posts\/223481\/revisions"}],"predecessor-version":[{"id":223483,"href":"https:\/\/grundschule-homberg.de\/wp\/index.php?rest_route=\/wp\/v2\/posts\/223481\/revisions\/223483"}],"wp:featuredmedia":[{"embeddable":true,"href":"https:\/\/grundschule-homberg.de\/wp\/index.php?rest_route=\/wp\/v2\/media\/223482"}],"wp:attachment":[{"href":"https:\/\/grundschule-homberg.de\/wp\/index.php?rest_route=%2Fwp%2Fv2%2Fmedia&parent=223481"}],"wp:term":[{"taxonomy":"category","embeddable":true,"href":"https:\/\/grundschule-homberg.de\/wp\/index.php?rest_route=%2Fwp%2Fv2%2Fcategories&post=223481"},{"taxonomy":"post_tag","embeddable":true,"href":"https:\/\/grundschule-homberg.de\/wp\/index.php?rest_route=%2Fwp%2Fv2%2Ftags&post=223481"}],"curies":[{"name":"wp","href":"https:\/\/api.w.org\/{rel}","templated":true}]}}