{"id":223504,"date":"2022-05-11T14:19:37","date_gmt":"2022-05-11T12:19:37","guid":{"rendered":"https:\/\/grundschule-homberg.de\/wp\/?p=223504"},"modified":"2022-05-12T11:47:21","modified_gmt":"2022-05-12T09:47:21","slug":"kamax-spendet-fuer-schulhofprojekt","status":"publish","type":"post","link":"https:\/\/grundschule-homberg.de\/wp\/?p=223504","title":{"rendered":"KAMAX spendet f\u00fcr Schulhofprojekt"},"content":{"rendered":"<p><a href=\"https:\/\/i0.wp.com\/grundschule-homberg.de\/wp\/wp-content\/uploads\/2022\/05\/IMG_0361-scaled.jpg?ssl=1\"><img data-recalc-dims=\"1\" loading=\"lazy\" decoding=\"async\" class=\"alignright size-medium wp-image-223514\" src=\"https:\/\/i0.wp.com\/grundschule-homberg.de\/wp\/wp-content\/uploads\/2022\/05\/IMG_0361.jpg?resize=300%2C200&#038;ssl=1\" alt=\"\" width=\"300\" height=\"200\" srcset=\"https:\/\/i0.wp.com\/grundschule-homberg.de\/wp\/wp-content\/uploads\/2022\/05\/IMG_0361-scaled.jpg?resize=300%2C200&amp;ssl=1 300w, https:\/\/i0.wp.com\/grundschule-homberg.de\/wp\/wp-content\/uploads\/2022\/05\/IMG_0361-scaled.jpg?resize=1024%2C683&amp;ssl=1 1024w, https:\/\/i0.wp.com\/grundschule-homberg.de\/wp\/wp-content\/uploads\/2022\/05\/IMG_0361-scaled.jpg?resize=150%2C100&amp;ssl=1 150w, https:\/\/i0.wp.com\/grundschule-homberg.de\/wp\/wp-content\/uploads\/2022\/05\/IMG_0361-scaled.jpg?resize=768%2C512&amp;ssl=1 768w, https:\/\/i0.wp.com\/grundschule-homberg.de\/wp\/wp-content\/uploads\/2022\/05\/IMG_0361-scaled.jpg?resize=1536%2C1024&amp;ssl=1 1536w, https:\/\/i0.wp.com\/grundschule-homberg.de\/wp\/wp-content\/uploads\/2022\/05\/IMG_0361-scaled.jpg?resize=2048%2C1365&amp;ssl=1 2048w, https:\/\/i0.wp.com\/grundschule-homberg.de\/wp\/wp-content\/uploads\/2022\/05\/IMG_0361-scaled.jpg?w=1208&amp;ssl=1 1208w, https:\/\/i0.wp.com\/grundschule-homberg.de\/wp\/wp-content\/uploads\/2022\/05\/IMG_0361-scaled.jpg?w=1812&amp;ssl=1 1812w\" sizes=\"auto, (max-width: 300px) 100vw, 300px\" \/><\/a>Nachdem die Firma Kamax im letzten Jahr bereits das Zirkusprojekt der Grundschule unterst\u00fctzt hatte, engagiert sich der ortsans\u00e4ssige Betrieb nun auch bei der Neugestaltung des Pausengel\u00e4ndes.&nbsp;<\/p>\n<p>Der Personalleiter Kai Uwe Braun und Frau Christopher von der Firma Kamax \u00fcbergaben dieser Tage den Spendencheck \u00fcber 2500\u20ac an den F\u00f6rderverein vertreten durch Nadine Gr\u00fcnberg und die Schulleiterin. Diese bedankten sich im Namen aller Kinder sehr herzlich und lobten das wichtige Engagement. Der neue Schulhof soll allen Homberger Kindern eine sch\u00f6nere, ges\u00fcndere und aktivere Lebensumgebung bieten.<\/p>\n<p>Im Anschluss erl\u00e4uterte Frau Sartorius die geplanten Bauma\u00dfnahmen und zeigte vor Ort den unzureichenden und teils gef\u00e4hrlichen Spielraum der Kinder.&nbsp;&nbsp;<\/p>\n<p><a href=\"https:\/\/i0.wp.com\/grundschule-homberg.de\/wp\/wp-content\/uploads\/2022\/05\/IMG_0405-scaled.jpg?ssl=1\"><img data-recalc-dims=\"1\" loading=\"lazy\" decoding=\"async\" class=\"size-medium wp-image-223506 alignnone\" src=\"https:\/\/i0.wp.com\/grundschule-homberg.de\/wp\/wp-content\/uploads\/2022\/05\/IMG_0405.jpg?resize=300%2C200&#038;ssl=1\" alt=\"\" width=\"300\" height=\"200\" srcset=\"https:\/\/i0.wp.com\/grundschule-homberg.de\/wp\/wp-content\/uploads\/2022\/05\/IMG_0405-scaled.jpg?resize=300%2C200&amp;ssl=1 300w, https:\/\/i0.wp.com\/grundschule-homberg.de\/wp\/wp-content\/uploads\/2022\/05\/IMG_0405-scaled.jpg?resize=1024%2C683&amp;ssl=1 1024w, https:\/\/i0.wp.com\/grundschule-homberg.de\/wp\/wp-content\/uploads\/2022\/05\/IMG_0405-scaled.jpg?resize=150%2C100&amp;ssl=1 150w, https:\/\/i0.wp.com\/grundschule-homberg.de\/wp\/wp-content\/uploads\/2022\/05\/IMG_0405-scaled.jpg?resize=768%2C512&amp;ssl=1 768w, https:\/\/i0.wp.com\/grundschule-homberg.de\/wp\/wp-content\/uploads\/2022\/05\/IMG_0405-scaled.jpg?resize=1536%2C1024&amp;ssl=1 1536w, https:\/\/i0.wp.com\/grundschule-homberg.de\/wp\/wp-content\/uploads\/2022\/05\/IMG_0405-scaled.jpg?resize=2048%2C1365&amp;ssl=1 2048w, https:\/\/i0.wp.com\/grundschule-homberg.de\/wp\/wp-content\/uploads\/2022\/05\/IMG_0405-scaled.jpg?w=1208&amp;ssl=1 1208w, https:\/\/i0.wp.com\/grundschule-homberg.de\/wp\/wp-content\/uploads\/2022\/05\/IMG_0405-scaled.jpg?w=1812&amp;ssl=1 1812w\" sizes=\"auto, (max-width: 300px) 100vw, 300px\" \/><\/a><\/p>\n","protected":false},"excerpt":{"rendered":"<p>Nachdem die Firma Kamax im letzten Jahr bereits das Zirkusprojekt der Grundschule unterst\u00fctzt hatte, engagiert sich der ortsans\u00e4ssige Betrieb nun auch bei der Neugestaltung des Pausengel\u00e4ndes.&nbsp; Der Personalleiter Kai Uwe Braun und Frau Christopher von der Firma Kamax \u00fcbergaben dieser Tage den Spendencheck \u00fcber 2500\u20ac an den F\u00f6rderverein vertreten durch Nadine Gr\u00fcnberg und die Schulleiterin. &hellip; <a href=\"https:\/\/grundschule-homberg.de\/wp\/?p=223504\" class=\"more-link\"><span class=\"screen-reader-text\">KAMAX spendet f\u00fcr Schulhofprojekt<\/span> weiterlesen <span class=\"meta-nav\">&rarr;<\/span><\/a><\/p>\n","protected":false},"author":2,"featured_media":223510,"comment_status":"closed","ping_status":"closed","sticky":false,"template":"","format":"standard","meta":{"ngg_post_thumbnail":0,"_jetpack_memberships_contains_paid_content":false,"footnotes":""},"categories":[1],"tags":[],"class_list":["post-223504","post","type-post","status-publish","format-standard","has-post-thumbnail","hentry","category-allgemein"],"jetpack_featured_media_url":"https:\/\/i0.wp.com\/grundschule-homberg.de\/wp\/wp-content\/uploads\/2022\/05\/IMG_0374-1-scaled.jpg?fit=2560%2C1707&ssl=1","jetpack_shortlink":"https:\/\/wp.me\/p3XuEZ-W8U","jetpack-related-posts":[],"jetpack_sharing_enabled":true,"_links":{"self":[{"href":"https:\/\/grundschule-homberg.de\/wp\/index.php?rest_route=\/wp\/v2\/posts\/223504","targetHints":{"allow":["GET"]}}],"collection":[{"href":"https:\/\/grundschule-homberg.de\/wp\/index.php?rest_route=\/wp\/v2\/posts"}],"about":[{"href":"https:\/\/grundschule-homberg.de\/wp\/index.php?rest_route=\/wp\/v2\/types\/post"}],"author":[{"embeddable":true,"href":"https:\/\/grundschule-homberg.de\/wp\/index.php?rest_route=\/wp\/v2\/users\/2"}],"replies":[{"embeddable":true,"href":"https:\/\/grundschule-homberg.de\/wp\/index.php?rest_route=%2Fwp%2Fv2%2Fcomments&post=223504"}],"version-history":[{"count":3,"href":"https:\/\/grundschule-homberg.de\/wp\/index.php?rest_route=\/wp\/v2\/posts\/223504\/revisions"}],"predecessor-version":[{"id":223522,"href":"https:\/\/grundschule-homberg.de\/wp\/index.php?rest_route=\/wp\/v2\/posts\/223504\/revisions\/223522"}],"wp:featuredmedia":[{"embeddable":true,"href":"https:\/\/grundschule-homberg.de\/wp\/index.php?rest_route=\/wp\/v2\/media\/223510"}],"wp:attachment":[{"href":"https:\/\/grundschule-homberg.de\/wp\/index.php?rest_route=%2Fwp%2Fv2%2Fmedia&parent=223504"}],"wp:term":[{"taxonomy":"category","embeddable":true,"href":"https:\/\/grundschule-homberg.de\/wp\/index.php?rest_route=%2Fwp%2Fv2%2Fcategories&post=223504"},{"taxonomy":"post_tag","embeddable":true,"href":"https:\/\/grundschule-homberg.de\/wp\/index.php?rest_route=%2Fwp%2Fv2%2Ftags&post=223504"}],"curies":[{"name":"wp","href":"https:\/\/api.w.org\/{rel}","templated":true}]}}