{"id":223507,"date":"2022-05-11T13:43:00","date_gmt":"2022-05-11T11:43:00","guid":{"rendered":"https:\/\/grundschule-homberg.de\/wp\/?p=223507"},"modified":"2022-05-11T13:43:00","modified_gmt":"2022-05-11T11:43:00","slug":"firma-mhi-spendet-reckanlage-fuer-den-neuen-schulhof","status":"publish","type":"post","link":"https:\/\/grundschule-homberg.de\/wp\/?p=223507","title":{"rendered":"Firma MHI spendet Reckanlage f\u00fcr den neuen Schulhof"},"content":{"rendered":"<p>Gute Nachrichten \u00fcberbrachte letzte Woche die Firma Mitteldeutsche Hartstein Industrie (MHI) vertreten durch die Herren R\u00fchl und Mickisch f\u00fcr den F\u00f6rderverein.<\/p>\n<p>Der Homberger Betrieb beteiligt sich am Schulhofprojekt, indem er die Kosten f\u00fcr die geplante Reckanlage von 950 \u20ac \u00fcbernimmt.&nbsp; &nbsp;<\/p>\n<p>Die Vorsitzende des F\u00f6rdervereins, Julia Braun-Seibert und die Schulleitung bedankten sich herzlich bei der Scheck\u00fcbergabe am 6. Mai. Die Reckstangen dienen dem Schaukeln, Hangeln und Turnen, k\u00f6nnen aber auch gut Sportunterricht eingesetzt werden.&nbsp;<\/p>\n<p><a href=\"https:\/\/i0.wp.com\/grundschule-homberg.de\/wp\/wp-content\/uploads\/2022\/05\/image.jpeg?ssl=1\"><img data-recalc-dims=\"1\" loading=\"lazy\" decoding=\"async\" class=\"size-medium wp-image-223509 aligncenter\" src=\"https:\/\/i0.wp.com\/grundschule-homberg.de\/wp\/wp-content\/uploads\/2022\/05\/image.jpeg?resize=300%2C225&#038;ssl=1\" alt=\"\" width=\"300\" height=\"225\" srcset=\"https:\/\/i0.wp.com\/grundschule-homberg.de\/wp\/wp-content\/uploads\/2022\/05\/image.jpeg?resize=300%2C225&amp;ssl=1 300w, https:\/\/i0.wp.com\/grundschule-homberg.de\/wp\/wp-content\/uploads\/2022\/05\/image.jpeg?resize=1024%2C768&amp;ssl=1 1024w, https:\/\/i0.wp.com\/grundschule-homberg.de\/wp\/wp-content\/uploads\/2022\/05\/image.jpeg?resize=150%2C113&amp;ssl=1 150w, https:\/\/i0.wp.com\/grundschule-homberg.de\/wp\/wp-content\/uploads\/2022\/05\/image.jpeg?resize=768%2C576&amp;ssl=1 768w, https:\/\/i0.wp.com\/grundschule-homberg.de\/wp\/wp-content\/uploads\/2022\/05\/image.jpeg?resize=1536%2C1152&amp;ssl=1 1536w, https:\/\/i0.wp.com\/grundschule-homberg.de\/wp\/wp-content\/uploads\/2022\/05\/image.jpeg?w=2048&amp;ssl=1 2048w, https:\/\/i0.wp.com\/grundschule-homberg.de\/wp\/wp-content\/uploads\/2022\/05\/image.jpeg?w=1208&amp;ssl=1 1208w, https:\/\/i0.wp.com\/grundschule-homberg.de\/wp\/wp-content\/uploads\/2022\/05\/image.jpeg?w=1812&amp;ssl=1 1812w\" sizes=\"auto, (max-width: 300px) 100vw, 300px\" \/><\/a><\/p>\n<p>&nbsp;<\/p>\n","protected":false},"excerpt":{"rendered":"<p>Gute Nachrichten \u00fcberbrachte letzte Woche die Firma Mitteldeutsche Hartstein Industrie (MHI) vertreten durch die Herren R\u00fchl und Mickisch f\u00fcr den F\u00f6rderverein. Der Homberger Betrieb beteiligt sich am Schulhofprojekt, indem er die Kosten f\u00fcr die geplante Reckanlage von 950 \u20ac \u00fcbernimmt.&nbsp; &nbsp; Die Vorsitzende des F\u00f6rdervereins, Julia Braun-Seibert und die Schulleitung bedankten sich herzlich bei der &hellip; <a href=\"https:\/\/grundschule-homberg.de\/wp\/?p=223507\" class=\"more-link\"><span class=\"screen-reader-text\">Firma MHI spendet Reckanlage f\u00fcr den neuen Schulhof<\/span> weiterlesen <span class=\"meta-nav\">&rarr;<\/span><\/a><\/p>\n","protected":false},"author":2,"featured_media":223511,"comment_status":"closed","ping_status":"closed","sticky":false,"template":"","format":"standard","meta":{"ngg_post_thumbnail":0,"_jetpack_memberships_contains_paid_content":false,"footnotes":""},"categories":[1],"tags":[],"class_list":["post-223507","post","type-post","status-publish","format-standard","has-post-thumbnail","hentry","category-allgemein"],"jetpack_featured_media_url":"https:\/\/i0.wp.com\/grundschule-homberg.de\/wp\/wp-content\/uploads\/2022\/05\/IMG_20220511_121301-scaled.jpg?fit=2560%2C1920&ssl=1","jetpack_shortlink":"https:\/\/wp.me\/p3XuEZ-W8X","jetpack-related-posts":[],"jetpack_sharing_enabled":true,"_links":{"self":[{"href":"https:\/\/grundschule-homberg.de\/wp\/index.php?rest_route=\/wp\/v2\/posts\/223507","targetHints":{"allow":["GET"]}}],"collection":[{"href":"https:\/\/grundschule-homberg.de\/wp\/index.php?rest_route=\/wp\/v2\/posts"}],"about":[{"href":"https:\/\/grundschule-homberg.de\/wp\/index.php?rest_route=\/wp\/v2\/types\/post"}],"author":[{"embeddable":true,"href":"https:\/\/grundschule-homberg.de\/wp\/index.php?rest_route=\/wp\/v2\/users\/2"}],"replies":[{"embeddable":true,"href":"https:\/\/grundschule-homberg.de\/wp\/index.php?rest_route=%2Fwp%2Fv2%2Fcomments&post=223507"}],"version-history":[{"count":1,"href":"https:\/\/grundschule-homberg.de\/wp\/index.php?rest_route=\/wp\/v2\/posts\/223507\/revisions"}],"predecessor-version":[{"id":223512,"href":"https:\/\/grundschule-homberg.de\/wp\/index.php?rest_route=\/wp\/v2\/posts\/223507\/revisions\/223512"}],"wp:featuredmedia":[{"embeddable":true,"href":"https:\/\/grundschule-homberg.de\/wp\/index.php?rest_route=\/wp\/v2\/media\/223511"}],"wp:attachment":[{"href":"https:\/\/grundschule-homberg.de\/wp\/index.php?rest_route=%2Fwp%2Fv2%2Fmedia&parent=223507"}],"wp:term":[{"taxonomy":"category","embeddable":true,"href":"https:\/\/grundschule-homberg.de\/wp\/index.php?rest_route=%2Fwp%2Fv2%2Fcategories&post=223507"},{"taxonomy":"post_tag","embeddable":true,"href":"https:\/\/grundschule-homberg.de\/wp\/index.php?rest_route=%2Fwp%2Fv2%2Ftags&post=223507"}],"curies":[{"name":"wp","href":"https:\/\/api.w.org\/{rel}","templated":true}]}}