{"id":223516,"date":"2022-05-17T09:21:23","date_gmt":"2022-05-17T07:21:23","guid":{"rendered":"https:\/\/grundschule-homberg.de\/wp\/?p=223516"},"modified":"2022-05-18T14:07:54","modified_gmt":"2022-05-18T12:07:54","slug":"der-foerderverein-der-grundschule-laedt-ein","status":"publish","type":"post","link":"https:\/\/grundschule-homberg.de\/wp\/?p=223516","title":{"rendered":"Der F\u00f6rderverein der Grundschule l\u00e4dt ein"},"content":{"rendered":"<p>Wir m\u00f6chten auf folgende Veranstaltungen aufmerksam machen, deren Erl\u00f6s&nbsp; f\u00fcr unser Schulhofprojekt gespendet werden soll:&nbsp;<\/p>\n<p><a href=\"https:\/\/i0.wp.com\/grundschule-homberg.de\/wp\/wp-content\/uploads\/2022\/05\/IMG-20220511-WA0000.jpg?ssl=1\"><img data-recalc-dims=\"1\" loading=\"lazy\" decoding=\"async\" class=\" wp-image-223518 alignright\" src=\"https:\/\/i0.wp.com\/grundschule-homberg.de\/wp\/wp-content\/uploads\/2022\/05\/IMG-20220511-WA0000.jpg?resize=284%2C402&#038;ssl=1\" alt=\"\" width=\"284\" height=\"402\" srcset=\"https:\/\/i0.wp.com\/grundschule-homberg.de\/wp\/wp-content\/uploads\/2022\/05\/IMG-20220511-WA0000.jpg?resize=212%2C300&amp;ssl=1 212w, https:\/\/i0.wp.com\/grundschule-homberg.de\/wp\/wp-content\/uploads\/2022\/05\/IMG-20220511-WA0000.jpg?resize=724%2C1024&amp;ssl=1 724w, https:\/\/i0.wp.com\/grundschule-homberg.de\/wp\/wp-content\/uploads\/2022\/05\/IMG-20220511-WA0000.jpg?resize=106%2C150&amp;ssl=1 106w, https:\/\/i0.wp.com\/grundschule-homberg.de\/wp\/wp-content\/uploads\/2022\/05\/IMG-20220511-WA0000.jpg?resize=768%2C1086&amp;ssl=1 768w, https:\/\/i0.wp.com\/grundschule-homberg.de\/wp\/wp-content\/uploads\/2022\/05\/IMG-20220511-WA0000.jpg?resize=1086%2C1536&amp;ssl=1 1086w, https:\/\/i0.wp.com\/grundschule-homberg.de\/wp\/wp-content\/uploads\/2022\/05\/IMG-20220511-WA0000.jpg?w=1448&amp;ssl=1 1448w, https:\/\/i0.wp.com\/grundschule-homberg.de\/wp\/wp-content\/uploads\/2022\/05\/IMG-20220511-WA0000.jpg?w=1208&amp;ssl=1 1208w\" sizes=\"auto, (max-width: 284px) 100vw, 284px\" \/><\/a><a href=\"https:\/\/i0.wp.com\/grundschule-homberg.de\/wp\/wp-content\/uploads\/2022\/05\/PHOTO-2022-05-10-21-45-34.jpg?ssl=1\"><img data-recalc-dims=\"1\" loading=\"lazy\" decoding=\"async\" class=\"size-medium wp-image-223519 alignnone\" src=\"https:\/\/i0.wp.com\/grundschule-homberg.de\/wp\/wp-content\/uploads\/2022\/05\/PHOTO-2022-05-10-21-45-34.jpg?resize=300%2C300&#038;ssl=1\" alt=\"\" width=\"300\" height=\"300\" srcset=\"https:\/\/i0.wp.com\/grundschule-homberg.de\/wp\/wp-content\/uploads\/2022\/05\/PHOTO-2022-05-10-21-45-34.jpg?resize=300%2C300&amp;ssl=1 300w, https:\/\/i0.wp.com\/grundschule-homberg.de\/wp\/wp-content\/uploads\/2022\/05\/PHOTO-2022-05-10-21-45-34.jpg?resize=1024%2C1024&amp;ssl=1 1024w, https:\/\/i0.wp.com\/grundschule-homberg.de\/wp\/wp-content\/uploads\/2022\/05\/PHOTO-2022-05-10-21-45-34.jpg?resize=150%2C150&amp;ssl=1 150w, https:\/\/i0.wp.com\/grundschule-homberg.de\/wp\/wp-content\/uploads\/2022\/05\/PHOTO-2022-05-10-21-45-34.jpg?resize=768%2C768&amp;ssl=1 768w, https:\/\/i0.wp.com\/grundschule-homberg.de\/wp\/wp-content\/uploads\/2022\/05\/PHOTO-2022-05-10-21-45-34.jpg?resize=1536%2C1536&amp;ssl=1 1536w, https:\/\/i0.wp.com\/grundschule-homberg.de\/wp\/wp-content\/uploads\/2022\/05\/PHOTO-2022-05-10-21-45-34.jpg?w=1600&amp;ssl=1 1600w, https:\/\/i0.wp.com\/grundschule-homberg.de\/wp\/wp-content\/uploads\/2022\/05\/PHOTO-2022-05-10-21-45-34.jpg?w=1208&amp;ssl=1 1208w\" sizes=\"auto, (max-width: 300px) 100vw, 300px\" \/><\/a><\/p>\n","protected":false},"excerpt":{"rendered":"<p>Wir m\u00f6chten auf folgende Veranstaltungen aufmerksam machen, deren Erl\u00f6s&nbsp; f\u00fcr unser Schulhofprojekt gespendet werden soll:&nbsp;<\/p>\n","protected":false},"author":2,"featured_media":221045,"comment_status":"closed","ping_status":"closed","sticky":false,"template":"","format":"standard","meta":{"ngg_post_thumbnail":0,"_jetpack_memberships_contains_paid_content":false,"footnotes":""},"categories":[1],"tags":[],"class_list":["post-223516","post","type-post","status-publish","format-standard","has-post-thumbnail","hentry","category-allgemein"],"jetpack_featured_media_url":"https:\/\/i0.wp.com\/grundschule-homberg.de\/wp\/wp-content\/uploads\/2017\/04\/F%C3%96-Logo.jpg?fit=300%2C300&ssl=1","jetpack_shortlink":"https:\/\/wp.me\/p3XuEZ-W96","jetpack-related-posts":[],"jetpack_sharing_enabled":true,"_links":{"self":[{"href":"https:\/\/grundschule-homberg.de\/wp\/index.php?rest_route=\/wp\/v2\/posts\/223516","targetHints":{"allow":["GET"]}}],"collection":[{"href":"https:\/\/grundschule-homberg.de\/wp\/index.php?rest_route=\/wp\/v2\/posts"}],"about":[{"href":"https:\/\/grundschule-homberg.de\/wp\/index.php?rest_route=\/wp\/v2\/types\/post"}],"author":[{"embeddable":true,"href":"https:\/\/grundschule-homberg.de\/wp\/index.php?rest_route=\/wp\/v2\/users\/2"}],"replies":[{"embeddable":true,"href":"https:\/\/grundschule-homberg.de\/wp\/index.php?rest_route=%2Fwp%2Fv2%2Fcomments&post=223516"}],"version-history":[{"count":4,"href":"https:\/\/grundschule-homberg.de\/wp\/index.php?rest_route=\/wp\/v2\/posts\/223516\/revisions"}],"predecessor-version":[{"id":223586,"href":"https:\/\/grundschule-homberg.de\/wp\/index.php?rest_route=\/wp\/v2\/posts\/223516\/revisions\/223586"}],"wp:featuredmedia":[{"embeddable":true,"href":"https:\/\/grundschule-homberg.de\/wp\/index.php?rest_route=\/wp\/v2\/media\/221045"}],"wp:attachment":[{"href":"https:\/\/grundschule-homberg.de\/wp\/index.php?rest_route=%2Fwp%2Fv2%2Fmedia&parent=223516"}],"wp:term":[{"taxonomy":"category","embeddable":true,"href":"https:\/\/grundschule-homberg.de\/wp\/index.php?rest_route=%2Fwp%2Fv2%2Fcategories&post=223516"},{"taxonomy":"post_tag","embeddable":true,"href":"https:\/\/grundschule-homberg.de\/wp\/index.php?rest_route=%2Fwp%2Fv2%2Ftags&post=223516"}],"curies":[{"name":"wp","href":"https:\/\/api.w.org\/{rel}","templated":true}]}}