{"id":223618,"date":"2022-06-30T14:30:58","date_gmt":"2022-06-30T12:30:58","guid":{"rendered":"https:\/\/grundschule-homberg.de\/wp\/?p=223618"},"modified":"2022-06-30T14:49:29","modified_gmt":"2022-06-30T12:49:29","slug":"antolin-sieger-wurden-ausgezeichnet","status":"publish","type":"post","link":"https:\/\/grundschule-homberg.de\/wp\/?p=223618","title":{"rendered":"Antolin-Sieger wurden ausgezeichnet"},"content":{"rendered":"<p><strong>Hier sind heute nur Gewinner<\/strong><\/p>\n<p><em>von Lara-Lee, Klasse 4b <a href=\"https:\/\/i0.wp.com\/grundschule-homberg.de\/wp\/wp-content\/uploads\/2022\/06\/20220627_092943-scaled.jpg?ssl=1\"><img data-recalc-dims=\"1\" loading=\"lazy\" decoding=\"async\" class=\"alignright size-medium wp-image-223619\" src=\"https:\/\/i0.wp.com\/grundschule-homberg.de\/wp\/wp-content\/uploads\/2022\/06\/20220627_092943.jpg?resize=300%2C142&#038;ssl=1\" alt=\"\" width=\"300\" height=\"142\" srcset=\"https:\/\/i0.wp.com\/grundschule-homberg.de\/wp\/wp-content\/uploads\/2022\/06\/20220627_092943-scaled.jpg?resize=300%2C142&amp;ssl=1 300w, https:\/\/i0.wp.com\/grundschule-homberg.de\/wp\/wp-content\/uploads\/2022\/06\/20220627_092943-scaled.jpg?resize=1024%2C485&amp;ssl=1 1024w, https:\/\/i0.wp.com\/grundschule-homberg.de\/wp\/wp-content\/uploads\/2022\/06\/20220627_092943-scaled.jpg?resize=150%2C71&amp;ssl=1 150w, https:\/\/i0.wp.com\/grundschule-homberg.de\/wp\/wp-content\/uploads\/2022\/06\/20220627_092943-scaled.jpg?resize=768%2C363&amp;ssl=1 768w, https:\/\/i0.wp.com\/grundschule-homberg.de\/wp\/wp-content\/uploads\/2022\/06\/20220627_092943-scaled.jpg?resize=1536%2C727&amp;ssl=1 1536w, https:\/\/i0.wp.com\/grundschule-homberg.de\/wp\/wp-content\/uploads\/2022\/06\/20220627_092943-scaled.jpg?resize=2048%2C969&amp;ssl=1 2048w, https:\/\/i0.wp.com\/grundschule-homberg.de\/wp\/wp-content\/uploads\/2022\/06\/20220627_092943-scaled.jpg?w=1208&amp;ssl=1 1208w, https:\/\/i0.wp.com\/grundschule-homberg.de\/wp\/wp-content\/uploads\/2022\/06\/20220627_092943-scaled.jpg?w=1812&amp;ssl=1 1812w\" sizes=\"auto, (max-width: 300px) 100vw, 300px\" \/><\/a><\/em><\/p>\n<p>Unsere Schule hat beim Antolin-Wettbewerb teilgenommen. Die Kinder, die gewonnen haben, sind mit Frau Fr\u00f6mmel mit dem Bus nach Lauterbach gefahren. Dort angekommen sind wir in die Sporthalle gegangen. Wir sind von Peter Wei\u00dfm\u00fcller vom Vogelsbergkreis begr\u00fc\u00dft worden.<\/p>\n<p><a href=\"https:\/\/i0.wp.com\/grundschule-homberg.de\/wp\/wp-content\/uploads\/2022\/06\/20220627_101626-scaled.jpg?ssl=1\"><img data-recalc-dims=\"1\" loading=\"lazy\" decoding=\"async\" class=\"alignright size-medium wp-image-223621\" src=\"https:\/\/i0.wp.com\/grundschule-homberg.de\/wp\/wp-content\/uploads\/2022\/06\/20220627_101626.jpg?resize=300%2C142&#038;ssl=1\" alt=\"\" width=\"300\" height=\"142\" srcset=\"https:\/\/i0.wp.com\/grundschule-homberg.de\/wp\/wp-content\/uploads\/2022\/06\/20220627_101626-scaled.jpg?resize=300%2C142&amp;ssl=1 300w, https:\/\/i0.wp.com\/grundschule-homberg.de\/wp\/wp-content\/uploads\/2022\/06\/20220627_101626-scaled.jpg?resize=1024%2C485&amp;ssl=1 1024w, https:\/\/i0.wp.com\/grundschule-homberg.de\/wp\/wp-content\/uploads\/2022\/06\/20220627_101626-scaled.jpg?resize=150%2C71&amp;ssl=1 150w, https:\/\/i0.wp.com\/grundschule-homberg.de\/wp\/wp-content\/uploads\/2022\/06\/20220627_101626-scaled.jpg?resize=768%2C364&amp;ssl=1 768w, https:\/\/i0.wp.com\/grundschule-homberg.de\/wp\/wp-content\/uploads\/2022\/06\/20220627_101626-scaled.jpg?resize=1536%2C728&amp;ssl=1 1536w, https:\/\/i0.wp.com\/grundschule-homberg.de\/wp\/wp-content\/uploads\/2022\/06\/20220627_101626-scaled.jpg?resize=2048%2C971&amp;ssl=1 2048w, https:\/\/i0.wp.com\/grundschule-homberg.de\/wp\/wp-content\/uploads\/2022\/06\/20220627_101626-scaled.jpg?w=1208&amp;ssl=1 1208w, https:\/\/i0.wp.com\/grundschule-homberg.de\/wp\/wp-content\/uploads\/2022\/06\/20220627_101626-scaled.jpg?w=1812&amp;ssl=1 1812w\" sizes=\"auto, (max-width: 300px) 100vw, 300px\" \/><\/a><\/p>\n<p>Danach hat uns der Autor Stefan Gemmel ein paar Seiten aus seinem Buch &#8222;Die Zauberkugel&#8220; vorgelesen. Das Buch war sehr sch\u00f6n. Stefan Gemmel hat uns sein Buch mit viel K\u00f6rpereinsatz und Stimme <a href=\"https:\/\/i0.wp.com\/grundschule-homberg.de\/wp\/wp-content\/uploads\/2022\/06\/20220627_101739-scaled.jpg?ssl=1\"><img data-recalc-dims=\"1\" loading=\"lazy\" decoding=\"async\" class=\"size-medium wp-image-223622 alignleft\" src=\"https:\/\/i0.wp.com\/grundschule-homberg.de\/wp\/wp-content\/uploads\/2022\/06\/20220627_101739.jpg?resize=142%2C300&#038;ssl=1\" alt=\"\" width=\"142\" height=\"300\" srcset=\"https:\/\/i0.wp.com\/grundschule-homberg.de\/wp\/wp-content\/uploads\/2022\/06\/20220627_101739-scaled.jpg?resize=142%2C300&amp;ssl=1 142w, https:\/\/i0.wp.com\/grundschule-homberg.de\/wp\/wp-content\/uploads\/2022\/06\/20220627_101739-scaled.jpg?resize=485%2C1024&amp;ssl=1 485w, https:\/\/i0.wp.com\/grundschule-homberg.de\/wp\/wp-content\/uploads\/2022\/06\/20220627_101739-scaled.jpg?resize=71%2C150&amp;ssl=1 71w, https:\/\/i0.wp.com\/grundschule-homberg.de\/wp\/wp-content\/uploads\/2022\/06\/20220627_101739-scaled.jpg?resize=768%2C1623&amp;ssl=1 768w, https:\/\/i0.wp.com\/grundschule-homberg.de\/wp\/wp-content\/uploads\/2022\/06\/20220627_101739-scaled.jpg?resize=727%2C1536&amp;ssl=1 727w, https:\/\/i0.wp.com\/grundschule-homberg.de\/wp\/wp-content\/uploads\/2022\/06\/20220627_101739-scaled.jpg?resize=969%2C2048&amp;ssl=1 969w, https:\/\/i0.wp.com\/grundschule-homberg.de\/wp\/wp-content\/uploads\/2022\/06\/20220627_101739-scaled.jpg?w=1211&amp;ssl=1 1211w\" sizes=\"auto, (max-width: 142px) 100vw, 142px\" \/><\/a>pr\u00e4sentiert. Alle fanden das sch\u00f6n und haben der Geschichte gespannt zugeh\u00f6rt. Als er fertig war, wurde eine kleine Pause eingelegt. Es gab Brezeln und<a href=\"https:\/\/i0.wp.com\/grundschule-homberg.de\/wp\/wp-content\/uploads\/2022\/06\/20220627_104956-scaled.jpg?ssl=1\"><img data-recalc-dims=\"1\" loading=\"lazy\" decoding=\"async\" class=\"alignright size-medium wp-image-223623\" src=\"https:\/\/i0.wp.com\/grundschule-homberg.de\/wp\/wp-content\/uploads\/2022\/06\/20220627_104956.jpg?resize=300%2C142&#038;ssl=1\" alt=\"\" width=\"300\" height=\"142\" srcset=\"https:\/\/i0.wp.com\/grundschule-homberg.de\/wp\/wp-content\/uploads\/2022\/06\/20220627_104956-scaled.jpg?resize=300%2C142&amp;ssl=1 300w, https:\/\/i0.wp.com\/grundschule-homberg.de\/wp\/wp-content\/uploads\/2022\/06\/20220627_104956-scaled.jpg?resize=1024%2C485&amp;ssl=1 1024w, https:\/\/i0.wp.com\/grundschule-homberg.de\/wp\/wp-content\/uploads\/2022\/06\/20220627_104956-scaled.jpg?resize=150%2C71&amp;ssl=1 150w, https:\/\/i0.wp.com\/grundschule-homberg.de\/wp\/wp-content\/uploads\/2022\/06\/20220627_104956-scaled.jpg?resize=768%2C363&amp;ssl=1 768w, https:\/\/i0.wp.com\/grundschule-homberg.de\/wp\/wp-content\/uploads\/2022\/06\/20220627_104956-scaled.jpg?resize=1536%2C727&amp;ssl=1 1536w, https:\/\/i0.wp.com\/grundschule-homberg.de\/wp\/wp-content\/uploads\/2022\/06\/20220627_104956-scaled.jpg?resize=2048%2C969&amp;ssl=1 2048w, https:\/\/i0.wp.com\/grundschule-homberg.de\/wp\/wp-content\/uploads\/2022\/06\/20220627_104956-scaled.jpg?w=1208&amp;ssl=1 1208w, https:\/\/i0.wp.com\/grundschule-homberg.de\/wp\/wp-content\/uploads\/2022\/06\/20220627_104956-scaled.jpg?w=1812&amp;ssl=1 1812w\" sizes=\"auto, (max-width: 300px) 100vw, 300px\" \/><\/a> K\u00e4sestangen. Au\u00dferdem gab es noch Apfelschorle und Wasser, um den Durst zu stillen.<\/p>\n<p>Man konnte sich in der Pause bei Stefan Gemmel ein Autogramm abholen, wenn man wollte. Zus\u00e4tzlich hatte man die M\u00f6glichkeit sich ein Buch zu kaufen. Als die kleine Pause vorbei war, hat Herr Wei\u00dfm\u00fcller die Kinder geehrt, die die meisten Punkte in ihrem Jahrgang hatten.&nbsp;<\/p>\n<p>&nbsp;<\/p>\n<p><a href=\"https:\/\/i0.wp.com\/grundschule-homberg.de\/wp\/wp-content\/uploads\/2022\/06\/20220627_093010-scaled.jpg?ssl=1\"><img data-recalc-dims=\"1\" loading=\"lazy\" decoding=\"async\" class=\"alignright size-medium wp-image-223620\" src=\"https:\/\/i0.wp.com\/grundschule-homberg.de\/wp\/wp-content\/uploads\/2022\/06\/20220627_093010.jpg?resize=300%2C142&#038;ssl=1\" alt=\"\" width=\"300\" height=\"142\" srcset=\"https:\/\/i0.wp.com\/grundschule-homberg.de\/wp\/wp-content\/uploads\/2022\/06\/20220627_093010-scaled.jpg?resize=300%2C142&amp;ssl=1 300w, https:\/\/i0.wp.com\/grundschule-homberg.de\/wp\/wp-content\/uploads\/2022\/06\/20220627_093010-scaled.jpg?resize=1024%2C485&amp;ssl=1 1024w, https:\/\/i0.wp.com\/grundschule-homberg.de\/wp\/wp-content\/uploads\/2022\/06\/20220627_093010-scaled.jpg?resize=150%2C71&amp;ssl=1 150w, https:\/\/i0.wp.com\/grundschule-homberg.de\/wp\/wp-content\/uploads\/2022\/06\/20220627_093010-scaled.jpg?resize=768%2C363&amp;ssl=1 768w, https:\/\/i0.wp.com\/grundschule-homberg.de\/wp\/wp-content\/uploads\/2022\/06\/20220627_093010-scaled.jpg?resize=1536%2C727&amp;ssl=1 1536w, https:\/\/i0.wp.com\/grundschule-homberg.de\/wp\/wp-content\/uploads\/2022\/06\/20220627_093010-scaled.jpg?resize=2048%2C969&amp;ssl=1 2048w, https:\/\/i0.wp.com\/grundschule-homberg.de\/wp\/wp-content\/uploads\/2022\/06\/20220627_093010-scaled.jpg?w=1208&amp;ssl=1 1208w, https:\/\/i0.wp.com\/grundschule-homberg.de\/wp\/wp-content\/uploads\/2022\/06\/20220627_093010-scaled.jpg?w=1812&amp;ssl=1 1812w\" sizes=\"auto, (max-width: 300px) 100vw, 300px\" \/><\/a><\/p>\n<p>Wir haben mit Stefan Gemmel sogar ein Spiel mit einem Buch gespielt. Er hat immer irgendetwas lustiges gesagt, z.B. Leser k\u00f6nnen beides: Lesen und Hobbies haben. Oder: In diesem Raum hier sitzen heute NUR Gewinner.<\/p>\n<p>Kurz darauf sind wir aus der Sporthalle raus gegangen und haben auf unseren Bus gewartet. Das hat sich total gelohnt, denn wir haben einen Reisebus bekommen. Der war total cool! Dann sind wir noch in die Schule gefahren, haben ein Abschlussfoto gemacht und durften dann nach Hause gehen\/fahren.&nbsp;&nbsp;<\/p>\n<p>&nbsp;<\/p>\n","protected":false},"excerpt":{"rendered":"<p>Hier sind heute nur Gewinner von Lara-Lee, Klasse 4b Unsere Schule hat beim Antolin-Wettbewerb teilgenommen. Die Kinder, die gewonnen haben, sind mit Frau Fr\u00f6mmel mit dem Bus nach Lauterbach gefahren. Dort angekommen sind wir in die Sporthalle gegangen. Wir sind von Peter Wei\u00dfm\u00fcller vom Vogelsbergkreis begr\u00fc\u00dft worden. Danach hat uns der Autor Stefan Gemmel ein &hellip; <a href=\"https:\/\/grundschule-homberg.de\/wp\/?p=223618\" class=\"more-link\"><span class=\"screen-reader-text\">Antolin-Sieger wurden ausgezeichnet<\/span> weiterlesen <span class=\"meta-nav\">&rarr;<\/span><\/a><\/p>\n","protected":false},"author":2,"featured_media":223624,"comment_status":"closed","ping_status":"closed","sticky":false,"template":"","format":"standard","meta":{"ngg_post_thumbnail":0,"_jetpack_memberships_contains_paid_content":false,"footnotes":""},"categories":[1],"tags":[],"class_list":["post-223618","post","type-post","status-publish","format-standard","has-post-thumbnail","hentry","category-allgemein"],"jetpack_featured_media_url":"https:\/\/i0.wp.com\/grundschule-homberg.de\/wp\/wp-content\/uploads\/2022\/06\/rGABMlMEIIKcyrmTfsetwPCq.jpg?fit=640%2C302&ssl=1","jetpack_shortlink":"https:\/\/wp.me\/p3XuEZ-WaK","jetpack-related-posts":[],"jetpack_sharing_enabled":true,"_links":{"self":[{"href":"https:\/\/grundschule-homberg.de\/wp\/index.php?rest_route=\/wp\/v2\/posts\/223618","targetHints":{"allow":["GET"]}}],"collection":[{"href":"https:\/\/grundschule-homberg.de\/wp\/index.php?rest_route=\/wp\/v2\/posts"}],"about":[{"href":"https:\/\/grundschule-homberg.de\/wp\/index.php?rest_route=\/wp\/v2\/types\/post"}],"author":[{"embeddable":true,"href":"https:\/\/grundschule-homberg.de\/wp\/index.php?rest_route=\/wp\/v2\/users\/2"}],"replies":[{"embeddable":true,"href":"https:\/\/grundschule-homberg.de\/wp\/index.php?rest_route=%2Fwp%2Fv2%2Fcomments&post=223618"}],"version-history":[{"count":4,"href":"https:\/\/grundschule-homberg.de\/wp\/index.php?rest_route=\/wp\/v2\/posts\/223618\/revisions"}],"predecessor-version":[{"id":223628,"href":"https:\/\/grundschule-homberg.de\/wp\/index.php?rest_route=\/wp\/v2\/posts\/223618\/revisions\/223628"}],"wp:featuredmedia":[{"embeddable":true,"href":"https:\/\/grundschule-homberg.de\/wp\/index.php?rest_route=\/wp\/v2\/media\/223624"}],"wp:attachment":[{"href":"https:\/\/grundschule-homberg.de\/wp\/index.php?rest_route=%2Fwp%2Fv2%2Fmedia&parent=223618"}],"wp:term":[{"taxonomy":"category","embeddable":true,"href":"https:\/\/grundschule-homberg.de\/wp\/index.php?rest_route=%2Fwp%2Fv2%2Fcategories&post=223618"},{"taxonomy":"post_tag","embeddable":true,"href":"https:\/\/grundschule-homberg.de\/wp\/index.php?rest_route=%2Fwp%2Fv2%2Ftags&post=223618"}],"curies":[{"name":"wp","href":"https:\/\/api.w.org\/{rel}","templated":true}]}}