{"id":223742,"date":"2022-07-19T11:04:12","date_gmt":"2022-07-19T09:04:12","guid":{"rendered":"https:\/\/grundschule-homberg.de\/wp\/?p=223742"},"modified":"2022-07-19T11:04:12","modified_gmt":"2022-07-19T09:04:12","slug":"ovag-spendet-3000-e-an-foerderverein","status":"publish","type":"post","link":"https:\/\/grundschule-homberg.de\/wp\/?p=223742","title":{"rendered":"OVAG spendet 3000 \u20ac an F\u00f6rderverein"},"content":{"rendered":"<p>Bereits Ende Juni \u00fcbergab Herr Landrat Manfred G\u00f6rig im Rahmen des Schlossbiergartens einen gro\u00dfz\u00fcgigen Spendenscheck f\u00fcr den F\u00f6rderverein der Grundschule. Mit der Summe wird noch einmal das Schulhofprojekt unterst\u00fctzt, das der F\u00f6rderverein in diesem Jahr vorantreibt. \u00dcber den Sommer soll der obere Schulhofbereich umgebaut werden, um den Schulkindern einen entspannenden, attraktiven und naturnahen Pausenbereich zu bieten, der zur k\u00f6rperlichen Aktivit\u00e4t einl\u00e4dt.<\/p>\n<p><a href=\"https:\/\/i0.wp.com\/grundschule-homberg.de\/wp\/wp-content\/uploads\/2022\/07\/OVAG.jpg?ssl=1\"><img data-recalc-dims=\"1\" loading=\"lazy\" decoding=\"async\" class=\"alignright size-medium wp-image-223743\" src=\"https:\/\/i0.wp.com\/grundschule-homberg.de\/wp\/wp-content\/uploads\/2022\/07\/OVAG.jpg?resize=300%2C145&#038;ssl=1\" alt=\"\" width=\"300\" height=\"145\" srcset=\"https:\/\/i0.wp.com\/grundschule-homberg.de\/wp\/wp-content\/uploads\/2022\/07\/OVAG.jpg?resize=300%2C145&amp;ssl=1 300w, https:\/\/i0.wp.com\/grundschule-homberg.de\/wp\/wp-content\/uploads\/2022\/07\/OVAG.jpg?resize=1024%2C495&amp;ssl=1 1024w, https:\/\/i0.wp.com\/grundschule-homberg.de\/wp\/wp-content\/uploads\/2022\/07\/OVAG.jpg?resize=150%2C73&amp;ssl=1 150w, https:\/\/i0.wp.com\/grundschule-homberg.de\/wp\/wp-content\/uploads\/2022\/07\/OVAG.jpg?resize=768%2C372&amp;ssl=1 768w, https:\/\/i0.wp.com\/grundschule-homberg.de\/wp\/wp-content\/uploads\/2022\/07\/OVAG.jpg?resize=1536%2C743&amp;ssl=1 1536w, https:\/\/i0.wp.com\/grundschule-homberg.de\/wp\/wp-content\/uploads\/2022\/07\/OVAG.jpg?w=1600&amp;ssl=1 1600w, https:\/\/i0.wp.com\/grundschule-homberg.de\/wp\/wp-content\/uploads\/2022\/07\/OVAG.jpg?w=1208&amp;ssl=1 1208w\" sizes=\"auto, (max-width: 300px) 100vw, 300px\" \/><\/a><\/p>\n<p>Der F\u00f6rderverein sagt ein herzliches Dankesch\u00f6n!&nbsp;<\/p>\n","protected":false},"excerpt":{"rendered":"<p>Bereits Ende Juni \u00fcbergab Herr Landrat Manfred G\u00f6rig im Rahmen des Schlossbiergartens einen gro\u00dfz\u00fcgigen Spendenscheck f\u00fcr den F\u00f6rderverein der Grundschule. Mit der Summe wird noch einmal das Schulhofprojekt unterst\u00fctzt, das der F\u00f6rderverein in diesem Jahr vorantreibt. \u00dcber den Sommer soll der obere Schulhofbereich umgebaut werden, um den Schulkindern einen entspannenden, attraktiven und naturnahen Pausenbereich zu &hellip; <a href=\"https:\/\/grundschule-homberg.de\/wp\/?p=223742\" class=\"more-link\"><span class=\"screen-reader-text\">OVAG spendet 3000 \u20ac an F\u00f6rderverein<\/span> weiterlesen <span class=\"meta-nav\">&rarr;<\/span><\/a><\/p>\n","protected":false},"author":2,"featured_media":223743,"comment_status":"closed","ping_status":"closed","sticky":false,"template":"","format":"standard","meta":{"ngg_post_thumbnail":0,"_jetpack_memberships_contains_paid_content":false,"footnotes":""},"categories":[1],"tags":[],"class_list":["post-223742","post","type-post","status-publish","format-standard","has-post-thumbnail","hentry","category-allgemein"],"jetpack_featured_media_url":"https:\/\/i0.wp.com\/grundschule-homberg.de\/wp\/wp-content\/uploads\/2022\/07\/OVAG.jpg?fit=1600%2C774&ssl=1","jetpack_shortlink":"https:\/\/wp.me\/p3XuEZ-WcK","jetpack-related-posts":[],"jetpack_sharing_enabled":true,"_links":{"self":[{"href":"https:\/\/grundschule-homberg.de\/wp\/index.php?rest_route=\/wp\/v2\/posts\/223742","targetHints":{"allow":["GET"]}}],"collection":[{"href":"https:\/\/grundschule-homberg.de\/wp\/index.php?rest_route=\/wp\/v2\/posts"}],"about":[{"href":"https:\/\/grundschule-homberg.de\/wp\/index.php?rest_route=\/wp\/v2\/types\/post"}],"author":[{"embeddable":true,"href":"https:\/\/grundschule-homberg.de\/wp\/index.php?rest_route=\/wp\/v2\/users\/2"}],"replies":[{"embeddable":true,"href":"https:\/\/grundschule-homberg.de\/wp\/index.php?rest_route=%2Fwp%2Fv2%2Fcomments&post=223742"}],"version-history":[{"count":1,"href":"https:\/\/grundschule-homberg.de\/wp\/index.php?rest_route=\/wp\/v2\/posts\/223742\/revisions"}],"predecessor-version":[{"id":223744,"href":"https:\/\/grundschule-homberg.de\/wp\/index.php?rest_route=\/wp\/v2\/posts\/223742\/revisions\/223744"}],"wp:featuredmedia":[{"embeddable":true,"href":"https:\/\/grundschule-homberg.de\/wp\/index.php?rest_route=\/wp\/v2\/media\/223743"}],"wp:attachment":[{"href":"https:\/\/grundschule-homberg.de\/wp\/index.php?rest_route=%2Fwp%2Fv2%2Fmedia&parent=223742"}],"wp:term":[{"taxonomy":"category","embeddable":true,"href":"https:\/\/grundschule-homberg.de\/wp\/index.php?rest_route=%2Fwp%2Fv2%2Fcategories&post=223742"},{"taxonomy":"post_tag","embeddable":true,"href":"https:\/\/grundschule-homberg.de\/wp\/index.php?rest_route=%2Fwp%2Fv2%2Ftags&post=223742"}],"curies":[{"name":"wp","href":"https:\/\/api.w.org\/{rel}","templated":true}]}}