{"id":223745,"date":"2022-07-20T15:17:11","date_gmt":"2022-07-20T13:17:11","guid":{"rendered":"https:\/\/grundschule-homberg.de\/wp\/?p=223745"},"modified":"2022-07-20T15:17:11","modified_gmt":"2022-07-20T13:17:11","slug":"theater-ag-fuehrt-zauberer-von-oz-auf","status":"publish","type":"post","link":"https:\/\/grundschule-homberg.de\/wp\/?p=223745","title":{"rendered":"Theater-AG f\u00fchrt &#8222;Zauberer von Oz&#8220; auf"},"content":{"rendered":"<p>Am Mittwoch, den 20.7.2022 war der gro\u00dfe Tag der Theater-AG. Seit einem Jahr proben die Kinder f\u00fcr diese Auff\u00fchrung. Die Kinder zeigten mit ihrer AG-Leiterin Natascha Wilde und den erwachsenen Schauspielern der Homberger Theatergruppe &#8220; die Labanjer&#8220; das St\u00fcck &#8222;der Zauberer von Oz&#8220;.<\/p>\n<p><a href=\"https:\/\/i0.wp.com\/grundschule-homberg.de\/wp\/wp-content\/uploads\/2022\/07\/629EDA8D-3470-490F-B977-0E85CE261C7C-scaled.jpeg?ssl=1\"><img data-recalc-dims=\"1\" loading=\"lazy\" decoding=\"async\" class=\"size-medium wp-image-223749 alignleft\" src=\"https:\/\/i0.wp.com\/grundschule-homberg.de\/wp\/wp-content\/uploads\/2022\/07\/629EDA8D-3470-490F-B977-0E85CE261C7C.jpeg?resize=300%2C225&#038;ssl=1\" alt=\"\" width=\"300\" height=\"225\" srcset=\"https:\/\/i0.wp.com\/grundschule-homberg.de\/wp\/wp-content\/uploads\/2022\/07\/629EDA8D-3470-490F-B977-0E85CE261C7C-scaled.jpeg?resize=300%2C225&amp;ssl=1 300w, https:\/\/i0.wp.com\/grundschule-homberg.de\/wp\/wp-content\/uploads\/2022\/07\/629EDA8D-3470-490F-B977-0E85CE261C7C-scaled.jpeg?resize=1024%2C768&amp;ssl=1 1024w, https:\/\/i0.wp.com\/grundschule-homberg.de\/wp\/wp-content\/uploads\/2022\/07\/629EDA8D-3470-490F-B977-0E85CE261C7C-scaled.jpeg?resize=150%2C113&amp;ssl=1 150w, https:\/\/i0.wp.com\/grundschule-homberg.de\/wp\/wp-content\/uploads\/2022\/07\/629EDA8D-3470-490F-B977-0E85CE261C7C-scaled.jpeg?resize=768%2C576&amp;ssl=1 768w, https:\/\/i0.wp.com\/grundschule-homberg.de\/wp\/wp-content\/uploads\/2022\/07\/629EDA8D-3470-490F-B977-0E85CE261C7C-scaled.jpeg?resize=1536%2C1152&amp;ssl=1 1536w, https:\/\/i0.wp.com\/grundschule-homberg.de\/wp\/wp-content\/uploads\/2022\/07\/629EDA8D-3470-490F-B977-0E85CE261C7C-scaled.jpeg?resize=2048%2C1536&amp;ssl=1 2048w, https:\/\/i0.wp.com\/grundschule-homberg.de\/wp\/wp-content\/uploads\/2022\/07\/629EDA8D-3470-490F-B977-0E85CE261C7C-scaled.jpeg?w=1208&amp;ssl=1 1208w, https:\/\/i0.wp.com\/grundschule-homberg.de\/wp\/wp-content\/uploads\/2022\/07\/629EDA8D-3470-490F-B977-0E85CE261C7C-scaled.jpeg?w=1812&amp;ssl=1 1812w\" sizes=\"auto, (max-width: 300px) 100vw, 300px\" \/><\/a> <a href=\"https:\/\/i0.wp.com\/grundschule-homberg.de\/wp\/wp-content\/uploads\/2022\/07\/C49766C3-247E-4660-B10F-8D97DCE98A40-scaled.jpeg?ssl=1\"><img data-recalc-dims=\"1\" loading=\"lazy\" decoding=\"async\" class=\"size-medium wp-image-223751 alignright\" src=\"https:\/\/i0.wp.com\/grundschule-homberg.de\/wp\/wp-content\/uploads\/2022\/07\/C49766C3-247E-4660-B10F-8D97DCE98A40.jpeg?resize=300%2C225&#038;ssl=1\" alt=\"\" width=\"300\" height=\"225\" srcset=\"https:\/\/i0.wp.com\/grundschule-homberg.de\/wp\/wp-content\/uploads\/2022\/07\/C49766C3-247E-4660-B10F-8D97DCE98A40-scaled.jpeg?resize=300%2C225&amp;ssl=1 300w, https:\/\/i0.wp.com\/grundschule-homberg.de\/wp\/wp-content\/uploads\/2022\/07\/C49766C3-247E-4660-B10F-8D97DCE98A40-scaled.jpeg?resize=1024%2C768&amp;ssl=1 1024w, https:\/\/i0.wp.com\/grundschule-homberg.de\/wp\/wp-content\/uploads\/2022\/07\/C49766C3-247E-4660-B10F-8D97DCE98A40-scaled.jpeg?resize=150%2C113&amp;ssl=1 150w, https:\/\/i0.wp.com\/grundschule-homberg.de\/wp\/wp-content\/uploads\/2022\/07\/C49766C3-247E-4660-B10F-8D97DCE98A40-scaled.jpeg?resize=768%2C576&amp;ssl=1 768w, https:\/\/i0.wp.com\/grundschule-homberg.de\/wp\/wp-content\/uploads\/2022\/07\/C49766C3-247E-4660-B10F-8D97DCE98A40-scaled.jpeg?resize=1536%2C1152&amp;ssl=1 1536w, https:\/\/i0.wp.com\/grundschule-homberg.de\/wp\/wp-content\/uploads\/2022\/07\/C49766C3-247E-4660-B10F-8D97DCE98A40-scaled.jpeg?resize=2048%2C1536&amp;ssl=1 2048w, https:\/\/i0.wp.com\/grundschule-homberg.de\/wp\/wp-content\/uploads\/2022\/07\/C49766C3-247E-4660-B10F-8D97DCE98A40-scaled.jpeg?w=1208&amp;ssl=1 1208w, https:\/\/i0.wp.com\/grundschule-homberg.de\/wp\/wp-content\/uploads\/2022\/07\/C49766C3-247E-4660-B10F-8D97DCE98A40-scaled.jpeg?w=1812&amp;ssl=1 1812w\" sizes=\"auto, (max-width: 300px) 100vw, 300px\" \/><\/a><\/p>\n<p>&nbsp;<\/p>\n<p>&nbsp;<\/p>\n<p>&nbsp;<\/p>\n<p>&nbsp;<\/p>\n<p>&nbsp;<\/p>\n<p><em>Die kleine Dorothy sucht mit ihrem Hund Toto, den Vogelscheuchen, einem mutlosen L\u00f6wen und einem Blechmann den Zauberer von Oz in der smaragdenen Stadt. Jeder der Figuren hat einen gro\u00dfen Wunsch, der am Ende ein wenig anders als gedacht auch erf\u00fcllt wird. <a href=\"https:\/\/i0.wp.com\/grundschule-homberg.de\/wp\/wp-content\/uploads\/2022\/07\/D18FE66D-3A53-4DB8-9080-2F80508E5F83-scaled.jpeg?ssl=1\"><img data-recalc-dims=\"1\" loading=\"lazy\" decoding=\"async\" class=\"size-medium wp-image-223752 alignleft\" src=\"https:\/\/i0.wp.com\/grundschule-homberg.de\/wp\/wp-content\/uploads\/2022\/07\/D18FE66D-3A53-4DB8-9080-2F80508E5F83.jpeg?resize=300%2C225&#038;ssl=1\" alt=\"\" width=\"300\" height=\"225\" srcset=\"https:\/\/i0.wp.com\/grundschule-homberg.de\/wp\/wp-content\/uploads\/2022\/07\/D18FE66D-3A53-4DB8-9080-2F80508E5F83-scaled.jpeg?resize=300%2C225&amp;ssl=1 300w, https:\/\/i0.wp.com\/grundschule-homberg.de\/wp\/wp-content\/uploads\/2022\/07\/D18FE66D-3A53-4DB8-9080-2F80508E5F83-scaled.jpeg?resize=1024%2C768&amp;ssl=1 1024w, https:\/\/i0.wp.com\/grundschule-homberg.de\/wp\/wp-content\/uploads\/2022\/07\/D18FE66D-3A53-4DB8-9080-2F80508E5F83-scaled.jpeg?resize=150%2C113&amp;ssl=1 150w, https:\/\/i0.wp.com\/grundschule-homberg.de\/wp\/wp-content\/uploads\/2022\/07\/D18FE66D-3A53-4DB8-9080-2F80508E5F83-scaled.jpeg?resize=768%2C576&amp;ssl=1 768w, https:\/\/i0.wp.com\/grundschule-homberg.de\/wp\/wp-content\/uploads\/2022\/07\/D18FE66D-3A53-4DB8-9080-2F80508E5F83-scaled.jpeg?resize=1536%2C1152&amp;ssl=1 1536w, https:\/\/i0.wp.com\/grundschule-homberg.de\/wp\/wp-content\/uploads\/2022\/07\/D18FE66D-3A53-4DB8-9080-2F80508E5F83-scaled.jpeg?resize=2048%2C1536&amp;ssl=1 2048w, https:\/\/i0.wp.com\/grundschule-homberg.de\/wp\/wp-content\/uploads\/2022\/07\/D18FE66D-3A53-4DB8-9080-2F80508E5F83-scaled.jpeg?w=1208&amp;ssl=1 1208w, https:\/\/i0.wp.com\/grundschule-homberg.de\/wp\/wp-content\/uploads\/2022\/07\/D18FE66D-3A53-4DB8-9080-2F80508E5F83-scaled.jpeg?w=1812&amp;ssl=1 1812w\" sizes=\"auto, (max-width: 300px) 100vw, 300px\" \/><\/a><\/em><\/p>\n<p>&nbsp;<\/p>\n<p>Gespannt verfolgten die Kinder der Grundschule am Vormittag die Auff\u00fchrung, die leider wegen technischer Probleme etwas sp\u00e4ter starten musste. Das steigerte die Hitze und die Aufregung. Um so sch\u00f6ner war der Applaus am Ende, mit dem die tolle Leistung der kleinen und gro\u00dfen SchauspielerInnen bedacht wurde.&nbsp;<\/p>\n<p><a href=\"https:\/\/i0.wp.com\/grundschule-homberg.de\/wp\/wp-content\/uploads\/2022\/07\/9EFD4EA6-C807-4621-BDFB-8D25FB29FCC7-scaled.jpeg?ssl=1\"><img data-recalc-dims=\"1\" loading=\"lazy\" decoding=\"async\" class=\"size-medium wp-image-223747 alignright\" src=\"https:\/\/i0.wp.com\/grundschule-homberg.de\/wp\/wp-content\/uploads\/2022\/07\/9EFD4EA6-C807-4621-BDFB-8D25FB29FCC7.jpeg?resize=300%2C225&#038;ssl=1\" alt=\"\" width=\"300\" height=\"225\" srcset=\"https:\/\/i0.wp.com\/grundschule-homberg.de\/wp\/wp-content\/uploads\/2022\/07\/9EFD4EA6-C807-4621-BDFB-8D25FB29FCC7-scaled.jpeg?resize=300%2C225&amp;ssl=1 300w, https:\/\/i0.wp.com\/grundschule-homberg.de\/wp\/wp-content\/uploads\/2022\/07\/9EFD4EA6-C807-4621-BDFB-8D25FB29FCC7-scaled.jpeg?resize=1024%2C768&amp;ssl=1 1024w, https:\/\/i0.wp.com\/grundschule-homberg.de\/wp\/wp-content\/uploads\/2022\/07\/9EFD4EA6-C807-4621-BDFB-8D25FB29FCC7-scaled.jpeg?resize=150%2C113&amp;ssl=1 150w, https:\/\/i0.wp.com\/grundschule-homberg.de\/wp\/wp-content\/uploads\/2022\/07\/9EFD4EA6-C807-4621-BDFB-8D25FB29FCC7-scaled.jpeg?resize=768%2C576&amp;ssl=1 768w, https:\/\/i0.wp.com\/grundschule-homberg.de\/wp\/wp-content\/uploads\/2022\/07\/9EFD4EA6-C807-4621-BDFB-8D25FB29FCC7-scaled.jpeg?resize=1536%2C1152&amp;ssl=1 1536w, https:\/\/i0.wp.com\/grundschule-homberg.de\/wp\/wp-content\/uploads\/2022\/07\/9EFD4EA6-C807-4621-BDFB-8D25FB29FCC7-scaled.jpeg?resize=2048%2C1536&amp;ssl=1 2048w, https:\/\/i0.wp.com\/grundschule-homberg.de\/wp\/wp-content\/uploads\/2022\/07\/9EFD4EA6-C807-4621-BDFB-8D25FB29FCC7-scaled.jpeg?w=1208&amp;ssl=1 1208w, https:\/\/i0.wp.com\/grundschule-homberg.de\/wp\/wp-content\/uploads\/2022\/07\/9EFD4EA6-C807-4621-BDFB-8D25FB29FCC7-scaled.jpeg?w=1812&amp;ssl=1 1812w\" sizes=\"auto, (max-width: 300px) 100vw, 300px\" \/><\/a> <a href=\"https:\/\/i0.wp.com\/grundschule-homberg.de\/wp\/wp-content\/uploads\/2022\/07\/4C3A636A-B08E-49B8-99CF-360AF277A1F5-scaled.jpeg?ssl=1\"><img data-recalc-dims=\"1\" loading=\"lazy\" decoding=\"async\" class=\"size-medium wp-image-223746 alignright\" src=\"https:\/\/i0.wp.com\/grundschule-homberg.de\/wp\/wp-content\/uploads\/2022\/07\/4C3A636A-B08E-49B8-99CF-360AF277A1F5.jpeg?resize=300%2C225&#038;ssl=1\" alt=\"\" width=\"300\" height=\"225\" srcset=\"https:\/\/i0.wp.com\/grundschule-homberg.de\/wp\/wp-content\/uploads\/2022\/07\/4C3A636A-B08E-49B8-99CF-360AF277A1F5-scaled.jpeg?resize=300%2C225&amp;ssl=1 300w, https:\/\/i0.wp.com\/grundschule-homberg.de\/wp\/wp-content\/uploads\/2022\/07\/4C3A636A-B08E-49B8-99CF-360AF277A1F5-scaled.jpeg?resize=1024%2C768&amp;ssl=1 1024w, https:\/\/i0.wp.com\/grundschule-homberg.de\/wp\/wp-content\/uploads\/2022\/07\/4C3A636A-B08E-49B8-99CF-360AF277A1F5-scaled.jpeg?resize=150%2C113&amp;ssl=1 150w, https:\/\/i0.wp.com\/grundschule-homberg.de\/wp\/wp-content\/uploads\/2022\/07\/4C3A636A-B08E-49B8-99CF-360AF277A1F5-scaled.jpeg?resize=768%2C576&amp;ssl=1 768w, https:\/\/i0.wp.com\/grundschule-homberg.de\/wp\/wp-content\/uploads\/2022\/07\/4C3A636A-B08E-49B8-99CF-360AF277A1F5-scaled.jpeg?resize=1536%2C1152&amp;ssl=1 1536w, https:\/\/i0.wp.com\/grundschule-homberg.de\/wp\/wp-content\/uploads\/2022\/07\/4C3A636A-B08E-49B8-99CF-360AF277A1F5-scaled.jpeg?resize=2048%2C1536&amp;ssl=1 2048w, https:\/\/i0.wp.com\/grundschule-homberg.de\/wp\/wp-content\/uploads\/2022\/07\/4C3A636A-B08E-49B8-99CF-360AF277A1F5-scaled.jpeg?w=1208&amp;ssl=1 1208w, https:\/\/i0.wp.com\/grundschule-homberg.de\/wp\/wp-content\/uploads\/2022\/07\/4C3A636A-B08E-49B8-99CF-360AF277A1F5-scaled.jpeg?w=1812&amp;ssl=1 1812w\" sizes=\"auto, (max-width: 300px) 100vw, 300px\" \/><\/a><\/p>\n<p>&nbsp;<\/p>\n<p>&nbsp;<\/p>\n<p>&nbsp;<\/p>\n<p>&nbsp;<\/p>\n<p><strong>Vielen Dank an Frau Wilde und die Labanjer f\u00fcr das tolle Theaterprojekt!<\/strong><\/p>\n<p><strong><a href=\"https:\/\/i0.wp.com\/grundschule-homberg.de\/wp\/wp-content\/uploads\/2022\/07\/8354FC70-DF17-4C31-A4A4-0145A7515EDC-scaled.jpeg?ssl=1\"><img data-recalc-dims=\"1\" loading=\"lazy\" decoding=\"async\" class=\"size-medium wp-image-223750 alignleft\" src=\"https:\/\/i0.wp.com\/grundschule-homberg.de\/wp\/wp-content\/uploads\/2022\/07\/8354FC70-DF17-4C31-A4A4-0145A7515EDC.jpeg?resize=300%2C225&#038;ssl=1\" alt=\"\" width=\"300\" height=\"225\" srcset=\"https:\/\/i0.wp.com\/grundschule-homberg.de\/wp\/wp-content\/uploads\/2022\/07\/8354FC70-DF17-4C31-A4A4-0145A7515EDC-scaled.jpeg?resize=300%2C225&amp;ssl=1 300w, https:\/\/i0.wp.com\/grundschule-homberg.de\/wp\/wp-content\/uploads\/2022\/07\/8354FC70-DF17-4C31-A4A4-0145A7515EDC-scaled.jpeg?resize=1024%2C768&amp;ssl=1 1024w, https:\/\/i0.wp.com\/grundschule-homberg.de\/wp\/wp-content\/uploads\/2022\/07\/8354FC70-DF17-4C31-A4A4-0145A7515EDC-scaled.jpeg?resize=150%2C113&amp;ssl=1 150w, https:\/\/i0.wp.com\/grundschule-homberg.de\/wp\/wp-content\/uploads\/2022\/07\/8354FC70-DF17-4C31-A4A4-0145A7515EDC-scaled.jpeg?resize=768%2C576&amp;ssl=1 768w, https:\/\/i0.wp.com\/grundschule-homberg.de\/wp\/wp-content\/uploads\/2022\/07\/8354FC70-DF17-4C31-A4A4-0145A7515EDC-scaled.jpeg?resize=1536%2C1152&amp;ssl=1 1536w, https:\/\/i0.wp.com\/grundschule-homberg.de\/wp\/wp-content\/uploads\/2022\/07\/8354FC70-DF17-4C31-A4A4-0145A7515EDC-scaled.jpeg?resize=2048%2C1536&amp;ssl=1 2048w, https:\/\/i0.wp.com\/grundschule-homberg.de\/wp\/wp-content\/uploads\/2022\/07\/8354FC70-DF17-4C31-A4A4-0145A7515EDC-scaled.jpeg?w=1208&amp;ssl=1 1208w, https:\/\/i0.wp.com\/grundschule-homberg.de\/wp\/wp-content\/uploads\/2022\/07\/8354FC70-DF17-4C31-A4A4-0145A7515EDC-scaled.jpeg?w=1812&amp;ssl=1 1812w\" sizes=\"auto, (max-width: 300px) 100vw, 300px\" \/><\/a><\/strong><\/p>\n<p>&nbsp;<\/p>\n<p>&nbsp;<\/p>\n","protected":false},"excerpt":{"rendered":"<p>Am Mittwoch, den 20.7.2022 war der gro\u00dfe Tag der Theater-AG. Seit einem Jahr proben die Kinder f\u00fcr diese Auff\u00fchrung. Die Kinder zeigten mit ihrer AG-Leiterin Natascha Wilde und den erwachsenen Schauspielern der Homberger Theatergruppe &#8220; die Labanjer&#8220; das St\u00fcck &#8222;der Zauberer von Oz&#8220;. &nbsp; &nbsp; &nbsp; &nbsp; &nbsp; Die kleine Dorothy sucht mit ihrem Hund &hellip; <a href=\"https:\/\/grundschule-homberg.de\/wp\/?p=223745\" class=\"more-link\"><span class=\"screen-reader-text\">Theater-AG f\u00fchrt &#8222;Zauberer von Oz&#8220; auf<\/span> weiterlesen <span class=\"meta-nav\">&rarr;<\/span><\/a><\/p>\n","protected":false},"author":2,"featured_media":223748,"comment_status":"closed","ping_status":"closed","sticky":false,"template":"","format":"standard","meta":{"ngg_post_thumbnail":0,"_jetpack_memberships_contains_paid_content":false,"footnotes":""},"categories":[1],"tags":[],"class_list":["post-223745","post","type-post","status-publish","format-standard","has-post-thumbnail","hentry","category-allgemein"],"jetpack_featured_media_url":"https:\/\/i0.wp.com\/grundschule-homberg.de\/wp\/wp-content\/uploads\/2022\/07\/18DDF30D-21D8-4939-A8B1-156E9893BCAC-scaled.jpeg?fit=2560%2C1920&ssl=1","jetpack_shortlink":"https:\/\/wp.me\/p3XuEZ-WcN","jetpack-related-posts":[],"jetpack_sharing_enabled":true,"_links":{"self":[{"href":"https:\/\/grundschule-homberg.de\/wp\/index.php?rest_route=\/wp\/v2\/posts\/223745","targetHints":{"allow":["GET"]}}],"collection":[{"href":"https:\/\/grundschule-homberg.de\/wp\/index.php?rest_route=\/wp\/v2\/posts"}],"about":[{"href":"https:\/\/grundschule-homberg.de\/wp\/index.php?rest_route=\/wp\/v2\/types\/post"}],"author":[{"embeddable":true,"href":"https:\/\/grundschule-homberg.de\/wp\/index.php?rest_route=\/wp\/v2\/users\/2"}],"replies":[{"embeddable":true,"href":"https:\/\/grundschule-homberg.de\/wp\/index.php?rest_route=%2Fwp%2Fv2%2Fcomments&post=223745"}],"version-history":[{"count":1,"href":"https:\/\/grundschule-homberg.de\/wp\/index.php?rest_route=\/wp\/v2\/posts\/223745\/revisions"}],"predecessor-version":[{"id":223753,"href":"https:\/\/grundschule-homberg.de\/wp\/index.php?rest_route=\/wp\/v2\/posts\/223745\/revisions\/223753"}],"wp:featuredmedia":[{"embeddable":true,"href":"https:\/\/grundschule-homberg.de\/wp\/index.php?rest_route=\/wp\/v2\/media\/223748"}],"wp:attachment":[{"href":"https:\/\/grundschule-homberg.de\/wp\/index.php?rest_route=%2Fwp%2Fv2%2Fmedia&parent=223745"}],"wp:term":[{"taxonomy":"category","embeddable":true,"href":"https:\/\/grundschule-homberg.de\/wp\/index.php?rest_route=%2Fwp%2Fv2%2Fcategories&post=223745"},{"taxonomy":"post_tag","embeddable":true,"href":"https:\/\/grundschule-homberg.de\/wp\/index.php?rest_route=%2Fwp%2Fv2%2Ftags&post=223745"}],"curies":[{"name":"wp","href":"https:\/\/api.w.org\/{rel}","templated":true}]}}