{"id":223755,"date":"2022-07-21T10:49:28","date_gmt":"2022-07-21T08:49:28","guid":{"rendered":"https:\/\/grundschule-homberg.de\/wp\/?p=223755"},"modified":"2022-07-21T10:49:28","modified_gmt":"2022-07-21T08:49:28","slug":"aenderungen-im-linienverkehr-zum-neuen-schuljahr-05-09-2022","status":"publish","type":"post","link":"https:\/\/grundschule-homberg.de\/wp\/?p=223755","title":{"rendered":"\u00c4nderungen im Linienverkehr zum neuen Schuljahr (05.09.2022)"},"content":{"rendered":"<p>Auf den Linien VB-13, VB-71 und VB-81 erfolgen die R\u00fcckfahrten vom Schulstandort zuk\u00fcnftig 5 Minter sp\u00e4ter. Siehe beigef\u00fcgte Fahrpl\u00e4ne.<\/p>\n<p><a href=\"https:\/\/grundschule-homberg.de\/wp\/wp-content\/uploads\/2022\/07\/VB-13-Bau-FPL-2022-09-05-markierte-Aenderungen.pdf\">VB-13 Bau-FPL &#8211; 2022-09-05 &#8211; markierte \u00c4nderungen<\/a><\/p>\n<p><a href=\"https:\/\/grundschule-homberg.de\/wp\/wp-content\/uploads\/2022\/07\/VB-71-Bau-FPL-2022-09-05-markierte-Aenderungen.pdf\">VB-71 Bau-FPL &#8211; 2022-09-05 &#8211; markierte \u00c4nderungen<\/a><\/p>\n<p><a href=\"https:\/\/grundschule-homberg.de\/wp\/wp-content\/uploads\/2022\/07\/VB-81-2022-09-05-markierte-Aenderungen.pdf\">VB-81 &#8211; 2022-09-05 &#8211; markierte \u00c4nderungen<\/a><\/p>\n","protected":false},"excerpt":{"rendered":"<p>Auf den Linien VB-13, VB-71 und VB-81 erfolgen die R\u00fcckfahrten vom Schulstandort zuk\u00fcnftig 5 Minter sp\u00e4ter. Siehe beigef\u00fcgte Fahrpl\u00e4ne. VB-13 Bau-FPL &#8211; 2022-09-05 &#8211; markierte \u00c4nderungen VB-71 Bau-FPL &#8211; 2022-09-05 &#8211; markierte \u00c4nderungen VB-81 &#8211; 2022-09-05 &#8211; markierte \u00c4nderungen<\/p>\n","protected":false},"author":33,"featured_media":222915,"comment_status":"closed","ping_status":"closed","sticky":false,"template":"","format":"standard","meta":{"ngg_post_thumbnail":0,"_jetpack_memberships_contains_paid_content":false,"footnotes":""},"categories":[1],"tags":[],"class_list":["post-223755","post","type-post","status-publish","format-standard","has-post-thumbnail","hentry","category-allgemein"],"jetpack_featured_media_url":"https:\/\/i0.wp.com\/grundschule-homberg.de\/wp\/wp-content\/uploads\/2020\/10\/GruSchu-Icon.jpg?fit=388%2C312&ssl=1","jetpack_shortlink":"https:\/\/wp.me\/p3XuEZ-WcX","jetpack-related-posts":[],"jetpack_sharing_enabled":true,"_links":{"self":[{"href":"https:\/\/grundschule-homberg.de\/wp\/index.php?rest_route=\/wp\/v2\/posts\/223755","targetHints":{"allow":["GET"]}}],"collection":[{"href":"https:\/\/grundschule-homberg.de\/wp\/index.php?rest_route=\/wp\/v2\/posts"}],"about":[{"href":"https:\/\/grundschule-homberg.de\/wp\/index.php?rest_route=\/wp\/v2\/types\/post"}],"author":[{"embeddable":true,"href":"https:\/\/grundschule-homberg.de\/wp\/index.php?rest_route=\/wp\/v2\/users\/33"}],"replies":[{"embeddable":true,"href":"https:\/\/grundschule-homberg.de\/wp\/index.php?rest_route=%2Fwp%2Fv2%2Fcomments&post=223755"}],"version-history":[{"count":2,"href":"https:\/\/grundschule-homberg.de\/wp\/index.php?rest_route=\/wp\/v2\/posts\/223755\/revisions"}],"predecessor-version":[{"id":223760,"href":"https:\/\/grundschule-homberg.de\/wp\/index.php?rest_route=\/wp\/v2\/posts\/223755\/revisions\/223760"}],"wp:featuredmedia":[{"embeddable":true,"href":"https:\/\/grundschule-homberg.de\/wp\/index.php?rest_route=\/wp\/v2\/media\/222915"}],"wp:attachment":[{"href":"https:\/\/grundschule-homberg.de\/wp\/index.php?rest_route=%2Fwp%2Fv2%2Fmedia&parent=223755"}],"wp:term":[{"taxonomy":"category","embeddable":true,"href":"https:\/\/grundschule-homberg.de\/wp\/index.php?rest_route=%2Fwp%2Fv2%2Fcategories&post=223755"},{"taxonomy":"post_tag","embeddable":true,"href":"https:\/\/grundschule-homberg.de\/wp\/index.php?rest_route=%2Fwp%2Fv2%2Ftags&post=223755"}],"curies":[{"name":"wp","href":"https:\/\/api.w.org\/{rel}","templated":true}]}}