{"id":223820,"date":"2022-09-20T12:01:07","date_gmt":"2022-09-20T10:01:07","guid":{"rendered":"https:\/\/grundschule-homberg.de\/wp\/?p=223820"},"modified":"2022-09-20T12:01:07","modified_gmt":"2022-09-20T10:01:07","slug":"sommerferienbetreuung-2022","status":"publish","type":"post","link":"https:\/\/grundschule-homberg.de\/wp\/?p=223820","title":{"rendered":"Sommerferienbetreuung 2022"},"content":{"rendered":"<p>Am Montag, den 25. Juli 2022 startete das Programm der&nbsp;Grundschulkindbetreuung in die diesj\u00e4hrigen Sommerferien. Auch in diesem Jahr wurde das Team der Betreuung von Kooperationspartnern und Eltern mit tollen Angeboten f\u00fcr die Kinder in ihrem Programm unterst\u00fctzt. Daf\u00fcr m\u00f6chten wir uns herzlich bedanken.<\/p>\n<p>Schon die erste Ferienwoche bot den Kindern ein breit gef\u00e4chertes&nbsp;Programm. Dabei hatten die Kinder an einigen Tagen \u201edie Wahl der Qual\u201c&nbsp;und konnten sich zwischen mehreren Angeboten entscheiden.&nbsp;Ob beim Kreativtag, bei dem die Kinder ihrer Phantasie beim Batiken von&nbsp;Taschen und Shirts freien Lauf lassen konnten oder dem Action Painting&nbsp;sowie der Erstellung eines Trickfilms \u2013 die Kinder hatten gro\u00dfen Spa\u00df am&nbsp;Ausprobieren.<\/p>\n<p>Ein besonderes Highlight der Woche war der Ausflug in den Vogelpark in&nbsp;Schotten. Mit \u00fcber 60 Tierarten, einem Sinnespark, Spielplatz und vielen&nbsp;Ruhepl\u00e4tzen konnten die Kinder dort auf Entdeckungstour gehen.&nbsp;Abgerundet wurde die Woche mit den obligatorischen Wasserspielen,&nbsp;verbunden mit selbstgemachtem Eis, was in diesem Jahr f\u00fcr die ben\u00f6tigte&nbsp;Abk\u00fchlung von innen und au\u00dfen sorgte.<\/p>\n<p>Die zweite Ferienwoche verbrachten die Kinder \u2013 mit einer Ausnahme \u2013 ausschlie\u00dflich im Wald. Hier konnten sie neben einigen Angeboten (Waldparcours und Waldspiele) ihre Phantasie und Kreativit\u00e4t ausleben. So wurde unter anderem mit Naturmaterialien gebastelt und der Wald mit allen Sinnen wahrgenommen. Am Mittwoch fand dann der zweite Ausflug statt. Die Fahrt f\u00fchrte die Kinder und das Betreuungsteam nach W\u00f6lfersheim zum Fu\u00dfballminigolf. Trotz gro\u00dfer Hitze an diesem Tag, haben die Kinder gut durchgehalten und hatten viel Spa\u00df daran, sich nach Herzenslust mit den \u201eF\u00fc\u00dfen\u201c auszutoben.<\/p>\n<p><a href=\"https:\/\/i0.wp.com\/grundschule-homberg.de\/wp\/wp-content\/uploads\/2022\/09\/Sommerferien.jpg?ssl=1\"><img data-recalc-dims=\"1\" loading=\"lazy\" decoding=\"async\" class=\"alignright size-medium wp-image-223821\" src=\"https:\/\/i0.wp.com\/grundschule-homberg.de\/wp\/wp-content\/uploads\/2022\/09\/Sommerferien.jpg?resize=300%2C300&#038;ssl=1\" alt=\"\" width=\"300\" height=\"300\" srcset=\"https:\/\/i0.wp.com\/grundschule-homberg.de\/wp\/wp-content\/uploads\/2022\/09\/Sommerferien.jpg?resize=300%2C300&amp;ssl=1 300w, https:\/\/i0.wp.com\/grundschule-homberg.de\/wp\/wp-content\/uploads\/2022\/09\/Sommerferien.jpg?resize=1024%2C1024&amp;ssl=1 1024w, https:\/\/i0.wp.com\/grundschule-homberg.de\/wp\/wp-content\/uploads\/2022\/09\/Sommerferien.jpg?resize=150%2C150&amp;ssl=1 150w, https:\/\/i0.wp.com\/grundschule-homberg.de\/wp\/wp-content\/uploads\/2022\/09\/Sommerferien.jpg?resize=768%2C768&amp;ssl=1 768w, https:\/\/i0.wp.com\/grundschule-homberg.de\/wp\/wp-content\/uploads\/2022\/09\/Sommerferien.jpg?w=1088&amp;ssl=1 1088w\" sizes=\"auto, (max-width: 300px) 100vw, 300px\" \/><\/a><\/p>\n<p>Die dritte Woche der Ferien startete mit einem Tag im Homberger Schwimmbad. Dort konnten sich die Kinder bei sommerlichen Temperaturen die gew\u00fcnschte Abk\u00fchlung holen. In dieser Woche standen noch weitere Highlights auf dem Programm. Die Betreuung bekam tierischen Besuch von den Therapiehunden Jolande und Goethe und ihrer Betreuerin. Dabei wurde den Kindern ein respektvoller Umgang mit den Tieren vermittelt und Vertrauen zu ihnen aufgebaut. Am n\u00e4chsten Tag konnten die Kinder an einem Angelausflug teilnehmen und dabei lernen, wie man mit den verschiedenen Angelmaterialien umgeht. Die geangelten Fische wurden wieder freigesetzt und die Kinder erhielten eine Urkunde sowie einen Pokal zur Erinnerung an diesen sch\u00f6nen Tag. Unser Dank f\u00fcr diese Aktion geht an Herrn R\u00f6hrich.<\/p>\n<p>Der dritte Ausflug f\u00fchrte die Kinder in das Freilichtmuseum in&nbsp;Neu-Anspach. Bei den Workshops \u201eLeben und Spielen auf dem Land\u201c sowie&nbsp;\u201eWir bauen ein Fachwerkhaus\u201c konnten die Kinder in das Dorfleben der&nbsp;letzten Jahrhunderte eintauchen.&nbsp;Abgerundet wurden die Ferienspiele am letzten Tag mit einem weiteren&nbsp;kreativen Angebot. Die Kinder malten ein Bild und dieses wurde dann auf&nbsp;Tassen gedruckt. Vielen Dank an Familie Wagner f\u00fcr dieses tolle&nbsp;Erinnerungsst\u00fcck an die Sommerferien 2022.<\/p>\n<p>Trotz der vielf\u00e4ltigen Angebote, blieb den Kindern noch ausreichend Zeit&nbsp;zum freien Spiel und eigenen Ideen. Alles in allem war die Ferienzeit&nbsp;sowohl f\u00fcr die Kinder als auch f\u00fcr die Betreuer gef\u00fcllt mit sch\u00f6nen&nbsp;Stunden und viel Sonnenschein.&nbsp;Damit man einen visuellen Eindruck von den verschiedenen Aktionen&nbsp;gewinnen kann, h\u00e4ngen an den Fenstern der Betreuung Plakate mit sch\u00f6nen&nbsp;Fotocollagen zum Anschauen aus.<\/p>\n<p>&nbsp;<\/p>\n<p>&nbsp;<\/p>\n","protected":false},"excerpt":{"rendered":"<p>Am Montag, den 25. Juli 2022 startete das Programm der&nbsp;Grundschulkindbetreuung in die diesj\u00e4hrigen Sommerferien. Auch in diesem Jahr wurde das Team der Betreuung von Kooperationspartnern und Eltern mit tollen Angeboten f\u00fcr die Kinder in ihrem Programm unterst\u00fctzt. Daf\u00fcr m\u00f6chten wir uns herzlich bedanken. Schon die erste Ferienwoche bot den Kindern ein breit gef\u00e4chertes&nbsp;Programm. Dabei hatten &hellip; <a href=\"https:\/\/grundschule-homberg.de\/wp\/?p=223820\" class=\"more-link\"><span class=\"screen-reader-text\">Sommerferienbetreuung 2022<\/span> weiterlesen <span class=\"meta-nav\">&rarr;<\/span><\/a><\/p>\n","protected":false},"author":2,"featured_media":223821,"comment_status":"closed","ping_status":"closed","sticky":false,"template":"","format":"standard","meta":{"ngg_post_thumbnail":0,"_jetpack_memberships_contains_paid_content":false,"footnotes":""},"categories":[1],"tags":[],"class_list":["post-223820","post","type-post","status-publish","format-standard","has-post-thumbnail","hentry","category-allgemein"],"jetpack_featured_media_url":"https:\/\/i0.wp.com\/grundschule-homberg.de\/wp\/wp-content\/uploads\/2022\/09\/Sommerferien.jpg?fit=1088%2C1088&ssl=1","jetpack_shortlink":"https:\/\/wp.me\/p3XuEZ-We0","jetpack-related-posts":[],"jetpack_sharing_enabled":true,"_links":{"self":[{"href":"https:\/\/grundschule-homberg.de\/wp\/index.php?rest_route=\/wp\/v2\/posts\/223820","targetHints":{"allow":["GET"]}}],"collection":[{"href":"https:\/\/grundschule-homberg.de\/wp\/index.php?rest_route=\/wp\/v2\/posts"}],"about":[{"href":"https:\/\/grundschule-homberg.de\/wp\/index.php?rest_route=\/wp\/v2\/types\/post"}],"author":[{"embeddable":true,"href":"https:\/\/grundschule-homberg.de\/wp\/index.php?rest_route=\/wp\/v2\/users\/2"}],"replies":[{"embeddable":true,"href":"https:\/\/grundschule-homberg.de\/wp\/index.php?rest_route=%2Fwp%2Fv2%2Fcomments&post=223820"}],"version-history":[{"count":1,"href":"https:\/\/grundschule-homberg.de\/wp\/index.php?rest_route=\/wp\/v2\/posts\/223820\/revisions"}],"predecessor-version":[{"id":223822,"href":"https:\/\/grundschule-homberg.de\/wp\/index.php?rest_route=\/wp\/v2\/posts\/223820\/revisions\/223822"}],"wp:featuredmedia":[{"embeddable":true,"href":"https:\/\/grundschule-homberg.de\/wp\/index.php?rest_route=\/wp\/v2\/media\/223821"}],"wp:attachment":[{"href":"https:\/\/grundschule-homberg.de\/wp\/index.php?rest_route=%2Fwp%2Fv2%2Fmedia&parent=223820"}],"wp:term":[{"taxonomy":"category","embeddable":true,"href":"https:\/\/grundschule-homberg.de\/wp\/index.php?rest_route=%2Fwp%2Fv2%2Fcategories&post=223820"},{"taxonomy":"post_tag","embeddable":true,"href":"https:\/\/grundschule-homberg.de\/wp\/index.php?rest_route=%2Fwp%2Fv2%2Ftags&post=223820"}],"curies":[{"name":"wp","href":"https:\/\/api.w.org\/{rel}","templated":true}]}}