{"id":223824,"date":"2022-09-20T12:37:10","date_gmt":"2022-09-20T10:37:10","guid":{"rendered":"https:\/\/grundschule-homberg.de\/wp\/?p=223824"},"modified":"2022-09-20T12:37:10","modified_gmt":"2022-09-20T10:37:10","slug":"evangelische-kirchengemeinde-spendet-erloes-des-gemeindefestes","status":"publish","type":"post","link":"https:\/\/grundschule-homberg.de\/wp\/?p=223824","title":{"rendered":"Evangelische Kirchengemeinde spendet Erl\u00f6s des Gemeindefestes"},"content":{"rendered":"<p>Dieser Tage \u00fcbergab Pfarrer Michael Koch eine Spendenscheck \u00fcber 1550 \u20ac an die Vorsitzende des F\u00f6rdervereins Julia Braun-Seibert. Das Geld war der Erl\u00f6s des Gemeindefestes, das am 4. September bei sch\u00f6nen Wetter und guter Stimmung stattfand. Frau Braun Seibert und Schulleiterin Eva Sartorius freuten sich \u00fcber die Spende f\u00fcr den Schulhof und zeigten stolz den Fortschritt auf der Baustelle. Allerdings ist dies erst der erste Bauabschnitt. Die beiden unteren H\u00f6fe sollten, wenn es nach den Vorstellungen des F\u00f6rdervereins geht, auch zeitnah in Angriff genommen werden.<\/p>\n<p><a href=\"https:\/\/i0.wp.com\/grundschule-homberg.de\/wp\/wp-content\/uploads\/2022\/09\/Spenden.jpg?ssl=1\"><img data-recalc-dims=\"1\" loading=\"lazy\" decoding=\"async\" class=\"size-medium wp-image-223825 alignleft\" src=\"https:\/\/i0.wp.com\/grundschule-homberg.de\/wp\/wp-content\/uploads\/2022\/09\/Spenden.jpg?resize=300%2C225&#038;ssl=1\" alt=\"\" width=\"300\" height=\"225\" srcset=\"https:\/\/i0.wp.com\/grundschule-homberg.de\/wp\/wp-content\/uploads\/2022\/09\/Spenden.jpg?resize=300%2C225&amp;ssl=1 300w, https:\/\/i0.wp.com\/grundschule-homberg.de\/wp\/wp-content\/uploads\/2022\/09\/Spenden.jpg?resize=1024%2C768&amp;ssl=1 1024w, https:\/\/i0.wp.com\/grundschule-homberg.de\/wp\/wp-content\/uploads\/2022\/09\/Spenden.jpg?resize=150%2C113&amp;ssl=1 150w, https:\/\/i0.wp.com\/grundschule-homberg.de\/wp\/wp-content\/uploads\/2022\/09\/Spenden.jpg?resize=768%2C576&amp;ssl=1 768w, https:\/\/i0.wp.com\/grundschule-homberg.de\/wp\/wp-content\/uploads\/2022\/09\/Spenden.jpg?w=1280&amp;ssl=1 1280w, https:\/\/i0.wp.com\/grundschule-homberg.de\/wp\/wp-content\/uploads\/2022\/09\/Spenden.jpg?w=1208&amp;ssl=1 1208w\" sizes=\"auto, (max-width: 300px) 100vw, 300px\" \/><\/a><\/p>\n<p>Vielen Dank an die evangelische Kirchengemeinde!<\/p>\n","protected":false},"excerpt":{"rendered":"<p>Dieser Tage \u00fcbergab Pfarrer Michael Koch eine Spendenscheck \u00fcber 1550 \u20ac an die Vorsitzende des F\u00f6rdervereins Julia Braun-Seibert. Das Geld war der Erl\u00f6s des Gemeindefestes, das am 4. September bei sch\u00f6nen Wetter und guter Stimmung stattfand. Frau Braun Seibert und Schulleiterin Eva Sartorius freuten sich \u00fcber die Spende f\u00fcr den Schulhof und zeigten stolz den &hellip; <a href=\"https:\/\/grundschule-homberg.de\/wp\/?p=223824\" class=\"more-link\"><span class=\"screen-reader-text\">Evangelische Kirchengemeinde spendet Erl\u00f6s des Gemeindefestes<\/span> weiterlesen <span class=\"meta-nav\">&rarr;<\/span><\/a><\/p>\n","protected":false},"author":2,"featured_media":223825,"comment_status":"closed","ping_status":"closed","sticky":false,"template":"","format":"standard","meta":{"ngg_post_thumbnail":0,"_jetpack_memberships_contains_paid_content":false,"footnotes":""},"categories":[1],"tags":[],"class_list":["post-223824","post","type-post","status-publish","format-standard","has-post-thumbnail","hentry","category-allgemein"],"jetpack_featured_media_url":"https:\/\/i0.wp.com\/grundschule-homberg.de\/wp\/wp-content\/uploads\/2022\/09\/Spenden.jpg?fit=1280%2C960&ssl=1","jetpack_shortlink":"https:\/\/wp.me\/p3XuEZ-We4","jetpack-related-posts":[],"jetpack_sharing_enabled":true,"_links":{"self":[{"href":"https:\/\/grundschule-homberg.de\/wp\/index.php?rest_route=\/wp\/v2\/posts\/223824","targetHints":{"allow":["GET"]}}],"collection":[{"href":"https:\/\/grundschule-homberg.de\/wp\/index.php?rest_route=\/wp\/v2\/posts"}],"about":[{"href":"https:\/\/grundschule-homberg.de\/wp\/index.php?rest_route=\/wp\/v2\/types\/post"}],"author":[{"embeddable":true,"href":"https:\/\/grundschule-homberg.de\/wp\/index.php?rest_route=\/wp\/v2\/users\/2"}],"replies":[{"embeddable":true,"href":"https:\/\/grundschule-homberg.de\/wp\/index.php?rest_route=%2Fwp%2Fv2%2Fcomments&post=223824"}],"version-history":[{"count":1,"href":"https:\/\/grundschule-homberg.de\/wp\/index.php?rest_route=\/wp\/v2\/posts\/223824\/revisions"}],"predecessor-version":[{"id":223826,"href":"https:\/\/grundschule-homberg.de\/wp\/index.php?rest_route=\/wp\/v2\/posts\/223824\/revisions\/223826"}],"wp:featuredmedia":[{"embeddable":true,"href":"https:\/\/grundschule-homberg.de\/wp\/index.php?rest_route=\/wp\/v2\/media\/223825"}],"wp:attachment":[{"href":"https:\/\/grundschule-homberg.de\/wp\/index.php?rest_route=%2Fwp%2Fv2%2Fmedia&parent=223824"}],"wp:term":[{"taxonomy":"category","embeddable":true,"href":"https:\/\/grundschule-homberg.de\/wp\/index.php?rest_route=%2Fwp%2Fv2%2Fcategories&post=223824"},{"taxonomy":"post_tag","embeddable":true,"href":"https:\/\/grundschule-homberg.de\/wp\/index.php?rest_route=%2Fwp%2Fv2%2Ftags&post=223824"}],"curies":[{"name":"wp","href":"https:\/\/api.w.org\/{rel}","templated":true}]}}